{"id":69243,"date":"2026-03-25T00:38:33","date_gmt":"2026-03-25T03:38:33","guid":{"rendered":"https:\/\/mussicom.com\/estado-abre-campanha-de-vacinacao-contra-a-gripe-neste-sabado\/"},"modified":"2026-03-25T00:38:33","modified_gmt":"2026-03-25T03:38:33","slug":"estado-abre-campanha-de-vacinacao-contra-a-gripe-neste-sabado","status":"publish","type":"post","link":"https:\/\/mussicom.com\/noticias\/estado-abre-campanha-de-vacinacao-contra-a-gripe-neste-sabado\/","title":{"rendered":"Estado abre campanha de vacina\u00e7\u00e3o contra a gripe neste s\u00e1bado"},"content":{"rendered":"<p> <br \/>\n<\/p>\n<div>\n<p>A campanha de vacina\u00e7\u00e3o contra a gripe 2026 come\u00e7a neste s\u00e1bado (28), com o Dia D nas Unidades B\u00e1sicas de Sa\u00fade (UBS) de todo o Estado de S\u00e3o Paulo para os grupos priorit\u00e1rios. Nesta primeira etapa, a dose estar\u00e1 dispon\u00edvel para idosos a partir de 60 anos, crian\u00e7as de 6 meses a menores de 6 anos e gestantes.<\/p>\n<p>A campanha vai at\u00e9 30 de maio e a meta \u00e9 vacinar ao menos 90% do p\u00fablico-alvo, estimado em 18,8 milh\u00f5es de pessoas. At\u00e9 agora, a Secretaria de Estado da Sa\u00fade de S\u00e3o Paulo recebeu cerca de 3 milh\u00f5es de doses, que est\u00e3o sendo distribu\u00eddas aos 645 munic\u00edpios paulistas.<\/p>\n<p>A imuniza\u00e7\u00e3o \u00e9 a principal forma de preven\u00e7\u00e3o contra a influenza e ajuda a reduzir casos graves, interna\u00e7\u00f5es e mortes, especialmente no per\u00edodo de maior circula\u00e7\u00e3o de v\u00edrus respirat\u00f3rios.<\/p>\n<p>Neste ano, at\u00e9 a \u00faltima sexta-feira (20), o Estado registrou 5.801 casos de s\u00edndrome respirat\u00f3ria aguda grave (SRAG) por influenza e 401 \u00f3bitos. Os dados s\u00e3o atualizados continuamente no painel da SES, no N\u00facleo de Informa\u00e7\u00f5es Estrat\u00e9gicas em Sa\u00fade.<\/p>\n<p><strong>Confira a lista completa dos grupos priorit\u00e1rios de vacina\u00e7\u00e3o:<\/strong><\/p>\n<p>Crian\u00e7as de 6 meses a menores de 6 anos de idade<br \/>Profissionais de sa\u00fade<br \/>Gestantes<br \/>Pu\u00e9rperas<br \/>Professores do ensino b\u00e1sico e superior<br \/>Povos ind\u00edgenas<br \/>Quilombolas<br \/>Trabalhadores da sa\u00fade<br \/>Idosos com 60 anos ou mais de idade<br \/>Pessoas em situa\u00e7\u00e3o de rua<br \/>Profissionais das for\u00e7as de seguran\u00e7a e salvamento<br \/>Profissionais das For\u00e7as Armadas;<br \/>Pessoas com doen\u00e7as cr\u00f4nicas n\u00e3o transmiss\u00edveis e outras condi\u00e7\u00f5es cl\u00ednicas especiais<br \/>Pessoas com defici\u00eancia permanente<br \/>Caminhoneiros<br \/>Trabalhadores de transporte coletivo rodovi\u00e1rio para passageiros urbanos e de longo curso<br \/>Trabalhadores dos correios<br \/>Trabalhadores portu\u00e1rios<br \/>Popula\u00e7\u00e3o privada de liberdade, funcion\u00e1rios do sistema prisional e jovens que cumprem medidas socioeducativas<\/p>\n<p><strong>D\u00daVIDAS<\/strong><\/p>\n<p>O Governo de S\u00e3o Paulo criou o portal \u201cVacina 100 D\u00favidas\u201d com as perguntas mais frequentes sobre vacina\u00e7\u00e3o nos buscadores da internet. A plataforma esclarece quest\u00f5es como efeitos colaterais, efic\u00e1cia das vacinas, doen\u00e7as imunopreven\u00edveis e quais os perigos ao n\u00e3o se imunizar. O acesso est\u00e1 dispon\u00edvel no link: www.vacina100duvidas.sp.gov.br<\/p>\n<\/div>\n<p><br \/>\n<br \/>Fonte: <a href=\"https:\/\/jornaldaorla.com.br\/noticias\/estado-abre-campanha-de-vacinacao-contra-a-gripe-neste-sabado\/\">Jornal Da Orla<\/a><\/p>\n","protected":false},"excerpt":{"rendered":"<p>A campanha de vacina\u00e7\u00e3o contra a gripe 2026 come\u00e7a neste s\u00e1bado (28), com o Dia D nas Unidades B\u00e1sicas de Sa\u00fade (UBS) de todo o Estado de S\u00e3o Paulo para os grupos priorit\u00e1rios. Nesta primeira etapa, a dose estar\u00e1 dispon\u00edvel para idosos a partir de 60 anos, crian\u00e7as de 6 meses a menores de 6 [&hellip;]<\/p>\n","protected":false},"author":5,"featured_media":54624,"comment_status":"open","ping_status":"open","sticky":false,"template":"","format":"standard","meta":{"_seopress_robots_primary_cat":"","_seopress_titles_title":"","_seopress_titles_desc":"","_seopress_robots_index":"","footnotes":""},"categories":[52],"tags":[],"class_list":["post-69243","post","type-post","status-publish","format-standard","has-post-thumbnail","hentry","category-santoseregiao"],"_links":{"self":[{"href":"https:\/\/mussicom.com\/noticias\/wp-json\/wp\/v2\/posts\/69243","targetHints":{"allow":["GET"]}}],"collection":[{"href":"https:\/\/mussicom.com\/noticias\/wp-json\/wp\/v2\/posts"}],"about":[{"href":"https:\/\/mussicom.com\/noticias\/wp-json\/wp\/v2\/types\/post"}],"author":[{"embeddable":true,"href":"https:\/\/mussicom.com\/noticias\/wp-json\/wp\/v2\/users\/5"}],"replies":[{"embeddable":true,"href":"https:\/\/mussicom.com\/noticias\/wp-json\/wp\/v2\/comments?post=69243"}],"version-history":[{"count":0,"href":"https:\/\/mussicom.com\/noticias\/wp-json\/wp\/v2\/posts\/69243\/revisions"}],"wp:featuredmedia":[{"embeddable":true,"href":"https:\/\/mussicom.com\/noticias\/wp-json\/wp\/v2\/media\/54624"}],"wp:attachment":[{"href":"https:\/\/mussicom.com\/noticias\/wp-json\/wp\/v2\/media?parent=69243"}],"wp:term":[{"taxonomy":"category","embeddable":true,"href":"https:\/\/mussicom.com\/noticias\/wp-json\/wp\/v2\/categories?post=69243"},{"taxonomy":"post_tag","embeddable":true,"href":"https:\/\/mussicom.com\/noticias\/wp-json\/wp\/v2\/tags?post=69243"}],"curies":[{"name":"wp","href":"https:\/\/api.w.org\/{rel}","templated":true}]}}