{"id":69189,"date":"2026-03-24T20:22:14","date_gmt":"2026-03-24T23:22:14","guid":{"rendered":"https:\/\/mussicom.com\/mayke-tem-incomodo-no-joelho-mas-santos-nao-relaciona-o-lateral-por-opcao-tecnica\/"},"modified":"2026-03-24T20:22:14","modified_gmt":"2026-03-24T23:22:14","slug":"mayke-tem-incomodo-no-joelho-mas-santos-nao-relaciona-o-lateral-por-opcao-tecnica","status":"publish","type":"post","link":"https:\/\/mussicom.com\/noticias\/mayke-tem-incomodo-no-joelho-mas-santos-nao-relaciona-o-lateral-por-opcao-tecnica\/","title":{"rendered":"Mayke tem inc\u00f4modo no joelho, mas Santos n\u00e3o relaciona o lateral por op\u00e7\u00e3o t\u00e9cnica"},"content":{"rendered":"<p> <br \/>\n<\/p>\n<div lang=\"pt-br\" tabindex=\"-1\" role=\"region\" aria-label=\"Video Player\">\n<p>Igor Vinicius tem sido o titular na lateral e a diretoria ainda tem visto boa atua\u00e7\u00e3o de JP Chermont, atualmente emprestado ao Coritiba. Existe uma cl\u00e1usula que permite o time santista pedir o retorno do Menino da Vila. Enquanto isso, Mayke est\u00e1 h\u00e1 tr\u00eas jogos sem ser relacionado. E n\u00e3o atua h\u00e1 um m\u00eas, quando pegou a vaga de Igor, que estava suspenso, e foi titular na goleada sobre o Velo Clube por 6 a 0, na Vila Belmiro, pelo Paulist\u00e3o, no dia 15 de fevereiro.<\/p>\n<p>Com contrato at\u00e9 o fim de 2027, o experiente tem apenas cinco jogos neste ano. Al\u00e9m do duelo contra o Velo, jogou contra o Red Bull Bragantino, Guarani e S\u00e3o Paulo no estadual. J\u00e1 no Brasileiro, teve apenas uma partida contra o S\u00e3o Paulo, na Vila. Contratado em julho do ano passado, somou doze confrontos no Brasileir\u00e3o de 2025.<\/p>\n<p><strong><em>Leia tamb\u00e9m: <\/em><\/strong><em>Santos promove Vinicius Marques para ser auxiliar do profissional e muda comando das categorias de base<\/em><\/p>\n<p>Dentro da diretoria, existe uma expectativa de poder negociar o atleta. Mas, do outro lado, ele tem um bom relacionamento com Alexandre Mattos, o executivo de futebol, por trabalhos anteriores no Palmeiras e contato pr\u00f3ximo com o staff do lateral. Em novembro, Mayke vai completar 34 anos.<\/p>\n<p>Natural de Carangola (Minas Gerais), ele iniciou na base do Sider\u00fargica e foi revelado de fato pelo Cruzeiro. O lateral ficou at\u00e9 2017 na Raposa quando foi emprestado ao Palmeiras. Depois, foi comprado em definitivo pela equipe palmeirense onde estava h\u00e1 oito anos.<\/p>\n<\/div>\n<p><br \/>\n<br \/>Fonte: <a href=\"https:\/\/www.diariodopeixe.com.br\/noticias\/mayke-tem-incomodo-no-joelho-mas-santos-nao-relaciona-o-lateral-por-opcao-tecnica\/\">Di\u00e1rio do Peixe<\/a><\/p>\n","protected":false},"excerpt":{"rendered":"<p>Igor Vinicius tem sido o titular na lateral e a diretoria ainda tem visto boa atua\u00e7\u00e3o de JP Chermont, atualmente emprestado ao Coritiba. Existe uma cl\u00e1usula que permite o time santista pedir o retorno do Menino da Vila. Enquanto isso, Mayke est\u00e1 h\u00e1 tr\u00eas jogos sem ser relacionado. E n\u00e3o atua h\u00e1 um m\u00eas, quando [&hellip;]<\/p>\n","protected":false},"author":5,"featured_media":69190,"comment_status":"open","ping_status":"open","sticky":false,"template":"","format":"standard","meta":{"_seopress_robots_primary_cat":"","_seopress_titles_title":"","_seopress_titles_desc":"","_seopress_robots_index":"","footnotes":""},"categories":[55],"tags":[],"class_list":["post-69189","post","type-post","status-publish","format-standard","has-post-thumbnail","hentry","category-santos-fc"],"_links":{"self":[{"href":"https:\/\/mussicom.com\/noticias\/wp-json\/wp\/v2\/posts\/69189","targetHints":{"allow":["GET"]}}],"collection":[{"href":"https:\/\/mussicom.com\/noticias\/wp-json\/wp\/v2\/posts"}],"about":[{"href":"https:\/\/mussicom.com\/noticias\/wp-json\/wp\/v2\/types\/post"}],"author":[{"embeddable":true,"href":"https:\/\/mussicom.com\/noticias\/wp-json\/wp\/v2\/users\/5"}],"replies":[{"embeddable":true,"href":"https:\/\/mussicom.com\/noticias\/wp-json\/wp\/v2\/comments?post=69189"}],"version-history":[{"count":0,"href":"https:\/\/mussicom.com\/noticias\/wp-json\/wp\/v2\/posts\/69189\/revisions"}],"wp:featuredmedia":[{"embeddable":true,"href":"https:\/\/mussicom.com\/noticias\/wp-json\/wp\/v2\/media\/69190"}],"wp:attachment":[{"href":"https:\/\/mussicom.com\/noticias\/wp-json\/wp\/v2\/media?parent=69189"}],"wp:term":[{"taxonomy":"category","embeddable":true,"href":"https:\/\/mussicom.com\/noticias\/wp-json\/wp\/v2\/categories?post=69189"},{"taxonomy":"post_tag","embeddable":true,"href":"https:\/\/mussicom.com\/noticias\/wp-json\/wp\/v2\/tags?post=69189"}],"curies":[{"name":"wp","href":"https:\/\/api.w.org\/{rel}","templated":true}]}}