{"id":69184,"date":"2026-03-24T19:35:27","date_gmt":"2026-03-24T22:35:27","guid":{"rendered":"https:\/\/mussicom.com\/sub-20-vence-olimpia-par-nos-penaltis-e-encerra-libertadores-na-terceira-posicao\/"},"modified":"2026-03-24T19:35:27","modified_gmt":"2026-03-24T22:35:27","slug":"sub-20-vence-olimpia-par-nos-penaltis-e-encerra-libertadores-na-terceira-posicao","status":"publish","type":"post","link":"https:\/\/mussicom.com\/noticias\/sub-20-vence-olimpia-par-nos-penaltis-e-encerra-libertadores-na-terceira-posicao\/","title":{"rendered":"Sub-20 vence Olimpia-PAR nos p\u00eanaltis e encerra Libertadores na terceira posi\u00e7ao"},"content":{"rendered":"<p> <br \/>\n<\/p>\n<div id=\"texto\">\n<p>Terceiro colocado, o Palmeiras disputou cinco partidas ao longo do torneio, com duas vit\u00f3rias, dois empates e uma derrota, somando nove gols marcados e quatro sofridos \u2013 o artilheiro do time na competi\u00e7\u00e3o foi Heittor, com dois tentos.<\/p>\n<p>\u00a0<\/p>\n<p>O duelo com o Olimpia marcou o adeus do t\u00e9cnico Lucas Andrade \u00e0 frente da equipe Sub-20. O treinador foi bicampe\u00e3o do Brasileiro consecutivo (2024 e 2025) e do Paulista (2023) pelo Palestra e passar\u00e1 a integrar a comiss\u00e3o da Sele\u00e7\u00e3o Brasileira Sub-20 e Ol\u00edmpica.<\/p>\n<p>\u00a0<\/p>\n<p>Ap\u00f3s a Libertadores Sub-20, o Palmeiras retorna ao Brasil para a disputa do Brasileiro da categoria. Na pr\u00f3xima rodada, o time alviverde ter\u00e1 pela frente o Botafogo, no dia 01 de abril (quarta-feira), \u00e0s 15h, no Est\u00e1dio Nilton Santos, no Rio de Janeiro-RJ.<\/p>\n<p>\u00a0<\/p>\n<p>Gols<\/p>\n<p>Aos 22 do segundo tempo, Luis Saboia cruzou rasteiro pela direita, re Victor Gabriel desviou de primeira para marcar. No minuto 36, Freyres fez para o advers\u00e1rio.<\/p>\n<p>Nos p\u00eanaltis, Victor Gabriel, Felipe Teresa, Juliano e Benedetti converteram suas cobran\u00e7as pelo Palmeiras, enquanto o advers\u00e1rio desperdi\u00e7ou duas batidas, garantindo o triunfo.<\/p>\n<p>Palmeiras Sub-20: Kauan Lima; Luis Saboia, Pimenta, Benedetti e Andr\u00e9 Lucas; Ruan Yago, Guilherme (Heitor Guerra), Felipe Teresa e Eduardo (Erick Bel\u00e9); Heittor (Juliano) e Victor Gabriel. T\u00e9cnico: Lucas Andrade.<\/p>\n<\/p><\/div>\n<p><script async defer crossorigin=\"anonymous\" src=\"https:\/\/connect.facebook.net\/pt_BR\/sdk.js#xfbml=1&#038;version=v12.0&#038;appId=&#038;autoLogAppEvents=1\" nonce=\"ou0fI1lo\"><\/script><br \/>\n<br \/><br \/>\n<br \/>Fonte: <a href=\"https:\/\/www.bs9.com.br\/esportes\/sub-20-vence-olimpia-par-nos-penaltis-e-encerra-libertadores-na\/38444\/\">BS9<\/a><\/p>\n","protected":false},"excerpt":{"rendered":"<p>Terceiro colocado, o Palmeiras disputou cinco partidas ao longo do torneio, com duas vit\u00f3rias, dois empates e uma derrota, somando nove gols marcados e quatro sofridos \u2013 o artilheiro do time na competi\u00e7\u00e3o foi Heittor, com dois tentos. \u00a0 O duelo com o Olimpia marcou o adeus do t\u00e9cnico Lucas Andrade \u00e0 frente da equipe [&hellip;]<\/p>\n","protected":false},"author":5,"featured_media":69185,"comment_status":"open","ping_status":"open","sticky":false,"template":"","format":"standard","meta":{"_seopress_robots_primary_cat":"","_seopress_titles_title":"","_seopress_titles_desc":"","_seopress_robots_index":"","footnotes":""},"categories":[52],"tags":[],"class_list":["post-69184","post","type-post","status-publish","format-standard","has-post-thumbnail","hentry","category-santoseregiao"],"_links":{"self":[{"href":"https:\/\/mussicom.com\/noticias\/wp-json\/wp\/v2\/posts\/69184","targetHints":{"allow":["GET"]}}],"collection":[{"href":"https:\/\/mussicom.com\/noticias\/wp-json\/wp\/v2\/posts"}],"about":[{"href":"https:\/\/mussicom.com\/noticias\/wp-json\/wp\/v2\/types\/post"}],"author":[{"embeddable":true,"href":"https:\/\/mussicom.com\/noticias\/wp-json\/wp\/v2\/users\/5"}],"replies":[{"embeddable":true,"href":"https:\/\/mussicom.com\/noticias\/wp-json\/wp\/v2\/comments?post=69184"}],"version-history":[{"count":0,"href":"https:\/\/mussicom.com\/noticias\/wp-json\/wp\/v2\/posts\/69184\/revisions"}],"wp:featuredmedia":[{"embeddable":true,"href":"https:\/\/mussicom.com\/noticias\/wp-json\/wp\/v2\/media\/69185"}],"wp:attachment":[{"href":"https:\/\/mussicom.com\/noticias\/wp-json\/wp\/v2\/media?parent=69184"}],"wp:term":[{"taxonomy":"category","embeddable":true,"href":"https:\/\/mussicom.com\/noticias\/wp-json\/wp\/v2\/categories?post=69184"},{"taxonomy":"post_tag","embeddable":true,"href":"https:\/\/mussicom.com\/noticias\/wp-json\/wp\/v2\/tags?post=69184"}],"curies":[{"name":"wp","href":"https:\/\/api.w.org\/{rel}","templated":true}]}}