{"id":69159,"date":"2026-03-24T17:29:14","date_gmt":"2026-03-24T20:29:14","guid":{"rendered":"https:\/\/mussicom.com\/por-que-o-brasil-para-quando-caminhoneiros-entram-em-greve\/"},"modified":"2026-03-24T17:29:14","modified_gmt":"2026-03-24T20:29:14","slug":"por-que-o-brasil-para-quando-caminhoneiros-entram-em-greve","status":"publish","type":"post","link":"https:\/\/mussicom.com\/noticias\/por-que-o-brasil-para-quando-caminhoneiros-entram-em-greve\/","title":{"rendered":"Por que o Brasil para quando caminhoneiros entram em greve"},"content":{"rendered":"<p> <br \/>\n<\/p>\n<div id=\"tp-post-content\">\n<p class=\"postParagraph_post-paragraph__juWZN postParagraph_post-paragraph-innerHtml__Q5vwc\">Embora mais reduzido desde a semana passada, o risco de uma greve nacional de caminhoneiros continua no radar enquanto a categoria mant\u00e9m negocia\u00e7\u00f5es com autoridades em Bras\u00edlia. Caminhoneiros aut\u00f4nomos de todo o pa\u00eds se reunir\u00e3o nesta quinta-feira (26) para definir se deflagram a paralisa\u00e7\u00e3o a n\u00edvel nacional ou n\u00e3o.<\/p>\n<p class=\"postParagraph_post-paragraph__juWZN postParagraph_post-paragraph-innerHtml__Q5vwc\">A corrida do governo federal para frear a mobiliza\u00e7\u00e3o dos trabalhadores, respons\u00e1veis por dois ter\u00e7os das cargas do pa\u00eds, voltou a expor a forte depend\u00eancia da economia brasileira do transporte rodovi\u00e1rio.<\/p>\n<p class=\"postParagraph_post-paragraph__juWZN postParagraph_post-paragraph-innerHtml__Q5vwc\">O quadro mostra a extrema vulnerabilidade do Brasil a choques no pre\u00e7o dos combust\u00edveis, que abastecem a frota de caminh\u00f5es que circulam pela malha de rodovias. Mais que isso: demonstra como o modelo log\u00edstico brasileiro se transformou em um gargalo que ret\u00e9m parte da rentabilidade do setor produtivo, al\u00e9m de ditar a resili\u00eancia do pa\u00eds em momentos de crise.<\/p>\n<p class=\"postParagraph_post-paragraph__juWZN postParagraph_post-paragraph-innerHtml__Q5vwc\">Levantamento conduzido pelo Instituto de Log\u00edstica e Supply Chain (Ilos) mostra que a depend\u00eancia cr\u00f4nica do asfalto imp\u00f5e um teto ao crescimento nacional. Em 2025, os custos log\u00edsticos no Brasil alcan\u00e7aram R$ 1,96 trilh\u00e3o, o equivalente a 15,5% do Produto Interno Bruto (PIB). Em 2014, essa despesa representava 10,4%.<\/p>\n<p class=\"postParagraph_post-paragraph__juWZN postParagraph_post-paragraph-innerHtml__Q5vwc\">A raz\u00e3o desse crescimento est\u00e1 no descompasso entre a demanda do setor produtivo e a oferta de infraestrutura. Nos \u00faltimos dez anos, o Brasil aumentou o volume de carga transportada em cerca de 25%, enquanto a malha vi\u00e1ria \u2013 conjunto de rodovias e estradas do pa\u00eds \u2013 permaneceu praticamente estagnada, ainda segundo o Ilos.<\/p>\n<p class=\"postParagraph_post-paragraph__juWZN postParagraph_post-paragraph-innerHtml__Q5vwc\">De acordo com o estudo, as rodovias responderam, no ano passado, por 63,4% das mercadorias transportadas dentro do Brasil. As ferrovias, por 18%, enquanto o modal aquavi\u00e1rio transportou 14,6%, e o dutovi\u00e1rio, que permite o deslocamento de g\u00e1s e petr\u00f3leo, por exemplo, 4,1%.<\/p>\n<p class=\"postParagraph_post-paragraph__juWZN postParagraph_post-paragraph-innerHtml__Q5vwc\">Em compara\u00e7\u00e3o, dados do Bureau of Transportation Statistics (BTS) dos Estados Unidos, mostram que a malha ferrovi\u00e1ria norte-americana absorve aproximadamente 43% do transporte de carga do pa\u00eds, deixando as rodovias com apenas 26%. Em pa\u00edses como a R\u00fassia, os trilhos chegam a suportar 81% do volume transportado, segundo o International Transport Forum (ITF).<\/p>\n<p class=\"postParagraph_post-paragraph__juWZN postParagraph_post-paragraph-innerHtml__Q5vwc\">O Brasil disp\u00f5e de aproximadamente 30 mil km de ferrovias, segundo a Ag\u00eancia Nacional de Transportes Terrestres (ANTT). J\u00e1 os Estados Unidos contam com 293 mil km de trilhos quando somadas vias secund\u00e1rias e p\u00e1tios, de acordo com relat\u00f3rios estat\u00edsticos da <em>Federal Railroad Administration<\/em> (FRA).<\/p>\n<div class=\"postViewMore_post-view-more-container___5wai\" data-mrf-recirculation=\"Post - Veja tamb\u00e9m\">\n<p class=\"gp-styles-module-size-small-afeYRa gp-styles-module-font-family2-afeYRa gp-styles-module-color-secondary-afeYRa gp-styles-module-weight-bold-afeYRa\">VEJA TAMB\u00c9M:<\/p>\n<ul class=\"postViewMore_post-view-more-list__CU_CE\">\n<li class=\"postViewMore_post-view-more-item__2MzRb\"><span class=\"postViewMore_post-view-more-link-icon___stPC\"><svg xmlns=\"http:\/\/www.w3.org\/2000\/svg\" width=\"16\" height=\"16\" viewbox=\"0 0 16 16\"><rect width=\"16\" height=\"16\" fill=\"none\"\/><g transform=\"translate(3 3)\"><path d=\"M22.5,15l3.4,3.4-3.4,3.4\" transform=\"translate(-15.896 -11.793)\" fill=\"none\" stroke=\"#717171\" stroke-linecap=\"round\" stroke-width=\"1.4\"\/><path d=\"M6,6v4.2a2.452,2.452,0,0,0,2.5,2.4H16\" transform=\"translate(-6 -6)\" fill=\"none\" stroke=\"#717171\" stroke-linecap=\"round\" stroke-width=\"1.4\"\/><\/g><\/svg><\/span><span class=\"postViewMore_post-view-more-link-text__hO_kM\">Fantasma de nova greve de caminhoneiros faz governo temer repeti\u00e7\u00e3o do caos de 2018<\/span><\/li>\n<\/ul>\n<\/div>\n<h2 class=\"postParagraph_post-paragraph__juWZN postParagraph_post-paragraph-innerHtml__Q5vwc postParagraph_type-tag-h2__TtFkT\">Al\u00e9m de risco de paralisa\u00e7\u00f5es, depend\u00eancia de rodovias tamb\u00e9m aumenta Custo Brasil<\/h2>\n<p class=\"postParagraph_post-paragraph__juWZN postParagraph_post-paragraph-innerHtml__Q5vwc\">No Brasil, al\u00e9m da baixa capacidade dos demais modais para absorver o aumento da demanda com o crescimento da economia, os custos do transporte rodovi\u00e1rio crescem por causa da defici\u00eancia estrutural.<\/p>\n<p class=\"postParagraph_post-paragraph__juWZN postParagraph_post-paragraph-innerHtml__Q5vwc\">A edi\u00e7\u00e3o de 2025 da Pesquisa de Rodovias da Confedera\u00e7\u00e3o Nacional do Transporte (CNT) mostrou que apenas 12,6% de toda a malha rodovi\u00e1ria nacional \u00e9 pavimentada e que, dessa fatia, 62,1% tem estado classificado como regular, ruim ou p\u00e9ssimo, o que afeta diretamente o custo operacional do transporte.<\/p>\n<p class=\"postParagraph_post-paragraph__juWZN postParagraph_post-paragraph-innerHtml__Q5vwc\">\u201cOs dados mostram que ainda h\u00e1 um longo caminho a percorrer e que a amplia\u00e7\u00e3o dos aportes destinados ao setor \u00e9 fundamental para que o pa\u00eds alcance o padr\u00e3o de infraestrutura que sua economia e sua popula\u00e7\u00e3o requerem\u201d, disse Vander Costa, presidente da CNT.<\/p>\n<p class=\"postParagraph_post-paragraph__juWZN postParagraph_post-paragraph-innerHtml__Q5vwc\">Ao longo dos anos, a combina\u00e7\u00e3o dessa depend\u00eancia cr\u00f4nica de rodovias com altos custos de estocagem levou setores inteiros a adotar, de forma intensiva, o sistema <em>just in time<\/em>, no qual compra de insumos, produ\u00e7\u00e3o e entrega s\u00e3o feitos em quantidade calculada para a demanda, reduzindo estoques e custos decorrentes.<\/p>\n<p class=\"postParagraph_post-paragraph__juWZN postParagraph_post-paragraph-innerHtml__Q5vwc\">O modelo alivia o fluxo de caixa e a necessidade de cr\u00e9dito, mas tamb\u00e9m elimina margens de seguran\u00e7a do sistema. \u00c9 essa arquitetura fr\u00e1gil que explica por que a possibilidade de uma greve de caminhoneiros, por mais distante que pare\u00e7a, gera desespero no mercado e no governo.<\/p>\n<p class=\"postParagraph_post-paragraph__juWZN postParagraph_post-paragraph-innerHtml__Q5vwc\">A greve dos caminhoneiros de maio de 2018, que durou dez dias, mostrou o resultado de uma quebra na cadeia log\u00edstica ao desorganizar a economia do pa\u00eds de forma persistente. Naquele m\u00eas, a produ\u00e7\u00e3o industrial brasileira registrou uma queda recorde de 10,9% em compara\u00e7\u00e3o com o m\u00eas anterior, a pior taxa desde a crise financeira global de 2008.<\/p>\n<p class=\"postParagraph_post-paragraph__juWZN postParagraph_post-paragraph-innerHtml__Q5vwc\">Os efeitos mais imediatos foram o desabastecimento de combust\u00edveis, a falta de produtos nos supermercados, a interrup\u00e7\u00e3o de linhas de produ\u00e7\u00e3o e a suspens\u00e3o de voos comerciais. As consequ\u00eancias mais duradouras foram uma infla\u00e7\u00e3o oficial cinco vezes superior \u00e0 que se projetava para o m\u00eas, e um Produto Interno Bruto (PIB) 1 ponto porcentual abaixo do que se estimava para o ano.<\/p>\n<p class=\"postParagraph_post-paragraph__juWZN postParagraph_post-paragraph-innerHtml__Q5vwc\">O Minist\u00e9rio da Fazenda calculou, na \u00e9poca, que o preju\u00edzo direto para a atividade econ\u00f4mica do pa\u00eds foi de R$ 15,9 bilh\u00f5es.<\/p>\n<div class=\"postViewMore_post-view-more-container___5wai\" data-mrf-recirculation=\"Post - Veja tamb\u00e9m\">\n<p class=\"gp-styles-module-size-small-afeYRa gp-styles-module-font-family2-afeYRa gp-styles-module-color-secondary-afeYRa gp-styles-module-weight-bold-afeYRa\">VEJA TAMB\u00c9M:<\/p>\n<ul class=\"postViewMore_post-view-more-list__CU_CE\">\n<li class=\"postViewMore_post-view-more-item__2MzRb\"><span class=\"postViewMore_post-view-more-link-icon___stPC\"><svg xmlns=\"http:\/\/www.w3.org\/2000\/svg\" width=\"16\" height=\"16\" viewbox=\"0 0 16 16\"><rect width=\"16\" height=\"16\" fill=\"none\"\/><g transform=\"translate(3 3)\"><path d=\"M22.5,15l3.4,3.4-3.4,3.4\" transform=\"translate(-15.896 -11.793)\" fill=\"none\" stroke=\"#717171\" stroke-linecap=\"round\" stroke-width=\"1.4\"\/><path d=\"M6,6v4.2a2.452,2.452,0,0,0,2.5,2.4H16\" transform=\"translate(-6 -6)\" fill=\"none\" stroke=\"#717171\" stroke-linecap=\"round\" stroke-width=\"1.4\"\/><\/g><\/svg><\/span><span class=\"postViewMore_post-view-more-link-text__hO_kM\">Agro perde R$ 6,4 bilh\u00f5es por ano devido \u00e0 m\u00e1 qualidade das estradas rurais<\/span><\/li>\n<\/ul>\n<\/div>\n<h2 class=\"postParagraph_post-paragraph__juWZN postParagraph_post-paragraph-innerHtml__Q5vwc postParagraph_type-tag-h2__TtFkT\">Brasil patina na tentativa de ampliar transporte ferrovi\u00e1rio e cabotagem<\/h2>\n<p class=\"postParagraph_post-paragraph__juWZN postParagraph_post-paragraph-innerHtml__Q5vwc\">Uma tentativa de mudan\u00e7a estrutural teve in\u00edcio com o novo Marco Legal das Ferrovias, criado no governo de Jair Bolsonaro (PL). A legisla\u00e7\u00e3o introduziu o regime de autoriza\u00e7\u00f5es, reduzindo a burocracia para atrair a iniciativa privada a projetos do setor, com o objetivo de elevar a participa\u00e7\u00e3o ferrovi\u00e1ria na matriz de transportes para 35% nos pr\u00f3ximos anos.<\/p>\n<p class=\"postParagraph_post-paragraph__juWZN postParagraph_post-paragraph-innerHtml__Q5vwc\">Outra iniciativa do governo passado foi a cria\u00e7\u00e3o da BR do Mar, programa de est\u00edmulo \u00e0 cabotagem (transporte interno entre portos brasileiros). Um levantamento feito pelo Minist\u00e9rio dos Transportes no ano passado, entretanto, mostrou que empresas ainda enfrentam altos custos portu\u00e1rios, tarifas e tributos que reduzem a competitividade do modal em compara\u00e7\u00e3o com o transporte rodovi\u00e1rio.<\/p>\n<p class=\"postParagraph_post-paragraph__juWZN postParagraph_post-paragraph-innerHtml__Q5vwc\">Na gest\u00e3o atual, o governo tem tentado acelerar investimentos em ferrovias por meio de parcerias e do Novo PAC, com projetos em andamento em diferentes regi\u00f5es do pa\u00eds.<\/p>\n<p class=\"postParagraph_post-paragraph__juWZN postParagraph_post-paragraph-innerHtml__Q5vwc\">No entanto, a mudan\u00e7a na matriz de transportes esbarra em entraves burocr\u00e1ticos, jur\u00eddicos e ambientais que dificultam o avan\u00e7o das obras. O principal exemplo \u00e9 a Ferrogr\u00e3o, ferrovia planejada para ligar o centro produtor de Mato Grosso aos portos do Arco Norte, que segue paralisada e enfrenta questionamentos de \u00f3rg\u00e3os de controle e disputas judiciais.<\/p>\n<p class=\"postParagraph_post-paragraph__juWZN postParagraph_post-paragraph-innerHtml__Q5vwc\">\u201cO governo est\u00e1 trabalhando duramente para que o STF decida acerca da execu\u00e7\u00e3o dessa obra. \u00c9 uma obra de interesse nacional, do Novo PAC, que o presidente Lula deseja fazer. Assim que o STF decidir, n\u00f3s estamos com o projeto pronto para a gente avan\u00e7ar com ela\u201d, disse o ministro dos Transportes, Renan Filho, nesta ter\u00e7a-feira (24).<\/p>\n<p class=\"postParagraph_post-paragraph__juWZN postParagraph_post-paragraph-innerHtml__Q5vwc\">No \u00faltimo dia 12, no entanto, o Ibama afirmou \u00e0 Infra S.A. que o processo de licenciamento ambiental do empreendimento s\u00f3 ser\u00e1 retomado ap\u00f3s a realiza\u00e7\u00e3o de novos estudos demogr\u00e1ficos e clim\u00e1ticos, o que poderia levar anos para ser conclu\u00eddo.<\/p>\n<\/div>\n<p><br \/>\n<br \/>Fonte: <a href=\"https:\/\/www.gazetadopovo.com.br\/economia\/greve-caminhoneiros-por-que-brasil-para\/\">Gazeta do Povo<\/a><\/p>\n","protected":false},"excerpt":{"rendered":"<p>Embora mais reduzido desde a semana passada, o risco de uma greve nacional de caminhoneiros continua no radar enquanto a categoria mant\u00e9m negocia\u00e7\u00f5es com autoridades em Bras\u00edlia. Caminhoneiros aut\u00f4nomos de todo o pa\u00eds se reunir\u00e3o nesta quinta-feira (26) para definir se deflagram a paralisa\u00e7\u00e3o a n\u00edvel nacional ou n\u00e3o. A corrida do governo federal para [&hellip;]<\/p>\n","protected":false},"author":5,"featured_media":69160,"comment_status":"open","ping_status":"open","sticky":false,"template":"","format":"standard","meta":{"_seopress_robots_primary_cat":"","_seopress_titles_title":"","_seopress_titles_desc":"","_seopress_robots_index":"","footnotes":""},"categories":[45],"tags":[],"class_list":["post-69159","post","type-post","status-publish","format-standard","has-post-thumbnail","hentry","category-economia"],"_links":{"self":[{"href":"https:\/\/mussicom.com\/noticias\/wp-json\/wp\/v2\/posts\/69159","targetHints":{"allow":["GET"]}}],"collection":[{"href":"https:\/\/mussicom.com\/noticias\/wp-json\/wp\/v2\/posts"}],"about":[{"href":"https:\/\/mussicom.com\/noticias\/wp-json\/wp\/v2\/types\/post"}],"author":[{"embeddable":true,"href":"https:\/\/mussicom.com\/noticias\/wp-json\/wp\/v2\/users\/5"}],"replies":[{"embeddable":true,"href":"https:\/\/mussicom.com\/noticias\/wp-json\/wp\/v2\/comments?post=69159"}],"version-history":[{"count":0,"href":"https:\/\/mussicom.com\/noticias\/wp-json\/wp\/v2\/posts\/69159\/revisions"}],"wp:featuredmedia":[{"embeddable":true,"href":"https:\/\/mussicom.com\/noticias\/wp-json\/wp\/v2\/media\/69160"}],"wp:attachment":[{"href":"https:\/\/mussicom.com\/noticias\/wp-json\/wp\/v2\/media?parent=69159"}],"wp:term":[{"taxonomy":"category","embeddable":true,"href":"https:\/\/mussicom.com\/noticias\/wp-json\/wp\/v2\/categories?post=69159"},{"taxonomy":"post_tag","embeddable":true,"href":"https:\/\/mussicom.com\/noticias\/wp-json\/wp\/v2\/tags?post=69159"}],"curies":[{"name":"wp","href":"https:\/\/api.w.org\/{rel}","templated":true}]}}