{"id":69153,"date":"2026-03-24T16:38:23","date_gmt":"2026-03-24T19:38:23","guid":{"rendered":"https:\/\/mussicom.com\/reacao-no-stf-decisao-de-mendonca-expoe-fratura-na-corte\/"},"modified":"2026-03-24T16:38:23","modified_gmt":"2026-03-24T19:38:23","slug":"reacao-no-stf-decisao-de-mendonca-expoe-fratura-na-corte","status":"publish","type":"post","link":"https:\/\/mussicom.com\/noticias\/reacao-no-stf-decisao-de-mendonca-expoe-fratura-na-corte\/","title":{"rendered":"Rea\u00e7\u00e3o no STF? Decis\u00e3o de Mendon\u00e7a exp\u00f5e &#8220;fratura&#8221; na Corte"},"content":{"rendered":"<p> <br \/>\n<\/p>\n<div id=\"tp-post-content\">\n<p class=\"postParagraph_post-paragraph__juWZN postParagraph_post-paragraph-innerHtml__Q5vwc\">No programa \u00daltima An\u00e1lise desta segunda-feira (23), os convidados falaram a respeito da decis\u00e3o de ontem (23) do ministro do Supremo Tribunal Federal (STF), Andr\u00e9 Mendon\u00e7a, que determinou a prorroga\u00e7\u00e3o das atividades da CPMI do INSS. O magistrado reconheceu a decis\u00e3o do presidente do Congresso Nacional, Davi Alcolumbre (Uni\u00e3o-AP) e afirmou que a Casa n\u00e3o pode obstruir o direito da minoria legislativa de prosseguir com investiga\u00e7\u00f5es.<\/p>\n<p class=\"postParagraph_post-paragraph__juWZN postParagraph_post-paragraph-innerHtml__Q5vwc\">&#8220;Ele teve bom senso. E agora come\u00e7amos a ver uma fratura na unidade do STF. Mendon\u00e7a seguiu uma jurisprud\u00eancia que, inclusive, foi usada para perseguir o governo de Jair Bolsonaro. Mas agora usou esta arma para o lado oposto&#8221;, diz o escritor Francisco Escorsim.\u00a0<\/p>\n<p class=\"postParagraph_post-paragraph__juWZN postParagraph_post-paragraph-innerHtml__Q5vwc\">Pouco depois, o presidente da CPMI, senador Carlos Viana (Podemos-MG), comemorou a decis\u00e3o. Ele afirmou que havia uma tentativa, por parte do governo, de blindar alguns dos investigados, entre eles o filho do presidente Luiz In\u00e1cio Lula da Silva (PT), F\u00e1bio Lu\u00eds Lula da Silva, o&#8221;Lulinha&#8221;.<\/p>\n<p class=\"postParagraph_post-paragraph__juWZN postParagraph_post-paragraph-innerHtml__Q5vwc\">&#8220;Mendon\u00e7a desbloqueou o que deveria ter andado sozinho. Basicamente estamos comemorando que o ministro mandou o Congresso fazer o pr\u00f3prio trabalho&#8221;, afirma o editor de Ideias da <strong>Gazeta do Povo<\/strong>, Omar Godoy.<\/p>\n<h2 class=\"postParagraph_post-paragraph__juWZN postParagraph_post-paragraph-innerHtml__Q5vwc postParagraph_type-tag-h2__TtFkT\">As novas revela\u00e7\u00f5es sobre &#8220;Lulinha&#8221;<\/h2>\n<p class=\"postParagraph_post-paragraph__juWZN postParagraph_post-paragraph-innerHtml__Q5vwc\">De acordo com informa\u00e7\u00f5es do portal <em>Metr\u00f3poles<\/em>, uma viagem de Lulinha, para Noruega e Finl\u00e2ndia em janeiro de 2025, teve todas as despesas pagas pela lobista Roberta Luchsinger. Os destinos luxuosos custaram cerca de R$ 300 mil para cada fam\u00edlia.<\/p>\n<p class=\"postParagraph_post-paragraph__juWZN postParagraph_post-paragraph-innerHtml__Q5vwc\">A advogada Fabiana Barroso afirma que o caso exp\u00f5e as &#8220;entranhas&#8221; da Rep\u00fablica. &#8220;\u00c9 um folhetim do Brasil e d\u00e1 pra ver que a privacidade n\u00e3o \u00e9 o forte da fam\u00edlia. \u00c9 um esc\u00e2ndalo que, tenho certeza, quanto mais a CPMI do INSS investigar, mais vai ficar aberto. Outros destinos de Lulinha v\u00e3o aparecer&#8221;, ela diz.<\/p>\n<h2 class=\"postParagraph_post-paragraph__juWZN postParagraph_post-paragraph-innerHtml__Q5vwc postParagraph_type-tag-h2__TtFkT\">O &#8220;prisioneiro secreto&#8221; de Moraes<\/h2>\n<p class=\"postParagraph_post-paragraph__juWZN postParagraph_post-paragraph-innerHtml__Q5vwc\">Washington Travassos de Azevedo \u00e9 o nome do contador acusado de vazar dados fiscais da esposa do ministro Alexandre de Moraes, a advogada Viviane Barci de Moraes. O caso foi mantido em sigilo pelo magistrado, impedindo que a defesa tenha acesso sequer \u00e0 decis\u00e3o que embasou a pris\u00e3o preventiva.<\/p>\n<p class=\"postParagraph_post-paragraph__juWZN postParagraph_post-paragraph-innerHtml__Q5vwc\">&#8220;N\u00e3o existe democracia sem o exerc\u00edcio livre da advocacia. O caso \u00e9 grave e, infelizmente, a OAB &#8216;dorme em ber\u00e7o espl\u00eandido&#8217;. Como n\u00f3s temos um preso, sem que ningu\u00e9m saiba o motivo? \u00c9 como se Washington tivesse cometido um crime t\u00e3o grave que se tornou segredo de Estado&#8221;, critica Barroso.<\/p>\n<p class=\"postParagraph_post-paragraph__juWZN postParagraph_post-paragraph-innerHtml__Q5vwc\">O programa \u00daltima An\u00e1lise faz parte do conte\u00fado jornal\u00edstico ao vivo da Gazeta do Povo, no YouTube. O hor\u00e1rio de exibi\u00e7\u00e3o \u00e9 das 19h \u00e0s 20h30, de segunda a sexta-feira. A proposta \u00e9 discutir de forma racional, aprofundada e respeitosa alguns dos temas desafiadores para os rumos do pa\u00eds.<\/p>\n<div class=\"postVideo_post-video-container__gWYCb\">\n<p><iframe title=\"Andr\u00e9 Mendon\u00e7a manda Alcolumbre se mexer e prorrogar prazo da CPMI do INSS | \u00daLTIMA AN\u00c1LISE\" width=\"800\" height=\"450\" src=\"https:\/\/www.youtube.com\/embed\/JoKwhoTpfws?feature=oembed\" frameborder=\"0\" allow=\"accelerometer; autoplay; clipboard-write; encrypted-media; gyroscope; picture-in-picture; web-share\" referrerpolicy=\"strict-origin-when-cross-origin\" allowfullscreen><\/iframe><\/p>\n<\/div>\n<\/div>\n<p><br \/>\n<br \/>Fonte: <a href=\"https:\/\/www.gazetadopovo.com.br\/republica\/reacao-no-stf-decisao-de-mendonca-expoe-fratura-na-corte\/\">Revista Oeste<\/a><\/p>\n","protected":false},"excerpt":{"rendered":"<p>No programa \u00daltima An\u00e1lise desta segunda-feira (23), os convidados falaram a respeito da decis\u00e3o de ontem (23) do ministro do Supremo Tribunal Federal (STF), Andr\u00e9 Mendon\u00e7a, que determinou a prorroga\u00e7\u00e3o das atividades da CPMI do INSS. O magistrado reconheceu a decis\u00e3o do presidente do Congresso Nacional, Davi Alcolumbre (Uni\u00e3o-AP) e afirmou que a Casa n\u00e3o [&hellip;]<\/p>\n","protected":false},"author":5,"featured_media":69154,"comment_status":"open","ping_status":"open","sticky":false,"template":"","format":"standard","meta":{"_seopress_robots_primary_cat":"","_seopress_titles_title":"","_seopress_titles_desc":"","_seopress_robots_index":"","footnotes":""},"categories":[1],"tags":[],"class_list":["post-69153","post","type-post","status-publish","format-standard","has-post-thumbnail","hentry","category-ultimas-noticias"],"_links":{"self":[{"href":"https:\/\/mussicom.com\/noticias\/wp-json\/wp\/v2\/posts\/69153","targetHints":{"allow":["GET"]}}],"collection":[{"href":"https:\/\/mussicom.com\/noticias\/wp-json\/wp\/v2\/posts"}],"about":[{"href":"https:\/\/mussicom.com\/noticias\/wp-json\/wp\/v2\/types\/post"}],"author":[{"embeddable":true,"href":"https:\/\/mussicom.com\/noticias\/wp-json\/wp\/v2\/users\/5"}],"replies":[{"embeddable":true,"href":"https:\/\/mussicom.com\/noticias\/wp-json\/wp\/v2\/comments?post=69153"}],"version-history":[{"count":0,"href":"https:\/\/mussicom.com\/noticias\/wp-json\/wp\/v2\/posts\/69153\/revisions"}],"wp:featuredmedia":[{"embeddable":true,"href":"https:\/\/mussicom.com\/noticias\/wp-json\/wp\/v2\/media\/69154"}],"wp:attachment":[{"href":"https:\/\/mussicom.com\/noticias\/wp-json\/wp\/v2\/media?parent=69153"}],"wp:term":[{"taxonomy":"category","embeddable":true,"href":"https:\/\/mussicom.com\/noticias\/wp-json\/wp\/v2\/categories?post=69153"},{"taxonomy":"post_tag","embeddable":true,"href":"https:\/\/mussicom.com\/noticias\/wp-json\/wp\/v2\/tags?post=69153"}],"curies":[{"name":"wp","href":"https:\/\/api.w.org\/{rel}","templated":true}]}}