{"id":69093,"date":"2026-03-24T11:30:17","date_gmt":"2026-03-24T14:30:17","guid":{"rendered":"https:\/\/mussicom.com\/pesquisadora-da-embrapa-integra-iniciativa-global-de-diretrizes-alimentares\/"},"modified":"2026-03-24T11:30:17","modified_gmt":"2026-03-24T14:30:17","slug":"pesquisadora-da-embrapa-integra-iniciativa-global-de-diretrizes-alimentares","status":"publish","type":"post","link":"https:\/\/mussicom.com\/noticias\/pesquisadora-da-embrapa-integra-iniciativa-global-de-diretrizes-alimentares\/","title":{"rendered":"Pesquisadora da Embrapa integra iniciativa global de diretrizes alimentares"},"content":{"rendered":"<p> <br \/>\n<\/p>\n<div>\n<div class=\"row\">\n<div class=\"col-lg col-infos mt-0 mt-lg-0\">\n<div class=\"section-sub-title\">\n<p itemprop=\"description\">&#13;<br \/>\n                                Pesquisadora passou a integrar o Action Team on Food-Based Dietary Guidelines&#13;\n                            <\/p>\n<\/p><\/div>\n<div class=\"container\">\n<div class=\"row\">\n<div class=\"col-lg p-0\">\n<div>\n<div class=\"block-news-main-infos mt-3 text-start\">\n<p>                                            <strong class=\"fn\" itemprop=\"author\" style=\"color: rgb(112, 112, 112); \">&#13;<br \/>\n                                                Embrapa&#13;<br \/>\n&#13;<br \/>\n&#13;<br \/>\n                                            <\/strong><br \/>\n                                        <\/p>\n<p>                                            <abbr><time datetime=\"2026 - 03 - 24T10:50\" itemprop=\"datePublished dateModified\"> Publicado em 24\/03\/2026 \u00e0s 10:50h.<\/time><\/abbr>\n                                    <\/div>\n<\/p><\/div>\n<\/p><\/div>\n<div class=\"col-lg p-0 text-lg-end\">\n<div>\n<div id=\"mdEnviarPagina\" class=\"modal fade\" role=\"dialog\">\n<div class=\"modal-dialog\">\n<div class=\"modal-content\">\n<div class=\"modal-body\">\n<p><strong>Estimado usu\u00e1rio.<\/strong><br \/>Preencha o formul\u00e1rio abaixo para remeter a p\u00e1gina.<\/p>\n<\/p><\/div>\n<\/p><\/div>\n<\/p><\/div>\n<\/div><\/div>\n<\/p><\/div>\n<\/p><\/div>\n<\/p><\/div>\n<\/p><\/div>\n<\/p><\/div>\n<div class=\"row justify-content-md-center mt-3\">\n<div class=\"col-lg-auto col-image block-news-main-image\">\n<p>                                <br \/>\n                                                <span class=\"publicity-photo d-block mt-1\">Foto: Divulga\u00e7\u00e3o <\/span><\/p><\/div>\n<\/p><\/div>\n<div class=\"section-description section-description-noticias mt-3\">\n<p style=\"text-align:justify\">A pesquisadora da Embrapa Gado de Leite Kennya Beatriz Siqueira passou a integrar o Action Team on Food-Based Dietary Guidelines (AT-FBDG), organizado pela Federa\u00e7\u00e3o Internacional de Latic\u00ednios (FIL\/IDF).<\/p>\n<p style=\"text-align:justify\">O AT-FBDG \u00e9 uma iniciativa global estrat\u00e9gica voltada para discutir a maneira como os pa\u00edses elaboram suas diretrizes alimentares. O grupo re\u00fane especialistas para discutir, analisar e comparar diretrizes alimentares de diferentes pa\u00edses, incluindo aspectos relacionados \u00e0s recomenda\u00e7\u00f5es para l\u00e1cteos e \u00e0 constru\u00e7\u00e3o de bases de dados globais sobre o tema. O grupo se re\u00fane duas vezes ao ano ou conforme a necessidade de discuss\u00e3o de t\u00f3picos espec\u00edficos. Inicialmente, cada membro fica respons\u00e1vel por revisar as informa\u00e7\u00f5es do seu pa\u00eds, bem como auxiliar nas an\u00e1lises comparativas.&#13;\n<\/p>\n<p style=\"text-align:justify\">O convite para integrar o action team surgiu ap\u00f3s a participa\u00e7\u00e3o de Kennya no World Dairy Summit, realizado pela FIL\/IDF em outubro do ano passado. Durante uma reuni\u00e3o sobre \u201cNutri\u00e7\u00e3o e Sa\u00fade&#8221;, a pesquisadora identificou um alinhamento entre os projetos da federa\u00e7\u00e3o e os estudos j\u00e1 conduzidos na Embrapa, uma vez que ambas as iniciativas buscavam mapear o consumo e as diretrizes de l\u00e1cteos dos pa\u00edses. Ao apresentar seus dados \u00e0 secretaria da institui\u00e7\u00e3o, a metodologia da Embrapa mostrou-se em um est\u00e1gio avan\u00e7ado de maturidade. Ap\u00f3s alguns meses, a pesquisadora recebeu o convite formal para que contribu\u00edsse diretamente com a iniciativa internacional.<\/p>\n<p style=\"text-align:justify\">Kennya explica que compor esse Action Team traz grandes oportunidades. \u201cIntegrar esse grupo \u00e9 estar no \u00f3rg\u00e3o m\u00e1ximo do setor, onde as diretrizes globais s\u00e3o definidas. Al\u00e9m do networking, essa participa\u00e7\u00e3o permite levar a realidade e o posicionamento brasileiro para o centro do debate global. \u00c9 uma oportunidade de contribuir diretamente com os estudos e diretrizes internacionais, garantindo o posicionamento e representatividade do Brasil e da Embrapa nas discuss\u00f5es.\u201d&#13;\n<\/p>\n<p style=\"text-align:justify\">Conhe\u00e7a o trabalho de Kennya Siqueira na Embrapa Com gradua\u00e7\u00e3o em Engenharia de Alimentos e mestrado e doutorado em Economia Aplicada pela Universidade Federal de Vi\u00e7osa (incluindo um per\u00edodo de doutorado sandu\u00edche na University of Florida), Kennya come\u00e7ou a atuar na Embrapa em 2009 e construiu sua carreira com foco no estudo do mercado consumidor de l\u00e1cteos. Sua produ\u00e7\u00e3o cient\u00edfica \u00e9 vasta, com diversos artigos publicados que analisam os h\u00e1bitos e comportamentos do consumidor brasileiro. Ela \u00e9 autora do livro &#8220;Na era do consumidor: uma vis\u00e3o do mercado l\u00e1cteo brasileiro&#8221;, um compilado de artigos de m\u00eddia que virou refer\u00eancia no pa\u00eds. Seu trabalho desenvolvido na Embrapa a levou a palestrar nos principais eventos mundiais da \u00e1rea, como o World Dairy Summit, o Dairy Vision e, mais recentemente, no First Latin American Congress for Dairy Nutrition. Atualmente, ela representa a Embrapa Gado de Leite no Global Dairy Platform (GDP) e na International Milk Promotion (IMP).<\/p>\n<\/p><\/div>\n<\/p><\/div>\n<p><script data-cfasync=\"false\">\n    !function (f, b, e, v, n, t, s) {\n        if (f.fbq) return; n = f.fbq = function () {\n            n.callMethod ?\n                n.callMethod.apply(n, arguments) : n.queue.push(arguments)\n        };\n        if (!f._fbq) f._fbq = n; n.push = n; n.loaded = !0; n.version = '2.0';\n        n.queue = []; t = b.createElement(e); t.async = !0;\n        t.src = v; s = b.getElementsByTagName(e)[0];\n        s.parentNode.insertBefore(t, s)\n    }(window, document, 'script',\n        'https:\/\/connect.facebook.net\/en_US\/fbevents.js');\n    fbq('init', '522546078623747');\n    fbq('track', 'PageView');\n<\/script><br \/>\n<br \/><br \/>\n<br \/>Fonte: <a href=\"https:\/\/www.agrolink.com.br\/noticias\/pesquisadora-da-embrapa-integra-iniciativa-global-de-diretrizes-alimentares_512363.html\">AGROLINK<\/a><\/p>\n","protected":false},"excerpt":{"rendered":"<p>&#13; Pesquisadora passou a integrar o Action Team on Food-Based Dietary Guidelines&#13; &#13; Embrapa&#13; &#13; &#13; Publicado em 24\/03\/2026 \u00e0s 10:50h. Estimado usu\u00e1rio.Preencha o formul\u00e1rio abaixo para remeter a p\u00e1gina. Foto: Divulga\u00e7\u00e3o A pesquisadora da Embrapa Gado de Leite Kennya Beatriz Siqueira passou a integrar o Action Team on Food-Based Dietary Guidelines (AT-FBDG), organizado pela [&hellip;]<\/p>\n","protected":false},"author":5,"featured_media":69094,"comment_status":"open","ping_status":"open","sticky":false,"template":"","format":"standard","meta":{"_seopress_robots_primary_cat":"","_seopress_titles_title":"","_seopress_titles_desc":"","_seopress_robots_index":"","footnotes":""},"categories":[53],"tags":[],"class_list":["post-69093","post","type-post","status-publish","format-standard","has-post-thumbnail","hentry","category-agronegocio"],"_links":{"self":[{"href":"https:\/\/mussicom.com\/noticias\/wp-json\/wp\/v2\/posts\/69093","targetHints":{"allow":["GET"]}}],"collection":[{"href":"https:\/\/mussicom.com\/noticias\/wp-json\/wp\/v2\/posts"}],"about":[{"href":"https:\/\/mussicom.com\/noticias\/wp-json\/wp\/v2\/types\/post"}],"author":[{"embeddable":true,"href":"https:\/\/mussicom.com\/noticias\/wp-json\/wp\/v2\/users\/5"}],"replies":[{"embeddable":true,"href":"https:\/\/mussicom.com\/noticias\/wp-json\/wp\/v2\/comments?post=69093"}],"version-history":[{"count":0,"href":"https:\/\/mussicom.com\/noticias\/wp-json\/wp\/v2\/posts\/69093\/revisions"}],"wp:featuredmedia":[{"embeddable":true,"href":"https:\/\/mussicom.com\/noticias\/wp-json\/wp\/v2\/media\/69094"}],"wp:attachment":[{"href":"https:\/\/mussicom.com\/noticias\/wp-json\/wp\/v2\/media?parent=69093"}],"wp:term":[{"taxonomy":"category","embeddable":true,"href":"https:\/\/mussicom.com\/noticias\/wp-json\/wp\/v2\/categories?post=69093"},{"taxonomy":"post_tag","embeddable":true,"href":"https:\/\/mussicom.com\/noticias\/wp-json\/wp\/v2\/tags?post=69093"}],"curies":[{"name":"wp","href":"https:\/\/api.w.org\/{rel}","templated":true}]}}