{"id":69082,"date":"2026-03-24T11:17:17","date_gmt":"2026-03-24T14:17:17","guid":{"rendered":"https:\/\/mussicom.com\/oms-recomenda-testes-de-diagnostico-rapido-para-erradicar-tuberculose\/"},"modified":"2026-03-24T11:17:17","modified_gmt":"2026-03-24T14:17:17","slug":"oms-recomenda-testes-de-diagnostico-rapido-para-erradicar-tuberculose","status":"publish","type":"post","link":"https:\/\/mussicom.com\/noticias\/oms-recomenda-testes-de-diagnostico-rapido-para-erradicar-tuberculose\/","title":{"rendered":"OMS recomenda testes de diagn\u00f3stico r\u00e1pido para erradicar tuberculose"},"content":{"rendered":"<p> <br \/>\n<\/p>\n<div>\n<p><strong>No Dia Mundial da Tuberculose, lembrado nesta ter\u00e7a-feira (24), a Organiza\u00e7\u00e3o Mundial da Sa\u00fade (OMS) cobrou maiores esfor\u00e7os para erradicar a doen\u00e7a e ampliar o acesso a novas tecnologias, incluindo testes diagn\u00f3sticos que podem ser feitos no pr\u00f3prio local de atendimento e <em>swabs<\/em> de l\u00edngua que detectam a bact\u00e9ria mais rapidamente.<\/strong><img decoding=\"async\" src=\"https:\/\/agenciabrasil.ebc.com.br\/ebc.gif?id=1683286&amp;o=node\" style=\"width:1px; height:1px; display:inline;\"\/><\/p>\n<p>Em nota, a entidade destacou que as novas tecnologias representam mais um passo rumo \u00e0 detec\u00e7\u00e3o precoce e ao tratamento mais r\u00e1pido de uma das doen\u00e7as infecciosas mais mortais do mundo.<\/p>\n<blockquote>\n<p>\u201cEsses testes port\u00e1teis e f\u00e1ceis de usar aproximam o diagn\u00f3stico da tuberculose dos locais onde as pessoas normalmente buscam atendimento\u201d.<\/p>\n<\/blockquote>\n<p><strong>A OMS informa que esses testes custam menos da metade do pre\u00e7o de exames moleculares j\u00e1 existentes e podem ajudar diversos pa\u00edses a expandir o acesso \u00e0 testagem<\/strong>: &#8220;os testes podem funcionar por meio de bateria e fornecem resultados em menos de uma hora, permitindo que os pacientes iniciem o tratamento mais cedo\u201d, completou a nota.<\/p>\n<p><strong>Em todo o mundo, mais de 3,3 mil pessoas morrem por dia v\u00edtimas da doen\u00e7a. <\/strong>Os n\u00fameros da ag\u00eancia mostram ainda que h\u00e1 29 mil novos casos de tuberculose por dia.<\/p>\n<blockquote>\n<p>\u201cOs esfor\u00e7os globais para combater a tuberculose salvaram cerca de 83 milh\u00f5es de vidas desde 2000; no entanto, os cortes no financiamento global da sa\u00fade amea\u00e7am reverter esses avan\u00e7os\u201d.<\/p>\n<\/blockquote>\n<p>\u201cA ado\u00e7\u00e3o de ferramentas de diagn\u00f3stico r\u00e1pido tem sido um desafio em muitos pa\u00edses, em parte, devido aos altos custos e \u00e0 depend\u00eancia do transporte de amostras para viabilizar os testes em laborat\u00f3rios centralizados\u201d, destacou a entidade.<\/p>\n<p>Para a entidade, esses esfor\u00e7os podem contribuir para alcan\u00e7ar metas globais de acesso aos testes de tuberculose e resist\u00eancia a medicamentos, al\u00e9m de reduzir atrasos no in\u00edcio do tratamento e conter a transmiss\u00e3o.<\/p>\n<h2>Brasil<\/h2>\n<p>Dados do Boletim Epidemiol\u00f3gico Tuberculose 2025, do Minist\u00e9rio da Sa\u00fade, mostram que <strong>84,3 mil pessoas contra\u00edram a doen\u00e7a no pa\u00eds em 2024 \u2013 uma incid\u00eancia de 39,7 casos para cada 100 mil habitantes.<\/strong> Nesse per\u00edodo, <strong>foram contabilizados ainda mais de 6 mil \u00f3bitos<\/strong>.<\/p>\n<p>Os maiores coeficientes de incid\u00eancia foram observados no Amazonas (94,7 por 100 mil), no Rio de Janeiro (75,3 por 100 mil) e em Roraima (64,3 por 100 mil).<\/p>\n<p>Na mortalidade, considerando os dados consolidados de 2023, os destaques foram Amazonas, (5,1 por 100 mil), Pernambuco (4,8 por 100 mil) e Rio de Janeiro (com 4,6 por 100 mil).<\/p>\n<h2>Entenda<\/h2>\n<p><strong>A tuberculose \u00e9 uma doen\u00e7a infecciosa e transmiss\u00edvel, causada pela bact\u00e9ria <em>Mycobacterium tuberculosis<\/em>, <\/strong>tamb\u00e9m conhecida como bacilo de Koch.<\/p>\n<p>A doen\u00e7a afeta principalmente os pulm\u00f5es, mas pode atingir outros \u00f3rg\u00e3os e\/ou sistemas. <strong>A forma extrapulmonar ocorre com mais frequ\u00eancia em pessoas que vivem com HIV.<\/strong><\/p>\n<p>A transmiss\u00e3o acontece por via respirat\u00f3ria, pela elimina\u00e7\u00e3o de part\u00edculas muito pequenas produzidas por tosse, fala ou espirro de uma pessoa com tuberculose ativa (pulmonar ou lar\u00edngea) sem tratamento.<\/p>\n<p>Quando outras pessoas respirarem essas part\u00edculas, h\u00e1 a possibilidade de se infectarem.<\/p>\n<p>De acordo com o Minist\u00e9rio da Sa\u00fade, calcula-se que, durante um ano, em uma comunidade, uma pessoa com tuberculose pulmonar e\/ou lar\u00edngea ativa sem tratamento e que esteja eliminando part\u00edculas com bacilos, possa infectar, em m\u00e9dia, de 10 a 15 pessoas.<\/p>\n<p><strong>Segundo a pasta, com o in\u00edcio do tratamento, a transmiss\u00e3o tende a diminuir gradativamente e, em geral, ap\u00f3s 15 dias, o risco de transmiss\u00e3o da doen\u00e7a cai drasticamente.<\/strong><\/p>\n<p>\u201cNo entanto, o ideal \u00e9 adotar medidas de controle de infec\u00e7\u00e3o at\u00e9 que o resultado da baciloscopia [exame para detectar a bact\u00e9ria da tuberculose] se torne negativo \u2013 tais como cobrir a boca com o bra\u00e7o ou len\u00e7o ao tossir e manter o ambiente bem ventilado, com bastante luz natural.\u201d<\/p>\n<p>O bacilo de Koch \u00e9 sens\u00edvel \u00e0 luz do sol e a circula\u00e7\u00e3o de ar ajuda a dispersar as part\u00edculas infectantes. Por isso, ambientes ventilados e com luz natural direta diminuem o risco de transmiss\u00e3o.<\/p>\n<p>&#8220;A \u2018etiqueta da tosse\u2019, ou seja, cobrir a boca com o antebra\u00e7o ou len\u00e7o ao tossir, tamb\u00e9m \u00e9 uma medida importante\u201d, informa o Minist\u00e9rio da Sa\u00fade.<\/p>\n<p>Dentre os sintomas associados \u00e0 tuberculose est\u00e3o:<\/p>\n<ul>\n<li>tosse seca ou produtiva (com catarro) por tr\u00eas semanas ou mais;<\/li>\n<li>febre \u00e0 tarde;<\/li>\n<li>suor noturno;<\/li>\n<li>emagrecimento.<\/li>\n<\/ul>\n<p>\u201cSe uma pessoa apresentar sintomas de tuberculose, \u00e9 fundamental procurar a unidade de sa\u00fade mais pr\u00f3xima de sua resid\u00eancia para avalia\u00e7\u00e3o e realiza\u00e7\u00e3o de exames. Se o resultado for positivo para tuberculose, deve-se iniciar o tratamento o mais r\u00e1pido poss\u00edvel e segui-lo at\u00e9 o final\u201d, concluiu o minist\u00e9rio.<\/p>\n<p>\u00a0<\/p>\n<p>      <!-- Relacionada --><\/p>\n<p>            <!-- Relacionada -->\n    <\/div>\n<p><br \/>\n<br \/>Fonte: <a href=\"https:\/\/agenciabrasil.ebc.com.br\/saude\/noticia\/2026-03\/oms-recomenda-testes-de-diagnostico-rapido-para-erradicar-tuberculose\">Ag\u00eancia Brasil<\/a><\/p>\n","protected":false},"excerpt":{"rendered":"<p>No Dia Mundial da Tuberculose, lembrado nesta ter\u00e7a-feira (24), a Organiza\u00e7\u00e3o Mundial da Sa\u00fade (OMS) cobrou maiores esfor\u00e7os para erradicar a doen\u00e7a e ampliar o acesso a novas tecnologias, incluindo testes diagn\u00f3sticos que podem ser feitos no pr\u00f3prio local de atendimento e swabs de l\u00edngua que detectam a bact\u00e9ria mais rapidamente. Em nota, a entidade [&hellip;]<\/p>\n","protected":false},"author":5,"featured_media":69083,"comment_status":"open","ping_status":"open","sticky":false,"template":"","format":"standard","meta":{"_seopress_robots_primary_cat":"","_seopress_titles_title":"","_seopress_titles_desc":"","_seopress_robots_index":"","footnotes":""},"categories":[46],"tags":[],"class_list":["post-69082","post","type-post","status-publish","format-standard","has-post-thumbnail","hentry","category-saude"],"_links":{"self":[{"href":"https:\/\/mussicom.com\/noticias\/wp-json\/wp\/v2\/posts\/69082","targetHints":{"allow":["GET"]}}],"collection":[{"href":"https:\/\/mussicom.com\/noticias\/wp-json\/wp\/v2\/posts"}],"about":[{"href":"https:\/\/mussicom.com\/noticias\/wp-json\/wp\/v2\/types\/post"}],"author":[{"embeddable":true,"href":"https:\/\/mussicom.com\/noticias\/wp-json\/wp\/v2\/users\/5"}],"replies":[{"embeddable":true,"href":"https:\/\/mussicom.com\/noticias\/wp-json\/wp\/v2\/comments?post=69082"}],"version-history":[{"count":0,"href":"https:\/\/mussicom.com\/noticias\/wp-json\/wp\/v2\/posts\/69082\/revisions"}],"wp:featuredmedia":[{"embeddable":true,"href":"https:\/\/mussicom.com\/noticias\/wp-json\/wp\/v2\/media\/69083"}],"wp:attachment":[{"href":"https:\/\/mussicom.com\/noticias\/wp-json\/wp\/v2\/media?parent=69082"}],"wp:term":[{"taxonomy":"category","embeddable":true,"href":"https:\/\/mussicom.com\/noticias\/wp-json\/wp\/v2\/categories?post=69082"},{"taxonomy":"post_tag","embeddable":true,"href":"https:\/\/mussicom.com\/noticias\/wp-json\/wp\/v2\/tags?post=69082"}],"curies":[{"name":"wp","href":"https:\/\/api.w.org\/{rel}","templated":true}]}}