{"id":69071,"date":"2026-03-24T09:28:23","date_gmt":"2026-03-24T12:28:23","guid":{"rendered":"https:\/\/mussicom.com\/como-os-mercados-abriram-a-semana\/"},"modified":"2026-03-24T09:28:23","modified_gmt":"2026-03-24T12:28:23","slug":"como-os-mercados-abriram-a-semana","status":"publish","type":"post","link":"https:\/\/mussicom.com\/noticias\/como-os-mercados-abriram-a-semana\/","title":{"rendered":"Como os mercados abriram a semana?"},"content":{"rendered":"<p> <br \/>\n<\/p>\n<div>\n<div class=\"row\">\n<div class=\"col-lg col-infos mt-0 mt-lg-0\">\n<div class=\"section-sub-title\">\n<p itemprop=\"description\">&#13;<br \/>\n                                A soja apresenta recuo nas cota\u00e7\u00f5es&#13;\n                            <\/p>\n<\/p><\/div>\n<div class=\"container\">\n<div class=\"row\">\n<div class=\"col-lg p-0\">\n<div>\n<div class=\"block-news-main-infos mt-3 text-start\">\n<p>                                            <strong class=\"fn\" itemprop=\"author\" style=\"color: rgb(112, 112, 112); \">&#13;<br \/>\n                                                Agrolink&#13;<br \/>\n&#13;<br \/>\n                                                    &#8211; Leonardo Gottems&#13;<br \/>\n&#13;<br \/>\n                                            <\/strong><br \/>\n                                        <\/p>\n<p>                                            <abbr><time datetime=\"2026 - 03 - 24T08:52\" itemprop=\"datePublished dateModified\"> Publicado em 24\/03\/2026 \u00e0s 08:52h.<\/time><\/abbr>\n                                    <\/div>\n<\/p><\/div>\n<\/p><\/div>\n<div class=\"col-lg p-0 text-lg-end\">\n<div>\n<div id=\"mdEnviarPagina\" class=\"modal fade\" role=\"dialog\">\n<div class=\"modal-dialog\">\n<div class=\"modal-content\">\n<div class=\"modal-body\">\n<p><strong>Estimado usu\u00e1rio.<\/strong><br \/>Preencha o formul\u00e1rio abaixo para remeter a p\u00e1gina.<\/p>\n<\/p><\/div>\n<\/p><\/div>\n<\/p><\/div>\n<\/div><\/div>\n<\/p><\/div>\n<\/p><\/div>\n<\/p><\/div>\n<\/p><\/div>\n<\/p><\/div>\n<div class=\"row justify-content-md-center mt-3\">\n<div class=\"col-lg-auto col-image block-news-main-image\">\n<p>                                <br \/>\n                                                <span class=\"d-block mt-1\">A soja apresenta recuo nas cota\u00e7\u00f5es &#8211; Foto: Canva<\/span><\/p><\/div>\n<\/p><\/div>\n<div class=\"section-description section-description-noticias mt-3\">\n<p style=\"text-align:justify\">Os mercados agr\u00edcolas iniciam a semana sob influ\u00eancia de fatores externos e ajustes t\u00e9cnicos, com movimentos distintos entre as principais commodities. Segundo a TF Agro Econ\u00f4mica, o comportamento das cota\u00e7\u00f5es reflete tanto o cen\u00e1rio internacional quanto fundamentos espec\u00edficos de oferta e demanda.&#13;\n<\/p>\n<p style=\"text-align:justify\">No trigo, os contratos futuros em Chicago registram leve recupera\u00e7\u00e3o, apesar da press\u00e3o recente provocada pela queda do petr\u00f3leo e pelas previs\u00f5es de chuvas nas plan\u00edcies dos Estados Unidos, que tendem a aliviar as preocupa\u00e7\u00f5es com a safra. No mercado brasileiro, os pre\u00e7os seguem em trajet\u00f3ria de alta gradual, movimento esperado para o per\u00edodo de transi\u00e7\u00e3o entre safras. Tamb\u00e9m h\u00e1 destaque para os contratos mais longos na bolsa americana, considerados atrativos para fixa\u00e7\u00e3o.<\/p>\n<p style=\"text-align:justify\">A soja apresenta recuo nas cota\u00e7\u00f5es, em meio \u00e0 volatilidade do petr\u00f3leo e \u00e0s incertezas geopol\u00edticas envolvendo o Oriente M\u00e9dio. Fundos de investimento atuaram de forma seletiva, ampliando posi\u00e7\u00f5es em soja e \u00f3leo, mas reduzindo exposi\u00e7\u00e3o ao farelo. As exporta\u00e7\u00f5es dos Estados Unidos seguem dentro do esperado, enquanto a China permanece pouco ativa nas compras. Na Am\u00e9rica do Sul, a colheita brasileira avan\u00e7a em ritmo normal, favorecida por condi\u00e7\u00f5es clim\u00e1ticas positivas, e pode ganhar competitividade com a flexibiliza\u00e7\u00e3o de exig\u00eancias chinesas.&#13;\n<\/p>\n<p style=\"text-align:justify\">No milho, os pre\u00e7os encontram suporte nas vendas externas, mas seguem pressionados pela grande oferta norte-americana. No Brasil, as cota\u00e7\u00f5es apresentam leve alta, impulsionadas pela demanda interna, especialmente dos setores de prote\u00edna animal e etanol, al\u00e9m de algum volume export\u00e1vel nas regi\u00f5es do norte. A avalia\u00e7\u00e3o indica oportunidades nos contratos futuros, considerados remuneradores no atual contexto.<br \/>&#13;<br \/>\n\u00a0<\/p>\n<\/p><\/div>\n<\/p><\/div>\n<p><script data-cfasync=\"false\">\n    !function (f, b, e, v, n, t, s) {\n        if (f.fbq) return; n = f.fbq = function () {\n            n.callMethod ?\n                n.callMethod.apply(n, arguments) : n.queue.push(arguments)\n        };\n        if (!f._fbq) f._fbq = n; n.push = n; n.loaded = !0; n.version = '2.0';\n        n.queue = []; t = b.createElement(e); t.async = !0;\n        t.src = v; s = b.getElementsByTagName(e)[0];\n        s.parentNode.insertBefore(t, s)\n    }(window, document, 'script',\n        'https:\/\/connect.facebook.net\/en_US\/fbevents.js');\n    fbq('init', '522546078623747');\n    fbq('track', 'PageView');\n<\/script><br \/>\n<br \/><br \/>\n<br \/>Fonte: <a href=\"https:\/\/www.agrolink.com.br\/noticias\/como-os-mercados-abriram-a-semana-_512358.html\">AGROLINK<\/a><\/p>\n","protected":false},"excerpt":{"rendered":"<p>&#13; A soja apresenta recuo nas cota\u00e7\u00f5es&#13; &#13; Agrolink&#13; &#13; &#8211; Leonardo Gottems&#13; &#13; Publicado em 24\/03\/2026 \u00e0s 08:52h. Estimado usu\u00e1rio.Preencha o formul\u00e1rio abaixo para remeter a p\u00e1gina. A soja apresenta recuo nas cota\u00e7\u00f5es &#8211; Foto: Canva Os mercados agr\u00edcolas iniciam a semana sob influ\u00eancia de fatores externos e ajustes t\u00e9cnicos, com movimentos distintos entre [&hellip;]<\/p>\n","protected":false},"author":5,"featured_media":32958,"comment_status":"open","ping_status":"open","sticky":false,"template":"","format":"standard","meta":{"_seopress_robots_primary_cat":"","_seopress_titles_title":"","_seopress_titles_desc":"","_seopress_robots_index":"","footnotes":""},"categories":[53],"tags":[],"class_list":["post-69071","post","type-post","status-publish","format-standard","has-post-thumbnail","hentry","category-agronegocio"],"_links":{"self":[{"href":"https:\/\/mussicom.com\/noticias\/wp-json\/wp\/v2\/posts\/69071","targetHints":{"allow":["GET"]}}],"collection":[{"href":"https:\/\/mussicom.com\/noticias\/wp-json\/wp\/v2\/posts"}],"about":[{"href":"https:\/\/mussicom.com\/noticias\/wp-json\/wp\/v2\/types\/post"}],"author":[{"embeddable":true,"href":"https:\/\/mussicom.com\/noticias\/wp-json\/wp\/v2\/users\/5"}],"replies":[{"embeddable":true,"href":"https:\/\/mussicom.com\/noticias\/wp-json\/wp\/v2\/comments?post=69071"}],"version-history":[{"count":0,"href":"https:\/\/mussicom.com\/noticias\/wp-json\/wp\/v2\/posts\/69071\/revisions"}],"wp:featuredmedia":[{"embeddable":true,"href":"https:\/\/mussicom.com\/noticias\/wp-json\/wp\/v2\/media\/32958"}],"wp:attachment":[{"href":"https:\/\/mussicom.com\/noticias\/wp-json\/wp\/v2\/media?parent=69071"}],"wp:term":[{"taxonomy":"category","embeddable":true,"href":"https:\/\/mussicom.com\/noticias\/wp-json\/wp\/v2\/categories?post=69071"},{"taxonomy":"post_tag","embeddable":true,"href":"https:\/\/mussicom.com\/noticias\/wp-json\/wp\/v2\/tags?post=69071"}],"curies":[{"name":"wp","href":"https:\/\/api.w.org\/{rel}","templated":true}]}}