{"id":69037,"date":"2026-03-24T04:20:34","date_gmt":"2026-03-24T07:20:34","guid":{"rendered":"https:\/\/mussicom.com\/santos-recebe-forum-com-debates-internacionais-sobre-arte-cultura-e-sustentabilidade\/"},"modified":"2026-03-24T04:20:34","modified_gmt":"2026-03-24T07:20:34","slug":"santos-recebe-forum-com-debates-internacionais-sobre-arte-cultura-e-sustentabilidade","status":"publish","type":"post","link":"https:\/\/mussicom.com\/noticias\/santos-recebe-forum-com-debates-internacionais-sobre-arte-cultura-e-sustentabilidade\/","title":{"rendered":"Santos recebe f\u00f3rum com debates internacionais sobre arte, cultura e sustentabilidade"},"content":{"rendered":"<p> <br \/>\n<\/p>\n<div id=\"texto\">\n<p>Entre 26 e 28 de mar\u00e7o, Santos sediar\u00e1 o F\u00f3rum Esfera(s),\u00a0 encontro internacional voltado ao di\u00e1logo entre cultura, democracia, tecnologia e sustentabilidade, iniciativa da Prefeitura de Santos em parceria com a Universidade Santa Cec\u00edlia, Universidade de Coimbra e o Instituto Arte no Dique.<\/p>\n<p>\u00a0<\/p>\n<p>A participa\u00e7\u00e3o \u00e9 gratuita, mas as vagas s\u00e3o limitadas. Para garantir presen\u00e7a, \u00e9 necess\u00e1rio realizar a inscri\u00e7\u00e3o antecipadamente por meio do link https:\/\/docs.google.com\/forms\/d\/e\/1FAIpQLSejoXmGveVYXHJnWtjp39RqMwvazyb1gk4gz_7p_LUVzx7yzQ\/viewform.\u00a0<\/p>\n<p>\u00a0<\/p>\n<p>A programa\u00e7\u00e3o completa, informa\u00e7\u00f5es sobre os palestrantes e detalhes das atividades est\u00e3o dispon\u00edveis no hotsite oficial do evento (https:\/\/www.santos.sp.gov.br\/?q=forumesferas). A cerim\u00f4nia oficial de abertura ser\u00e1 realizada no dia 26, \u00e0s 17h30, na Sala Princesa Isabel, no Pa\u00e7o Municipal.\u00a0\u00a0<\/p>\n<p>\u00a0<\/p>\n<p>Para a secret\u00e1ria de Comunica\u00e7\u00e3o e Economia Criativa de Santos, Selley Storino, o evento refor\u00e7a o papel do Munic\u00edpio, que tem o Selo de Cidade Criativa, como espa\u00e7o de encontro entre conhecimento, cultura e inova\u00e7\u00e3o. &#8220;Receber um f\u00f3rum internacional como o Esfera(s) fortalece o posicionamento de Santos como uma cidade que valoriza a cultura, a educa\u00e7\u00e3o e a criatividade. \u00c9 uma oportunidade de promover di\u00e1logo entre universidades, poder p\u00fablico, artistas e sociedade, al\u00e9m de aproximar Santos de institui\u00e7\u00f5es, experi\u00eancias, ideias e projetos que estimulam o desenvolvimento cultural e social&#8221;.<\/p>\n<p>\u00a0<\/p>\n<p>PROGRAMA\u00c7\u00c3O<\/p>\n<p>A programa\u00e7\u00e3o reunir\u00e1 pesquisadores, gestores p\u00fablicos, artistas e representantes de institui\u00e7\u00f5es do Brasil e de Portugal, com destaque para a participa\u00e7\u00e3o de integrantes da Universidade de Coimbra (Portugal), uma das mais tradicionais institui\u00e7\u00f5es de ensino da Europa.<\/p>\n<p>\u00a0<\/p>\n<p>Durante tr\u00eas dias, os pain\u00e9is tem\u00e1ticos, apresenta\u00e7\u00f5es art\u00edsticas, exibi\u00e7\u00e3o de document\u00e1rio e debates abordar\u00e3o temas contempor\u00e2neos como arte, cultura, democracia, tecnologia, sustentabilidade e forma\u00e7\u00e3o cidad\u00e3. As atividades ser\u00e3o realizadas em tr\u00eas espa\u00e7os: Universidade Santa Cec\u00edlia \u2013 Rua Oswaldo Cruz, 277 \u2013 Boqueir\u00e3o; no Pa\u00e7o Municipal (Sala Princesa Isabel) \u2013 Pra\u00e7a Visconde de Mau\u00e1 \u2013 Centro, e no Centro Cultural Portugu\u00eas \u2013 Rua Amador Bueno, 188 \u2013 Centro.<\/p>\n<p>\u00a0<\/p>\n<p>Na sexta-feira (27), as atividades do f\u00f3rum ser\u00e3o realizadas no Centro Cultural Portugu\u00eas, com uma s\u00e9rie de pain\u00e9is que abordam diferentes perspectivas sobre cultura e sociedade. Entre os temas discutidos: Identidade em constru\u00e7\u00e3o: arte, palavra e consci\u00eancia; cultura, democracia e tecnologias; por uma cultura art\u00edstica consciente e sustent\u00e1vel e sustentabilidade social: realidades e desafios A programa\u00e7\u00e3o inclui tamb\u00e9m apresenta\u00e7\u00f5es culturais, como o Ballet das Vilas Criativas, al\u00e9m de apresenta\u00e7\u00f5es musicais e corais.<\/p>\n<p>\u00a0<\/p>\n<p>No s\u00e1bado (28), as atividades continuam na Universidade Santa Cec\u00edlia, com debates sobre forma\u00e7\u00e3o de cidad\u00e3os cr\u00edticos e conscientes, reunindo pesquisadores, estudantes e representantes do Plano Nacional das Artes de Portugal. O encerramento contar\u00e1 com apresenta\u00e7\u00f5es art\u00edsticas e com a exposi\u00e7\u00e3o cultural Feito em Santos, que valoriza a produ\u00e7\u00e3o criativa local.<\/p>\n<p>\u00a0<\/p>\n<p>PR\u00c9-EVENTO<\/p>\n<p>Antes da abertura oficial, o f\u00f3rum ter\u00e1 um prel\u00fadio no dia 25, a partir das 18h, no audit\u00f3rio da Universidade Santa Cec\u00edlia (Rua Ces\u00e1rio Mota, 8 \u2013 Boqueir\u00e3o), com o lan\u00e7amento do m\u00f3dulo Florestania do programa de mestrado e doutorado da universidade. Na mesma noite ser\u00e1 exibido o document\u00e1rio Amaz\u00f4nia, o Despertar da Florestania, com participa\u00e7\u00e3o da atriz Christiane Torloni.<\/p>\n<p>\u00a0<\/p>\n<p>SOBRE O ESFERA(S)<\/p>\n<p>A primeira edi\u00e7\u00e3o do F\u00f3rum Esfera(s) foi realizada em Coimbra, em Portugal, como um evento voltado a estimular a reflex\u00e3o, o di\u00e1logo e a forma\u00e7\u00e3o em torno de temas como cultura, sustentabilidade e responsabilidade social das novas gera\u00e7\u00f5es. Organizado pela Universidade de Coimbra em parceria com diversos colaboradores, o encontro combinou teoria e pr\u00e1tica, destacando o papel das artes na constru\u00e7\u00e3o de novas compet\u00eancias profissionais, pessoais e sociais.<\/p>\n<p>Entre os principais objetivos estiveram a sensibiliza\u00e7\u00e3o sobre o impacto das artes na sociedade, a busca pelo equil\u00edbrio entre desenvolvimento tecnol\u00f3gico e cultural, a promo\u00e7\u00e3o de pr\u00e1ticas art\u00edsticas sustent\u00e1veis e o fortalecimento do compromisso civil entre os participantes. O evento foi planejado para ocorrer de forma bienal, alternando entre Coimbra e Santos, reunindo professores, estudantes e profissionais das \u00e1reas de educa\u00e7\u00e3o, arte e cria\u00e7\u00e3o.<\/p>\n<p>\u00a0<\/p>\n<p>O F\u00f3rum Esfera(s) \u00e9 um evento multidisciplinar e internacional que promove interc\u00e2mbio cultural e debates sobre sustentabilidade, inova\u00e7\u00e3o e responsabilidade social. A iniciativa re\u00fane autoridades e especialistas do Brasil e de Portugal, com destaque para a participa\u00e7\u00e3o do Instituto Arte no Dique, al\u00e9m de institui\u00e7\u00f5es de ensino como a Universidade Santa Cec\u00edlia e a Universidade de Coimbra.<\/p>\n<p>&#13;<br \/>\n\u00a0<\/p>\n<p>\u00a0<\/p>\n<p>\u00a0<\/p>\n<p>\u00a0<\/p>\n<p>\u00a0<\/p>\n<p>Secretaria de Comunica\u00e7\u00e3o e Economia Criativa<\/p>\n<\/p><\/div>\n<p><script async defer crossorigin=\"anonymous\" src=\"https:\/\/connect.facebook.net\/pt_BR\/sdk.js#xfbml=1&#038;version=v12.0&#038;appId=&#038;autoLogAppEvents=1\" nonce=\"ou0fI1lo\"><\/script><br \/>\n<br \/><br \/>\n<br \/>Fonte: <a href=\"https:\/\/www.bs9.com.br\/variedades\/santos-recebe-forum-com-debates-internacionais-sobre-arte-cultura-e\/38424\/\">BS9<\/a><\/p>\n","protected":false},"excerpt":{"rendered":"<p>Entre 26 e 28 de mar\u00e7o, Santos sediar\u00e1 o F\u00f3rum Esfera(s),\u00a0 encontro internacional voltado ao di\u00e1logo entre cultura, democracia, tecnologia e sustentabilidade, iniciativa da Prefeitura de Santos em parceria com a Universidade Santa Cec\u00edlia, Universidade de Coimbra e o Instituto Arte no Dique. \u00a0 A participa\u00e7\u00e3o \u00e9 gratuita, mas as vagas s\u00e3o limitadas. Para garantir [&hellip;]<\/p>\n","protected":false},"author":5,"featured_media":69038,"comment_status":"open","ping_status":"open","sticky":false,"template":"","format":"standard","meta":{"_seopress_robots_primary_cat":"","_seopress_titles_title":"","_seopress_titles_desc":"","_seopress_robots_index":"","footnotes":""},"categories":[52],"tags":[],"class_list":["post-69037","post","type-post","status-publish","format-standard","has-post-thumbnail","hentry","category-santoseregiao"],"_links":{"self":[{"href":"https:\/\/mussicom.com\/noticias\/wp-json\/wp\/v2\/posts\/69037","targetHints":{"allow":["GET"]}}],"collection":[{"href":"https:\/\/mussicom.com\/noticias\/wp-json\/wp\/v2\/posts"}],"about":[{"href":"https:\/\/mussicom.com\/noticias\/wp-json\/wp\/v2\/types\/post"}],"author":[{"embeddable":true,"href":"https:\/\/mussicom.com\/noticias\/wp-json\/wp\/v2\/users\/5"}],"replies":[{"embeddable":true,"href":"https:\/\/mussicom.com\/noticias\/wp-json\/wp\/v2\/comments?post=69037"}],"version-history":[{"count":0,"href":"https:\/\/mussicom.com\/noticias\/wp-json\/wp\/v2\/posts\/69037\/revisions"}],"wp:featuredmedia":[{"embeddable":true,"href":"https:\/\/mussicom.com\/noticias\/wp-json\/wp\/v2\/media\/69038"}],"wp:attachment":[{"href":"https:\/\/mussicom.com\/noticias\/wp-json\/wp\/v2\/media?parent=69037"}],"wp:term":[{"taxonomy":"category","embeddable":true,"href":"https:\/\/mussicom.com\/noticias\/wp-json\/wp\/v2\/categories?post=69037"},{"taxonomy":"post_tag","embeddable":true,"href":"https:\/\/mussicom.com\/noticias\/wp-json\/wp\/v2\/tags?post=69037"}],"curies":[{"name":"wp","href":"https:\/\/api.w.org\/{rel}","templated":true}]}}