{"id":69007,"date":"2026-03-23T23:16:25","date_gmt":"2026-03-24T02:16:25","guid":{"rendered":"https:\/\/mussicom.com\/alma-inaugura-sala-de-informatica-com-recursos-destinados-pela-autoridade-portuaria-de-santos\/"},"modified":"2026-03-23T23:16:25","modified_gmt":"2026-03-24T02:16:25","slug":"alma-inaugura-sala-de-informatica-com-recursos-destinados-pela-autoridade-portuaria-de-santos","status":"publish","type":"post","link":"https:\/\/mussicom.com\/noticias\/alma-inaugura-sala-de-informatica-com-recursos-destinados-pela-autoridade-portuaria-de-santos\/","title":{"rendered":"ALMA inaugura sala de inform\u00e1tica com recursos destinados pela Autoridade Portu\u00e1ria de Santos"},"content":{"rendered":"<p> <br \/>\n<\/p>\n<div id=\"texto\">\n<p>A Associa\u00e7\u00e3o de Amigos do Lar do Menor Assistido (ALMA) celebrou mais uma conquista, com a inaugura\u00e7\u00e3o da sala de inform\u00e1tica, na \u00faltima ter\u00e7a-feira (3).\u00a0Essa realiza\u00e7\u00e3o foi poss\u00edvel gra\u00e7as \u00e0 destina\u00e7\u00e3o de recursos financeiros da dedu\u00e7\u00e3o de Imposto de Renda\u00a0de Pessoa Jur\u00eddica\u00a0da empresa Autoridade Portu\u00e1ria de Santos ao Conselho Municipal dos Direitos da Crian\u00e7a e do Adolescente de Guaruj\u00e1 (CMDCA), vinculado \u00e0 Secretaria de Direitos Humanos e Cidadania (Sedhuci).<\/p>\n<p>\u00a0<\/p>\n<p>Esse espa\u00e7o tecnol\u00f3gico trar\u00e1 uma grande transforma\u00e7\u00e3o, proporcionando a inclus\u00e3o digital das crian\u00e7as e adolescentes assistidos pela ALMA. A sala conta com computadores, impressoras, ar-condicionado, al\u00e9m de um ambiente acolhedor para todos, criado para promover a criatividade e o desenvolvimento educacional aos atendidos.<\/p>\n<\/p><\/div>\n<p><script async defer crossorigin=\"anonymous\" src=\"https:\/\/connect.facebook.net\/pt_BR\/sdk.js#xfbml=1&#038;version=v12.0&#038;appId=&#038;autoLogAppEvents=1\" nonce=\"ou0fI1lo\"><\/script><br \/>\n<br \/><br \/>\n<br \/>Fonte: <a href=\"https:\/\/www.bs9.com.br\/litoral\/alma-inaugura-sala-de-informatica-com-recursos-destinados-pela\/38453\/\">BS9<\/a><\/p>\n","protected":false},"excerpt":{"rendered":"<p>A Associa\u00e7\u00e3o de Amigos do Lar do Menor Assistido (ALMA) celebrou mais uma conquista, com a inaugura\u00e7\u00e3o da sala de inform\u00e1tica, na \u00faltima ter\u00e7a-feira (3).\u00a0Essa realiza\u00e7\u00e3o foi poss\u00edvel gra\u00e7as \u00e0 destina\u00e7\u00e3o de recursos financeiros da dedu\u00e7\u00e3o de Imposto de Renda\u00a0de Pessoa Jur\u00eddica\u00a0da empresa Autoridade Portu\u00e1ria de Santos ao Conselho Municipal dos Direitos da Crian\u00e7a e [&hellip;]<\/p>\n","protected":false},"author":5,"featured_media":69008,"comment_status":"open","ping_status":"open","sticky":false,"template":"","format":"standard","meta":{"_seopress_robots_primary_cat":"","_seopress_titles_title":"","_seopress_titles_desc":"","_seopress_robots_index":"","footnotes":""},"categories":[52],"tags":[],"class_list":["post-69007","post","type-post","status-publish","format-standard","has-post-thumbnail","hentry","category-santoseregiao"],"_links":{"self":[{"href":"https:\/\/mussicom.com\/noticias\/wp-json\/wp\/v2\/posts\/69007","targetHints":{"allow":["GET"]}}],"collection":[{"href":"https:\/\/mussicom.com\/noticias\/wp-json\/wp\/v2\/posts"}],"about":[{"href":"https:\/\/mussicom.com\/noticias\/wp-json\/wp\/v2\/types\/post"}],"author":[{"embeddable":true,"href":"https:\/\/mussicom.com\/noticias\/wp-json\/wp\/v2\/users\/5"}],"replies":[{"embeddable":true,"href":"https:\/\/mussicom.com\/noticias\/wp-json\/wp\/v2\/comments?post=69007"}],"version-history":[{"count":0,"href":"https:\/\/mussicom.com\/noticias\/wp-json\/wp\/v2\/posts\/69007\/revisions"}],"wp:featuredmedia":[{"embeddable":true,"href":"https:\/\/mussicom.com\/noticias\/wp-json\/wp\/v2\/media\/69008"}],"wp:attachment":[{"href":"https:\/\/mussicom.com\/noticias\/wp-json\/wp\/v2\/media?parent=69007"}],"wp:term":[{"taxonomy":"category","embeddable":true,"href":"https:\/\/mussicom.com\/noticias\/wp-json\/wp\/v2\/categories?post=69007"},{"taxonomy":"post_tag","embeddable":true,"href":"https:\/\/mussicom.com\/noticias\/wp-json\/wp\/v2\/tags?post=69007"}],"curies":[{"name":"wp","href":"https:\/\/api.w.org\/{rel}","templated":true}]}}