{"id":68983,"date":"2026-03-23T21:07:23","date_gmt":"2026-03-24T00:07:23","guid":{"rendered":"https:\/\/mussicom.com\/bolsonaro-recebe-alta-da-uti-e-e-transferido-para-quarto-do-hospital\/"},"modified":"2026-03-23T21:07:23","modified_gmt":"2026-03-24T00:07:23","slug":"bolsonaro-recebe-alta-da-uti-e-e-transferido-para-quarto-do-hospital","status":"publish","type":"post","link":"https:\/\/mussicom.com\/noticias\/bolsonaro-recebe-alta-da-uti-e-e-transferido-para-quarto-do-hospital\/","title":{"rendered":"Bolsonaro recebe alta da UTI e \u00e9 transferido para quarto do hospital"},"content":{"rendered":"<p> <br \/>\n<\/p>\n<div id=\"tp-post-content\">\n<p class=\"postParagraph_post-paragraph__juWZN postParagraph_post-paragraph-innerHtml__Q5vwc\">O ex-presidente Jair Bolsonaro (PL) recebeu alta da UTI, no final da tarde desta segunda-feira (23), e foi transferido para um quarto do Hospital DF Star, em Bras\u00edlia, onde est\u00e1 internado h\u00e1 mais de uma semana para tratar de uma grave pneumonia nos dois pulm\u00f5es. Mais cedo, o boletim m\u00e9dico do dia j\u00e1 indicava que ele poderia sair da unidade de terapia intensiva em at\u00e9 24 horas.<\/p>\n<p class=\"postParagraph_post-paragraph__juWZN postParagraph_post-paragraph-innerHtml__Q5vwc\">Segundo informa\u00e7\u00f5es do m\u00e9dico do ex-presidente, o cardiologista Brasil Caiado, repassadas \u00e0 <em>GloboNews <\/em>e ao site <em>Metr\u00f3poles<\/em>, Bolsonaro passar\u00e1 os pr\u00f3ximos dias em tratamento no quarto ap\u00f3s uma melhora satisfat\u00f3ria.<\/p>\n<p class=\"postParagraph_post-paragraph__juWZN postParagraph_post-paragraph-innerHtml__Q5vwc\">No boletim m\u00e9dico divulgado mais cedo, a equipe do hospital apontava que Bolsonaro seguia em tratamento com antibi\u00f3ticos, suporte cl\u00ednico intensivo e fisioterapia respirat\u00f3ria e motora.<\/p>\n<p class=\"postParagraph_post-paragraph__juWZN postParagraph_post-paragraph-innerHtml__Q5vwc\">A <strong>Gazeta do Povo <\/strong>procurou o Hospital DF Star e a equipe m\u00e9dica de Bolsonaro e aguarda retorno.<\/p>\n<div class=\"postViewMore_post-view-more-container___5wai\" data-mrf-recirculation=\"Post - Veja tamb\u00e9m\">\n<p class=\"gp-styles-module-size-small-afeYRa gp-styles-module-font-family2-afeYRa gp-styles-module-color-secondary-afeYRa gp-styles-module-weight-bold-afeYRa\">VEJA TAMB\u00c9M:<\/p>\n<ul class=\"postViewMore_post-view-more-list__CU_CE\">\n<li class=\"postViewMore_post-view-more-item__2MzRb\">\n<div class=\"postViewMore_post-view-more-image__5gUSe\"><picture class=\"imageDefault_image-container__XGd8_\"><\/picture><\/div>\n<p>Mendon\u00e7a manda Alcolumbre prorrogar a CPMI do INSS<\/li>\n<\/ul>\n<\/div>\n<p class=\"postParagraph_post-paragraph__juWZN postParagraph_post-paragraph-innerHtml__Q5vwc\">Bolsonaro est\u00e1 preso desde janeiro\u00a0no 19\u00ba Batalh\u00e3o da Pol\u00edcia Militar, conhecida como &#8220;Papudinha&#8221;, em Bras\u00edlia, e teve um\u00a0parecer favor\u00e1vel da Procuradoria-Geral da Rep\u00fablica (PGR), mais cedo, para que seja transferido para uma pris\u00e3o domiciliar humanit\u00e1ria. A decis\u00e3o, agora, depende apenas do ministro Alexandre de Moraes, do Supremo Tribunal Federal (STF).<\/p>\n<p class=\"postParagraph_post-paragraph__juWZN postParagraph_post-paragraph-innerHtml__Q5vwc\">Na semana passada, Brasil Caiado afirmou que Bolsonaro deveria ser transferido para o regime domiciliar para auxiliar na recupera\u00e7\u00e3o e no tratamento da sa\u00fade.<\/p>\n<p class=\"postParagraph_post-paragraph__juWZN postParagraph_post-paragraph-innerHtml__Q5vwc\">\u201cDo ponto de vista m\u00e9dico e t\u00e9cnico, um ambiente acolhedor com mais recursos [&#8230;], familiar, residencial, \u00e9 bem melhor e serve para qualquer paciente\u201d, pontuou.<\/p>\n<p class=\"postParagraph_post-paragraph__juWZN postParagraph_post-paragraph-innerHtml__Q5vwc\">Recentemente, o ministro Alexandre de Moraes, do Supremo Tribunal Federal (STF),\u00a0negou a mudan\u00e7a com base em uma per\u00edcia m\u00e9dica da Pol\u00edcia Federal\u00a0de que o ex-presidente estaria apto a seguir preso na Papudinha.<\/p>\n<\/div>\n<p><br \/>\n<br \/>Fonte: <a href=\"https:\/\/www.gazetadopovo.com.br\/republica\/bolsonaro-recebe-alta-uti-transferido-quarto-hospital\/\">Revista Oeste<\/a><\/p>\n","protected":false},"excerpt":{"rendered":"<p>O ex-presidente Jair Bolsonaro (PL) recebeu alta da UTI, no final da tarde desta segunda-feira (23), e foi transferido para um quarto do Hospital DF Star, em Bras\u00edlia, onde est\u00e1 internado h\u00e1 mais de uma semana para tratar de uma grave pneumonia nos dois pulm\u00f5es. Mais cedo, o boletim m\u00e9dico do dia j\u00e1 indicava que [&hellip;]<\/p>\n","protected":false},"author":5,"featured_media":67976,"comment_status":"open","ping_status":"open","sticky":false,"template":"","format":"standard","meta":{"_seopress_robots_primary_cat":"","_seopress_titles_title":"","_seopress_titles_desc":"","_seopress_robots_index":"","footnotes":""},"categories":[1],"tags":[],"class_list":["post-68983","post","type-post","status-publish","format-standard","has-post-thumbnail","hentry","category-ultimas-noticias"],"_links":{"self":[{"href":"https:\/\/mussicom.com\/noticias\/wp-json\/wp\/v2\/posts\/68983","targetHints":{"allow":["GET"]}}],"collection":[{"href":"https:\/\/mussicom.com\/noticias\/wp-json\/wp\/v2\/posts"}],"about":[{"href":"https:\/\/mussicom.com\/noticias\/wp-json\/wp\/v2\/types\/post"}],"author":[{"embeddable":true,"href":"https:\/\/mussicom.com\/noticias\/wp-json\/wp\/v2\/users\/5"}],"replies":[{"embeddable":true,"href":"https:\/\/mussicom.com\/noticias\/wp-json\/wp\/v2\/comments?post=68983"}],"version-history":[{"count":0,"href":"https:\/\/mussicom.com\/noticias\/wp-json\/wp\/v2\/posts\/68983\/revisions"}],"wp:featuredmedia":[{"embeddable":true,"href":"https:\/\/mussicom.com\/noticias\/wp-json\/wp\/v2\/media\/67976"}],"wp:attachment":[{"href":"https:\/\/mussicom.com\/noticias\/wp-json\/wp\/v2\/media?parent=68983"}],"wp:term":[{"taxonomy":"category","embeddable":true,"href":"https:\/\/mussicom.com\/noticias\/wp-json\/wp\/v2\/categories?post=68983"},{"taxonomy":"post_tag","embeddable":true,"href":"https:\/\/mussicom.com\/noticias\/wp-json\/wp\/v2\/tags?post=68983"}],"curies":[{"name":"wp","href":"https:\/\/api.w.org\/{rel}","templated":true}]}}