{"id":68971,"date":"2026-03-23T20:09:20","date_gmt":"2026-03-23T23:09:20","guid":{"rendered":"https:\/\/mussicom.com\/ex-juiz-da-suprema-corte-da-costa-rica-e-extraditado-aos-eua\/"},"modified":"2026-03-23T20:09:20","modified_gmt":"2026-03-23T23:09:20","slug":"ex-juiz-da-suprema-corte-da-costa-rica-e-extraditado-aos-eua","status":"publish","type":"post","link":"https:\/\/mussicom.com\/noticias\/ex-juiz-da-suprema-corte-da-costa-rica-e-extraditado-aos-eua\/","title":{"rendered":"Ex-juiz da Suprema Corte da Costa Rica \u00e9 extraditado aos EUA"},"content":{"rendered":"<p> <br \/>\n<\/p>\n<div id=\"tp-post-content\">\n<p class=\"postParagraph_post-paragraph__juWZN postParagraph_post-paragraph-innerHtml__Q5vwc\">A Costa Rica decidiu na semana passada extraditar para os Estados Unidos o ex-ministro da Seguran\u00e7a e ex-juiz da Suprema Corte do pa\u00eds Celso Gamboa S\u00e1nchez, acusado de participa\u00e7\u00e3o em tr\u00e1fico internacional de drogas. A extradi\u00e7\u00e3o dele marcou a primeira vez que o pa\u00eds enviou um de seus pr\u00f3prios cidad\u00e3os para julgamento no exterior ap\u00f3s uma reforma constitucional que passou a permitir processos desse tipo em casos ligados ao crime organizado.<\/p>\n<p class=\"postParagraph_post-paragraph__juWZN postParagraph_post-paragraph-innerHtml__Q5vwc\">Gamboa foi transferido sob forte esquema de seguran\u00e7a da pris\u00e3o de La Reforma, onde estava detido preventivamente, at\u00e9 o aeroporto internacional Juan Santamar\u00eda, onde foi entregue \u00e0s autoridades americanas. Ele \u00e9 procurado pela Justi\u00e7a federal americana no estado do Texas por acusa\u00e7\u00f5es de conspira\u00e7\u00e3o para fabricar e distribuir coca\u00edna destinada aos Estados Unidos.<\/p>\n<p class=\"postParagraph_post-paragraph__juWZN postParagraph_post-paragraph-innerHtml__Q5vwc\">Segundo Departamento de Justi\u00e7a dos EUA, o ex-magistrado foi indiciado por um grande j\u00fari no Distrito Leste do Texas sob acusa\u00e7\u00e3o de colaborar com traficantes internacionais e ajudar na produ\u00e7\u00e3o e no envio de drogas que seriam transportadas por rotas na Am\u00e9rica Central at\u00e9 o territ\u00f3rio americano. As investiga\u00e7\u00f5es contra Gamboa foram conduzidas pela Ag\u00eancia Antidrogas dos Estados Unidos (DEA), pelo FBI e por for\u00e7as-tarefa federais especializadas no combate ao narcotr\u00e1fico.<\/p>\n<p class=\"postParagraph_post-paragraph__juWZN postParagraph_post-paragraph-innerHtml__Q5vwc\">A extradi\u00e7\u00e3o do ex-ju\u00edz s\u00f3 foi poss\u00edvel ap\u00f3s a mudan\u00e7a do artigo 32 da Constitui\u00e7\u00e3o, aprovada no ano passado, que eliminou a proibi\u00e7\u00e3o de enviar cidad\u00e3os do pa\u00eds ao exterior em processos ligados a tr\u00e1fico internacional de drogas e terrorismo. A reforma foi aprovada em meio ao aumento da viol\u00eancia associada ao crime organizado na regi\u00e3o.<\/p>\n<p class=\"postParagraph_post-paragraph__juWZN postParagraph_post-paragraph-innerHtml__Q5vwc\">Gamboa foi destitu\u00eddo de sua fun\u00e7\u00e3o de ju\u00edz da Suprema Corte em 2018 ap\u00f3s acusa\u00e7\u00f5es de corrup\u00e7\u00e3o.<\/p>\n<p class=\"postParagraph_post-paragraph__juWZN postParagraph_post-paragraph-innerHtml__Q5vwc\">O procurador-geral da Costa Rica, Carlo D\u00edaz, afirmou que a extradi\u00e7\u00e3o representa um marco no combate ao crime organizado.<\/p>\n<p class=\"postParagraph_post-paragraph__juWZN postParagraph_post-paragraph-innerHtml__Q5vwc\">\u201cA Costa Rica est\u00e1 enviando uma mensagem clara: ningu\u00e9m pode usar a nacionalidade para escapar da Justi\u00e7a\u201d, declarou em comunicado divulgado \u00e0 imprensa.<\/p>\n<p class=\"postParagraph_post-paragraph__juWZN postParagraph_post-paragraph-innerHtml__Q5vwc\">Outro acusado no mesmo processo de Gamboa, Edwin L\u00f3pez Vega, tamb\u00e9m foi extraditado para os Estados Unidos no mesmo voo. Segundo autoridades americanas, ambos responder\u00e3o a processo em tribunal federal no Texas, onde podem enfrentar penas severas caso sejam condenados, embora a legisla\u00e7\u00e3o da Costa Rica pro\u00edba a extradi\u00e7\u00e3o para casos que envolvam pena de morte ou senten\u00e7as superiores a 50 anos.<\/p>\n<\/div>\n<p><br \/>\n<br \/>Fonte: <a href=\"https:\/\/www.gazetadopovo.com.br\/mundo\/ex-juiz-da-suprema-corte-da-costa-rica-e-extraditado-aos-eua-por-trafico-de-drogas\/\">Revista Oeste<\/a><\/p>\n","protected":false},"excerpt":{"rendered":"<p>A Costa Rica decidiu na semana passada extraditar para os Estados Unidos o ex-ministro da Seguran\u00e7a e ex-juiz da Suprema Corte do pa\u00eds Celso Gamboa S\u00e1nchez, acusado de participa\u00e7\u00e3o em tr\u00e1fico internacional de drogas. A extradi\u00e7\u00e3o dele marcou a primeira vez que o pa\u00eds enviou um de seus pr\u00f3prios cidad\u00e3os para julgamento no exterior ap\u00f3s [&hellip;]<\/p>\n","protected":false},"author":5,"featured_media":68972,"comment_status":"open","ping_status":"open","sticky":false,"template":"","format":"standard","meta":{"_seopress_robots_primary_cat":"","_seopress_titles_title":"","_seopress_titles_desc":"","_seopress_robots_index":"","footnotes":""},"categories":[48],"tags":[],"class_list":["post-68971","post","type-post","status-publish","format-standard","has-post-thumbnail","hentry","category-internacional"],"_links":{"self":[{"href":"https:\/\/mussicom.com\/noticias\/wp-json\/wp\/v2\/posts\/68971","targetHints":{"allow":["GET"]}}],"collection":[{"href":"https:\/\/mussicom.com\/noticias\/wp-json\/wp\/v2\/posts"}],"about":[{"href":"https:\/\/mussicom.com\/noticias\/wp-json\/wp\/v2\/types\/post"}],"author":[{"embeddable":true,"href":"https:\/\/mussicom.com\/noticias\/wp-json\/wp\/v2\/users\/5"}],"replies":[{"embeddable":true,"href":"https:\/\/mussicom.com\/noticias\/wp-json\/wp\/v2\/comments?post=68971"}],"version-history":[{"count":0,"href":"https:\/\/mussicom.com\/noticias\/wp-json\/wp\/v2\/posts\/68971\/revisions"}],"wp:featuredmedia":[{"embeddable":true,"href":"https:\/\/mussicom.com\/noticias\/wp-json\/wp\/v2\/media\/68972"}],"wp:attachment":[{"href":"https:\/\/mussicom.com\/noticias\/wp-json\/wp\/v2\/media?parent=68971"}],"wp:term":[{"taxonomy":"category","embeddable":true,"href":"https:\/\/mussicom.com\/noticias\/wp-json\/wp\/v2\/categories?post=68971"},{"taxonomy":"post_tag","embeddable":true,"href":"https:\/\/mussicom.com\/noticias\/wp-json\/wp\/v2\/tags?post=68971"}],"curies":[{"name":"wp","href":"https:\/\/api.w.org\/{rel}","templated":true}]}}