{"id":68935,"date":"2026-03-23T17:12:15","date_gmt":"2026-03-23T20:12:15","guid":{"rendered":"https:\/\/mussicom.com\/cigarrinha-preocupa-produtores-de-milho-no-rio-grande-do-sul\/"},"modified":"2026-03-23T17:12:15","modified_gmt":"2026-03-23T20:12:15","slug":"cigarrinha-preocupa-produtores-de-milho-no-rio-grande-do-sul","status":"publish","type":"post","link":"https:\/\/mussicom.com\/noticias\/cigarrinha-preocupa-produtores-de-milho-no-rio-grande-do-sul\/","title":{"rendered":"Cigarrinha preocupa produtores de milho no Rio Grande do Sul"},"content":{"rendered":"<p> <br \/>\n<\/p>\n<div>\n<div class=\"row\">\n<div class=\"col-lg col-infos mt-0 mt-lg-0\">\n<div class=\"section-sub-title\">\n<p itemprop=\"description\">&#13;<br \/>\n                                Milho tem produtividade irregular no estado&#13;\n                            <\/p>\n<\/p><\/div>\n<div class=\"container\">\n<div class=\"row\">\n<div class=\"col-lg p-0\">\n<div>\n<div class=\"block-news-main-infos mt-3 text-start\">\n<p>                                            <strong class=\"fn\" itemprop=\"author\" style=\"color: rgb(112, 112, 112); \">&#13;<br \/>\n                                                Agrolink&#13;<br \/>\n&#13;<br \/>\n                                                    &#8211; Seane Lennon&#13;<br \/>\n&#13;<br \/>\n                                            <\/strong><br \/>\n                                        <\/p>\n<p>                                            <abbr><time datetime=\"2026 - 03 - 23T16:34\" itemprop=\"datePublished dateModified\"> Publicado em 23\/03\/2026 \u00e0s 16:34h.<\/time><\/abbr>\n                                    <\/div>\n<\/p><\/div>\n<\/p><\/div>\n<div class=\"col-lg p-0 text-lg-end\">\n<div>\n<div id=\"mdEnviarPagina\" class=\"modal fade\" role=\"dialog\">\n<div class=\"modal-dialog\">\n<div class=\"modal-content\">\n<div class=\"modal-body\">\n<p><strong>Estimado usu\u00e1rio.<\/strong><br \/>Preencha o formul\u00e1rio abaixo para remeter a p\u00e1gina.<\/p>\n<\/p><\/div>\n<\/p><\/div>\n<\/p><\/div>\n<\/div><\/div>\n<\/p><\/div>\n<\/p><\/div>\n<\/p><\/div>\n<\/p><\/div>\n<\/p><\/div>\n<div class=\"row justify-content-md-center mt-3\">\n<div class=\"col-lg-auto col-image block-news-main-image\">\n<p>                                <br \/>\n                                                <span class=\"publicity-photo d-block mt-1\">Foto: Pixabay<\/span><\/p><\/div>\n<\/p><\/div>\n<div class=\"section-description section-description-noticias mt-3\">\n<p style=\"text-align:justify\">A colheita do milho avan\u00e7a no Rio Grande do Sul e j\u00e1 foi conclu\u00edda em 68% das lavouras, enquanto outros 18% est\u00e3o em fase final de matura\u00e7\u00e3o, segundo o Informativo Conjuntural divulgado pela Emater\/RS-Ascar na quinta-feira (19). O levantamento indica que \u00e1reas semeadas mais tardiamente ainda permanecem em est\u00e1gios reprodutivos ou vegetativos.&#13;\n<\/p>\n<p style=\"text-align:justify\">De acordo com o relat\u00f3rio, o desempenho das lavouras varia entre as regi\u00f5es, influenciado pela irregularidade das chuvas e por per\u00edodos de d\u00e9ficit h\u00eddrico ao longo do ciclo, principalmente nas fases de florescimento e enchimento de gr\u00e3os. \u201cO desempenho produtivo segue heterog\u00eaneo entre as regi\u00f5es, refletindo a irregularidade das precipita\u00e7\u00f5es e a ocorr\u00eancia de per\u00edodos de d\u00e9ficit h\u00eddrico ao longo do ciclo\u201d, aponta o documento.&#13;\n<\/p>\n<p style=\"text-align:justify\">As \u00e1reas implantadas no in\u00edcio da janela de semeadura apresentam resultados pr\u00f3ximos ao esperado, ainda que, em alguns casos, com rendimentos ligeiramente inferiores. J\u00e1 as lavouras tardias ou expostas a condi\u00e7\u00f5es mais restritivas registram queda no potencial produtivo, associada \u00e0 desuniformidade de desenvolvimento, limita\u00e7\u00f5es nutricionais e menor forma\u00e7\u00e3o de espigas.&#13;\n<\/p>\n<p style=\"text-align:justify\">Nas \u00e1reas de segunda safra, o desenvolvimento das plantas depende da disponibilidade de \u00e1gua, com parte das lavouras ainda em fase de defini\u00e7\u00e3o dos componentes de rendimento.<\/p>\n<p style=\"text-align:justify\">No campo fitossanit\u00e1rio, o monitoramento tem sido intensificado. \u201cDestaca-se a elevada incid\u00eancia da cigarrinha-do-milho\u201d, informa o relat\u00f3rio, acrescentando que tamb\u00e9m h\u00e1 registros pontuais de lagarta-do-cartucho em cultivos tardios.<\/p>\n<p style=\"text-align:justify\">A proje\u00e7\u00e3o atual da Emater\/RS-Ascar indica que a \u00e1rea cultivada com milho no estado alcan\u00e7a 803.019 hectares, n\u00famero 2,3% superior ao estimado inicialmente. A produtividade m\u00e9dia est\u00e1 estimada em 7.424 quilos por hectare.<\/p>\n<\/p><\/div>\n<\/p><\/div>\n<p><script data-cfasync=\"false\">\n    !function (f, b, e, v, n, t, s) {\n        if (f.fbq) return; n = f.fbq = function () {\n            n.callMethod ?\n                n.callMethod.apply(n, arguments) : n.queue.push(arguments)\n        };\n        if (!f._fbq) f._fbq = n; n.push = n; n.loaded = !0; n.version = '2.0';\n        n.queue = []; t = b.createElement(e); t.async = !0;\n        t.src = v; s = b.getElementsByTagName(e)[0];\n        s.parentNode.insertBefore(t, s)\n    }(window, document, 'script',\n        'https:\/\/connect.facebook.net\/en_US\/fbevents.js');\n    fbq('init', '522546078623747');\n    fbq('track', 'PageView');\n<\/script><br \/>\n<br \/><br \/>\n<br \/>Fonte: <a href=\"https:\/\/www.agrolink.com.br\/noticias\/cigarrinha-preocupa-produtores-de-milho-no-rio-grande-do-sul_512330.html\">AGROLINK<\/a><\/p>\n","protected":false},"excerpt":{"rendered":"<p>&#13; Milho tem produtividade irregular no estado&#13; &#13; Agrolink&#13; &#13; &#8211; Seane Lennon&#13; &#13; Publicado em 23\/03\/2026 \u00e0s 16:34h. Estimado usu\u00e1rio.Preencha o formul\u00e1rio abaixo para remeter a p\u00e1gina. Foto: Pixabay A colheita do milho avan\u00e7a no Rio Grande do Sul e j\u00e1 foi conclu\u00edda em 68% das lavouras, enquanto outros 18% est\u00e3o em fase final [&hellip;]<\/p>\n","protected":false},"author":5,"featured_media":36868,"comment_status":"open","ping_status":"open","sticky":false,"template":"","format":"standard","meta":{"_seopress_robots_primary_cat":"","_seopress_titles_title":"","_seopress_titles_desc":"","_seopress_robots_index":"","footnotes":""},"categories":[53],"tags":[],"class_list":["post-68935","post","type-post","status-publish","format-standard","has-post-thumbnail","hentry","category-agronegocio"],"_links":{"self":[{"href":"https:\/\/mussicom.com\/noticias\/wp-json\/wp\/v2\/posts\/68935","targetHints":{"allow":["GET"]}}],"collection":[{"href":"https:\/\/mussicom.com\/noticias\/wp-json\/wp\/v2\/posts"}],"about":[{"href":"https:\/\/mussicom.com\/noticias\/wp-json\/wp\/v2\/types\/post"}],"author":[{"embeddable":true,"href":"https:\/\/mussicom.com\/noticias\/wp-json\/wp\/v2\/users\/5"}],"replies":[{"embeddable":true,"href":"https:\/\/mussicom.com\/noticias\/wp-json\/wp\/v2\/comments?post=68935"}],"version-history":[{"count":0,"href":"https:\/\/mussicom.com\/noticias\/wp-json\/wp\/v2\/posts\/68935\/revisions"}],"wp:featuredmedia":[{"embeddable":true,"href":"https:\/\/mussicom.com\/noticias\/wp-json\/wp\/v2\/media\/36868"}],"wp:attachment":[{"href":"https:\/\/mussicom.com\/noticias\/wp-json\/wp\/v2\/media?parent=68935"}],"wp:term":[{"taxonomy":"category","embeddable":true,"href":"https:\/\/mussicom.com\/noticias\/wp-json\/wp\/v2\/categories?post=68935"},{"taxonomy":"post_tag","embeddable":true,"href":"https:\/\/mussicom.com\/noticias\/wp-json\/wp\/v2\/tags?post=68935"}],"curies":[{"name":"wp","href":"https:\/\/api.w.org\/{rel}","templated":true}]}}