{"id":68929,"date":"2026-03-23T17:05:16","date_gmt":"2026-03-23T20:05:16","guid":{"rendered":"https:\/\/mussicom.com\/energia-nuclear-e-estrategica-para-soberania-defende-industria\/"},"modified":"2026-03-23T17:05:16","modified_gmt":"2026-03-23T20:05:16","slug":"energia-nuclear-e-estrategica-para-soberania-defende-industria","status":"publish","type":"post","link":"https:\/\/mussicom.com\/noticias\/energia-nuclear-e-estrategica-para-soberania-defende-industria\/","title":{"rendered":"Energia nuclear \u00e9 estrat\u00e9gica para soberania, defende ind\u00fastria"},"content":{"rendered":"<p> <br \/>\n<\/p>\n<div>\n<p>O desenvolvimento da energia nuclear \u00e9 estrat\u00e9gico para o Brasil alcan\u00e7ar autonomia energ\u00e9tica e soberania nacional, em um momento\u00a0em que\u00a0as economias globais precisam de fontes\u00a0est\u00e1veis de energia\u00a0e o cen\u00e1rio geopol\u00edtico causa turbul\u00eancia nas\u00a0cadeias\u00a0de petr\u00f3leo e g\u00e1s natural.\u00a0<img decoding=\"async\" src=\"https:\/\/agenciabrasil.ebc.com.br\/ebc.gif?id=1683208&amp;o=node\" style=\"width:1px; height:1px; display:inline;\"\/><\/p>\n<p>A opini\u00e3o \u00e9 defendida por especialistas que participaram, nesta segunda-feira (23),\u00a0do <em>Nuclear Summit<\/em>, encontro sobre o desenvolvimento da energia nuclear, na Casa Firjan,\u00a0centro de inova\u00e7\u00e3o e tend\u00eancias da Federa\u00e7\u00e3o das Ind\u00fastrias do Estado do\u00a0Rio de Janeiro.\u00a0O encontro foi realizado pela Associa\u00e7\u00e3o Brasileira para Desenvolvimento de Atividades Nucleares (Abdan).\u00a0<\/p>\n<p>O\u00a0professor de rela\u00e7\u00f5es internacionais J\u00falio C\u00e9sar Rodriguez, da Universidade Federal de Santa Maria (UFSM),\u00a0considera que o Brasil deve\u00a0investir na energia nuclear pelo car\u00e1ter escal\u00e1vel dessa fonte energ\u00e9tica, ou seja, capacidade de aumento da produ\u00e7\u00e3o.\u00a0\u00a0<\/p>\n<blockquote>\n<p>\u201cA energia nuclear \u00e9 uma fonte de energia chave para o Brasil dominar, ter autonomia energ\u00e9tica e, mais do que isso, ser aut\u00f4nomo tecnologicamente\u201d, completa o professor da universidade ga\u00facha em entrevista\u00a0\u00e0\u00a0<strong>Ag\u00eancia Brasil<\/strong>.<\/p>\n<\/blockquote>\n<p>\u201cDominando o\u00a0processo\u00a0todo, a extra\u00e7\u00e3o dos min\u00e9rios, o enriquecimento, o desenvolvimento de reatores, estamos jogando em n\u00edvel de desenvolvimento industrial, tecnol\u00f3gico e cient\u00edfico mais alto, dos atores mais importantes do mundo\u201d,\u00a0sustenta.\u00a0<\/p>\n<p>&gt;&gt; Siga o canal da <strong>Ag\u00eancia Brasil <\/strong>no WhatsApp<\/p>\n<h2>Momento certo\u00a0<\/h2>\n<p>O presidente da\u00a0Abdan, Celso Cunha,\u00a0elenca que a energia nuclear tem \u201catributos importantes\u201d.\u00a0\u201c\u00c9\u00a0limpa, gera\u00a0energia\u00a0em\u00a0um espa\u00e7o muito pequeno, \u00e9 altamente eficiente e tecnol\u00f3gica\u201d, descreve.\u00a0\u00a0<\/p>\n<p>Para Cunha, a conjuntura ambiental e geopol\u00edtica, com conflitos internacionais, reafirma as vantagens da energia nuclear.\u00a0\u00a0<\/p>\n<p>\u201c\u00c9 extremamente importante um pa\u00eds ser independente energeticamente. Um pa\u00eds dependente energeticamente n\u00e3o consegue crescer\u201d, diz ele \u00e0\u00a0<strong>Ag\u00eancia Brasil<\/strong>.<\/p>\n<p>O presidente da\u00a0Abdan\u00a0reconhece que o Brasil tem muitas fontes renov\u00e1veis, como e\u00f3lica, solar e\u00a0hidrel\u00e9trica, mas ressalta a vantagem de\u00a0a <strong>energia nuclear ter fornecimento constante, que n\u00e3o depende de fatores clim\u00e1ticos, como ventos, sol e regime de chuvas<\/strong>.\u00a0\u00a0<\/p>\n<p>\u201c\u00c9 a grande solu\u00e7\u00e3o\u201d, defende\u00a0ele, incluindo como vantagem para o pa\u00eds a capacidade de exportar combust\u00edvel.\u00a0&#8220;Podemos ganhar muito dinheiro vendendo combust\u00edvel. Nada de vender min\u00e9rio in\u00a0natura, isso n\u00e3o traz valor agregado. Estamos no momento certo,\u00a0chegou a hora do nuclear\u201d, finaliza.\u00a0<\/p>\n<p><strong>Apesar de ser considerada pela ind\u00fastria como energia limpa, a fonte nuclear atrai preocupa\u00e7\u00e3o de ambientalistas a respeito dos res\u00edduos gerados no processo, que precisam ser armazenados de forma segura.\u00a0<\/strong><\/p>\n<p>No Brasil, a Comiss\u00e3o Nacional de Energia Nuclear, um \u00f3rg\u00e3o estatal, trabalha na defini\u00e7\u00e3o de um reservat\u00f3rio definitivo para pastilhas utilizadas de ur\u00e2nio.\u00a0<\/p>\n<h2>Ciclo de ur\u00e2nio\u00a0<\/h2>\n<p>A assessora de integridade e gest\u00e3o de risco da Empresa de Participa\u00e7\u00f5es em Energia Nuclear e Binacional (ENBpar), Mayara Mota, explicou que <strong>a empresa, ligada ao Minist\u00e9rio de Minas e Energia (MME), busca caminhos para que o Brasil domine o ciclo completo do ur\u00e2nio, mineral mat\u00e9ria-prima da energia nuclear<\/strong>.\u00a0\u00a0<\/p>\n<p>\u201cHoje em dia, a convers\u00e3o \u00e9 feita fora do Brasil. Ent\u00e3o, a ideia da usina de convers\u00e3o \u00e9 que a gente possa trazer a infraestrutura. A t\u00e9cnica para fazer isso a gente tem, falta a estrutura\u201d, detalhou.\u00a0<\/p>\n<p>A convers\u00e3o \u00e9 a transforma\u00e7\u00e3o do <em>yellowcake<\/em>\u00a0(concentrado de ur\u00e2nio) em hexafluoreto de ur\u00e2nio, etapa fundamental no ciclo do combust\u00edvel nuclear, que transforma um p\u00f3 s\u00f3lido em um composto que facilita o enriquecimento e o transporte.\u00a0\u00a0<\/p>\n<p>O ciclo do ur\u00e2nio \u00e9 de monop\u00f3lio do Estado e s\u00f3 realizado para fins pac\u00edficos. A estatal Ind\u00fastrias Nucleares do Brasil (INB) opera a \u00fanica mina do mineral no pa\u00eds, em Caetit\u00e9, no sudoeste da Bahia, e o enriquecimento \u00e9 feito na f\u00e1brica de Resende, no sul do estado do Rio de Janeiro.\u00a0<\/p>\n<h2>Usinas em Angra\u00a0<\/h2>\n<p><strong>Atualmente, o Brasil tem duas usinas nucleares em opera\u00e7\u00e3o, Angra 1 e Angra 2, na cidade de Angra dos Reis, litoral sul do Rio de Janeiro. As duas, juntas, t\u00eam capacidade de gera\u00e7\u00e3o de 2\u00a0gigawatts (GW), pot\u00eancia\u00a0capaz de abastecer uma cidade como Belo Horizonte, com\u00a02,3 milh\u00f5es de habitantes<\/strong>.\u00a0<\/p>\n<p>A usina Angra 3 est\u00e1 com a constru\u00e7\u00e3o interrompida, e o governo discute se investir\u00e1 na conclus\u00e3o do projeto, que poderia\u00a0adicionar\u00a01,4 GW ao sistema el\u00e9trico brasileiro.\u00a0A obra parada custa cerca de R$ 1 bilh\u00e3o por ano ao pa\u00eds.\u00a0<\/p>\n<p>&gt;&gt; Leia mais: Com constru\u00e7\u00e3o parada, Angra 3 investe em conserva\u00e7\u00e3o de equipamentos\u00a0<\/p>\n<p>Um levantamento do Banco Nacional do Desenvolvimento Econ\u00f4mico e Social (BNDES) aponta que o custo do abandono definitivo das obras de Angra 3 pode variar entre R$ 22 bilh\u00f5es e R$\u00a026 bilh\u00f5es.\u00a0Esse\u00a0valor pode ultrapassar o necess\u00e1rio para a conclus\u00e3o do empreendimento, estimado em R$ 24 bilh\u00f5es.<\/p>\n<p>A decis\u00e3o de seguir ou n\u00e3o com Angra 3 cabe ao Conselho Nacional de Pol\u00edtica Energ\u00e9tica (CNPE), \u00f3rg\u00e3o que re\u00fane diversos minist\u00e9rios.\u00a0<\/p>\n<h2>Transi\u00e7\u00e3o energ\u00e9tica\u00a0<\/h2>\n<p>A consultora t\u00e9cnica Regina Fernandes, da Empresa de Pesquisa Energ\u00e9tica (EPE), destacou que a energia nuclear ganha protagonismo no compromisso do pa\u00eds com a transi\u00e7\u00e3o energ\u00e9tica, diminuindo a depend\u00eancia do pa\u00eds de\u00a0combust\u00edveis mais\u00a0poluidores, como o petr\u00f3leo.\u00a0\u00a0<\/p>\n<p>\u201cEssas fontes firmes e limpas t\u00eam\u00a0espa\u00e7o no cen\u00e1rio de longo prazo para ocupar lugar na matriz energ\u00e9tica. S\u00e3o\u00a0fontes que\u00a0v\u00e3o\u00a0receber mais incentivos por conta de\u00a0urg\u00eancia\u00a0clim\u00e1tica\u201d, afirmou a t\u00e9cnica da empresa vinculada ao MME.\u00a0\u00a0<\/p>\n<p><strong>No \u00faltimo dia 10, o governo brasileiro anunciou a ades\u00e3o \u00e0 Declara\u00e7\u00e3o para Triplicar a Energia Nuclear, iniciativa que busca mobilizar governos, ind\u00fastrias e institui\u00e7\u00f5es financeiras para ampliar, at\u00e9 2050, a capacidade instalada dessa fonte energ\u00e9tica no mundo.\u00a0<\/strong><\/p>\n<p>A\u00a0iniciativa\u00a0foi assinada durante a II C\u00fapula sobre Energia Nuclear, em Paris.\u00a0\u00a0<\/p>\n<p>      <!-- Relacionada --><\/p>\n<p>            <!-- Relacionada -->\n    <\/div>\n<p><br \/>\n<br \/>Fonte: <a href=\"https:\/\/agenciabrasil.ebc.com.br\/economia\/noticia\/2026-03\/energia-nuclear-e-estrategica-para-soberania-defende-industria\">Gazeta do Povo<\/a><\/p>\n","protected":false},"excerpt":{"rendered":"<p>O desenvolvimento da energia nuclear \u00e9 estrat\u00e9gico para o Brasil alcan\u00e7ar autonomia energ\u00e9tica e soberania nacional, em um momento\u00a0em que\u00a0as economias globais precisam de fontes\u00a0est\u00e1veis de energia\u00a0e o cen\u00e1rio geopol\u00edtico causa turbul\u00eancia nas\u00a0cadeias\u00a0de petr\u00f3leo e g\u00e1s natural.\u00a0 A opini\u00e3o \u00e9 defendida por especialistas que participaram, nesta segunda-feira (23),\u00a0do Nuclear Summit, encontro sobre o desenvolvimento da [&hellip;]<\/p>\n","protected":false},"author":5,"featured_media":68930,"comment_status":"open","ping_status":"open","sticky":false,"template":"","format":"standard","meta":{"_seopress_robots_primary_cat":"","_seopress_titles_title":"","_seopress_titles_desc":"","_seopress_robots_index":"","footnotes":""},"categories":[45],"tags":[],"class_list":["post-68929","post","type-post","status-publish","format-standard","has-post-thumbnail","hentry","category-economia"],"_links":{"self":[{"href":"https:\/\/mussicom.com\/noticias\/wp-json\/wp\/v2\/posts\/68929","targetHints":{"allow":["GET"]}}],"collection":[{"href":"https:\/\/mussicom.com\/noticias\/wp-json\/wp\/v2\/posts"}],"about":[{"href":"https:\/\/mussicom.com\/noticias\/wp-json\/wp\/v2\/types\/post"}],"author":[{"embeddable":true,"href":"https:\/\/mussicom.com\/noticias\/wp-json\/wp\/v2\/users\/5"}],"replies":[{"embeddable":true,"href":"https:\/\/mussicom.com\/noticias\/wp-json\/wp\/v2\/comments?post=68929"}],"version-history":[{"count":0,"href":"https:\/\/mussicom.com\/noticias\/wp-json\/wp\/v2\/posts\/68929\/revisions"}],"wp:featuredmedia":[{"embeddable":true,"href":"https:\/\/mussicom.com\/noticias\/wp-json\/wp\/v2\/media\/68930"}],"wp:attachment":[{"href":"https:\/\/mussicom.com\/noticias\/wp-json\/wp\/v2\/media?parent=68929"}],"wp:term":[{"taxonomy":"category","embeddable":true,"href":"https:\/\/mussicom.com\/noticias\/wp-json\/wp\/v2\/categories?post=68929"},{"taxonomy":"post_tag","embeddable":true,"href":"https:\/\/mussicom.com\/noticias\/wp-json\/wp\/v2\/tags?post=68929"}],"curies":[{"name":"wp","href":"https:\/\/api.w.org\/{rel}","templated":true}]}}