{"id":68914,"date":"2026-03-23T15:56:15","date_gmt":"2026-03-23T18:56:15","guid":{"rendered":"https:\/\/mussicom.com\/sonia-guajajara-apresenta-melhoras-mas-continua-internada-em-sp\/"},"modified":"2026-03-23T15:56:15","modified_gmt":"2026-03-23T18:56:15","slug":"sonia-guajajara-apresenta-melhoras-mas-continua-internada-em-sp","status":"publish","type":"post","link":"https:\/\/mussicom.com\/noticias\/sonia-guajajara-apresenta-melhoras-mas-continua-internada-em-sp\/","title":{"rendered":"S\u00f4nia Guajajara apresenta melhoras, mas continua internada em SP"},"content":{"rendered":"<p> <br \/>\n<\/p>\n<div>\n<p>Ap\u00f3s apresentar um quadro de mal-estar, febre alta e dor abdominal, a ministra dos Povos Ind\u00edgenas, <strong>S\u00f4nia Guajajara, foi internada no Instituto do Cora\u00e7\u00e3o do Hospital das Cl\u00ednicas da Faculdade de Medicina da Universidade de S\u00e3o Paulo (Incor-SP), na capital paulista, para investiga\u00e7\u00e3o de um quadro infeccioso. A interna\u00e7\u00e3o ocorreu no \u00faltimo s\u00e1bado (21).<\/strong><img decoding=\"async\" src=\"https:\/\/agenciabrasil.ebc.com.br\/ebc.gif?id=1683194&amp;o=node\" style=\"width:1px; height:1px; display:inline;\"\/><\/p>\n<p>Nesta segunda-feira (23) a <strong>ministra continua internada na Unidade de Terapia Intensiva (UTI) do hospital e apresentou melhoras, respondendo de forma positiva ao tratamento.<\/strong> Apesar disso, ainda n\u00e3o foi divulgada uma previs\u00e3o de quando a ministra poder\u00e1 receber alta hospitalar.<\/p>\n<p><strong>Segundo o infectologista Rinaldo Focaccia Siciliano, respons\u00e1vel pelo atendimento \u00e0 ministra, Guajajara est\u00e1 neste momento est\u00e1vel, sem novos epis\u00f3dios de febre desde ontem (22) e com melhora significativa nos resultados dos exames.<\/strong><\/p>\n<p>&gt;&gt; Siga o canal da <strong>Ag\u00eancia Brasil <\/strong>no WhatsApp<\/p>\n<p>Segundo nota publicada neste domingo em suas redes sociais, a ministra apresenta evolu\u00e7\u00e3o cl\u00ednica favor\u00e1vel, com melhora dos sintomas e estabilidade dos sinais vitais.<\/p>\n<blockquote>\n<p>\u201cPor orienta\u00e7\u00e3o m\u00e9dica, segue hospitalizada em observa\u00e7\u00e3o, realizando exames complementares e recebendo acompanhamento cl\u00ednico\u201d, diz a nota.<\/p>\n<\/blockquote>\n<p>Em 2024, a ministra tamb\u00e9m esteve internada no Incor, em S\u00e3o Paulo, ap\u00f3s passar mal enquanto cumpria uma agenda p\u00fablica.<\/p>\n<p>      <!-- Relacionada --><\/p>\n<p>            <!-- Relacionada -->\n    <\/div>\n<p><br \/>\n<br \/>Fonte: <a href=\"https:\/\/agenciabrasil.ebc.com.br\/saude\/noticia\/2026-03\/sonia-guajajara-apresenta-melhoras-mas-continua-internada-em-sp\">Ag\u00eancia Brasil<\/a><\/p>\n","protected":false},"excerpt":{"rendered":"<p>Ap\u00f3s apresentar um quadro de mal-estar, febre alta e dor abdominal, a ministra dos Povos Ind\u00edgenas, S\u00f4nia Guajajara, foi internada no Instituto do Cora\u00e7\u00e3o do Hospital das Cl\u00ednicas da Faculdade de Medicina da Universidade de S\u00e3o Paulo (Incor-SP), na capital paulista, para investiga\u00e7\u00e3o de um quadro infeccioso. A interna\u00e7\u00e3o ocorreu no \u00faltimo s\u00e1bado (21). Nesta [&hellip;]<\/p>\n","protected":false},"author":5,"featured_media":68915,"comment_status":"open","ping_status":"open","sticky":false,"template":"","format":"standard","meta":{"_seopress_robots_primary_cat":"","_seopress_titles_title":"","_seopress_titles_desc":"","_seopress_robots_index":"","footnotes":""},"categories":[46],"tags":[],"class_list":["post-68914","post","type-post","status-publish","format-standard","has-post-thumbnail","hentry","category-saude"],"_links":{"self":[{"href":"https:\/\/mussicom.com\/noticias\/wp-json\/wp\/v2\/posts\/68914","targetHints":{"allow":["GET"]}}],"collection":[{"href":"https:\/\/mussicom.com\/noticias\/wp-json\/wp\/v2\/posts"}],"about":[{"href":"https:\/\/mussicom.com\/noticias\/wp-json\/wp\/v2\/types\/post"}],"author":[{"embeddable":true,"href":"https:\/\/mussicom.com\/noticias\/wp-json\/wp\/v2\/users\/5"}],"replies":[{"embeddable":true,"href":"https:\/\/mussicom.com\/noticias\/wp-json\/wp\/v2\/comments?post=68914"}],"version-history":[{"count":0,"href":"https:\/\/mussicom.com\/noticias\/wp-json\/wp\/v2\/posts\/68914\/revisions"}],"wp:featuredmedia":[{"embeddable":true,"href":"https:\/\/mussicom.com\/noticias\/wp-json\/wp\/v2\/media\/68915"}],"wp:attachment":[{"href":"https:\/\/mussicom.com\/noticias\/wp-json\/wp\/v2\/media?parent=68914"}],"wp:term":[{"taxonomy":"category","embeddable":true,"href":"https:\/\/mussicom.com\/noticias\/wp-json\/wp\/v2\/categories?post=68914"},{"taxonomy":"post_tag","embeddable":true,"href":"https:\/\/mussicom.com\/noticias\/wp-json\/wp\/v2\/tags?post=68914"}],"curies":[{"name":"wp","href":"https:\/\/api.w.org\/{rel}","templated":true}]}}