{"id":68908,"date":"2026-03-23T15:04:23","date_gmt":"2026-03-23T18:04:23","guid":{"rendered":"https:\/\/mussicom.com\/meloni-sofre-derrota-em-referendo-sobre-reforma-judicial\/"},"modified":"2026-03-23T15:04:23","modified_gmt":"2026-03-23T18:04:23","slug":"meloni-sofre-derrota-em-referendo-sobre-reforma-judicial","status":"publish","type":"post","link":"https:\/\/mussicom.com\/noticias\/meloni-sofre-derrota-em-referendo-sobre-reforma-judicial\/","title":{"rendered":"Meloni sofre derrota em referendo\u00a0sobre reforma judicial"},"content":{"rendered":"<p> <br \/>\n<\/p>\n<div id=\"tp-post-content\">\n<p class=\"postParagraph_post-paragraph__juWZN postParagraph_post-paragraph-innerHtml__Q5vwc\">A primeira-ministra da It\u00e1lia, Giorgia Meloni, sofreu uma derrota eleitoral em um referendo nesta segunda-feira (23), cujo objetivo era avan\u00e7ar com uma reforma judicial no pa\u00eds. Apesar do rev\u00e9s, ela descartou alega\u00e7\u00f5es de ren\u00fancia.<\/p>\n<p class=\"postParagraph_post-paragraph__juWZN postParagraph_post-paragraph-innerHtml__Q5vwc\">&#8220;O povo italiano decidiu, e n\u00f3s respeitaremos essa decis\u00e3o. Seguiremos em frente, como sempre fizemos, com responsabilidade, determina\u00e7\u00e3o e respeito pelo povo italiano e pela It\u00e1lia&#8221;, disse a l\u00edder europeia no X ap\u00f3s a divulga\u00e7\u00e3o de resultados preliminares, que mostram o &#8220;n\u00e3o&#8221; \u00e0 frente do &#8220;sim&#8221; com cerca de 54%.<\/p>\n<p class=\"postParagraph_post-paragraph__juWZN postParagraph_post-paragraph-innerHtml__Q5vwc\">&#8220;Isso n\u00e3o altera nosso compromisso de continuar trabalhando diligentemente e com determina\u00e7\u00e3o para o bem da na\u00e7\u00e3o e para honrar o mandato que nos foi confiado&#8221;, acrescentou Meloni, que j\u00e1 havia esclarecido antes da vota\u00e7\u00e3o que, independentemente do resultado, n\u00e3o renunciaria.<\/p>\n<p class=\"postParagraph_post-paragraph__juWZN postParagraph_post-paragraph-innerHtml__Q5vwc\">Uma das principais medidas que a reforma judicial do governo italiano propunha era a separa\u00e7\u00e3o de carreira entre ju\u00edzes e promotores, impedindo-os de trocar de fun\u00e7\u00e3o, algo que atualmente \u00e9 permitido pela lei italiana.<\/p>\n<p class=\"postParagraph_post-paragraph__juWZN postParagraph_post-paragraph-innerHtml__Q5vwc\">Al\u00e9m disso, o projeto defendia uma altera\u00e7\u00e3o no Conselho Superior da Magistratura, respons\u00e1vel pela\u00a0supervis\u00e3o das nomea\u00e7\u00f5es de magistrados. O governo previa um novo formato na escolha de ju\u00edzes e promotores, substituindo elei\u00e7\u00f5es internas por sorteios entre os eleg\u00edveis. Tamb\u00e9m sugeria a cria\u00e7\u00e3o de um novo tribunal disciplinar composto por 15 membros para julgar quest\u00f5es disciplinares.<\/p>\n<p class=\"postParagraph_post-paragraph__juWZN postParagraph_post-paragraph-innerHtml__Q5vwc\">A administra\u00e7\u00e3o de Giorgia Meloni argumenta que a reforma no sistema judicial se tornou essencial devido ao atual formato ser lento e pass\u00edvel de corrup\u00e7\u00e3o. O governo defende que o projeto previa maior responsabiliza\u00e7\u00e3o para os ju\u00edzes que cometem crimes ou s\u00e3o alvos de a\u00e7\u00f5es disciplinares.<\/p>\n<p class=\"postParagraph_post-paragraph__juWZN postParagraph_post-paragraph-innerHtml__Q5vwc\">Por sua vez, os cr\u00edticos da iniciativa justificam que a reforma ignorava as verdadeiras prioridades e amea\u00e7as \u00e0 independ\u00eancia do Judici\u00e1rio. Segundo os opositores, as mudan\u00e7as propostas poderiam permitir que os pol\u00edticos, incluindo os governistas, exercessem maior influ\u00eancia sobre o sistema.<\/p>\n<\/div>\n<p><br \/>\n<br \/>Fonte: <a href=\"https:\/\/www.gazetadopovo.com.br\/mundo\/meloni-sofre-derrota-referendo-reforma-judicial-descarta-renuncia\/\">Revista Oeste<\/a><\/p>\n","protected":false},"excerpt":{"rendered":"<p>A primeira-ministra da It\u00e1lia, Giorgia Meloni, sofreu uma derrota eleitoral em um referendo nesta segunda-feira (23), cujo objetivo era avan\u00e7ar com uma reforma judicial no pa\u00eds. Apesar do rev\u00e9s, ela descartou alega\u00e7\u00f5es de ren\u00fancia. &#8220;O povo italiano decidiu, e n\u00f3s respeitaremos essa decis\u00e3o. Seguiremos em frente, como sempre fizemos, com responsabilidade, determina\u00e7\u00e3o e respeito pelo [&hellip;]<\/p>\n","protected":false},"author":5,"featured_media":66417,"comment_status":"open","ping_status":"open","sticky":false,"template":"","format":"standard","meta":{"_seopress_robots_primary_cat":"","_seopress_titles_title":"","_seopress_titles_desc":"","_seopress_robots_index":"","footnotes":""},"categories":[48],"tags":[],"class_list":["post-68908","post","type-post","status-publish","format-standard","has-post-thumbnail","hentry","category-internacional"],"_links":{"self":[{"href":"https:\/\/mussicom.com\/noticias\/wp-json\/wp\/v2\/posts\/68908","targetHints":{"allow":["GET"]}}],"collection":[{"href":"https:\/\/mussicom.com\/noticias\/wp-json\/wp\/v2\/posts"}],"about":[{"href":"https:\/\/mussicom.com\/noticias\/wp-json\/wp\/v2\/types\/post"}],"author":[{"embeddable":true,"href":"https:\/\/mussicom.com\/noticias\/wp-json\/wp\/v2\/users\/5"}],"replies":[{"embeddable":true,"href":"https:\/\/mussicom.com\/noticias\/wp-json\/wp\/v2\/comments?post=68908"}],"version-history":[{"count":0,"href":"https:\/\/mussicom.com\/noticias\/wp-json\/wp\/v2\/posts\/68908\/revisions"}],"wp:featuredmedia":[{"embeddable":true,"href":"https:\/\/mussicom.com\/noticias\/wp-json\/wp\/v2\/media\/66417"}],"wp:attachment":[{"href":"https:\/\/mussicom.com\/noticias\/wp-json\/wp\/v2\/media?parent=68908"}],"wp:term":[{"taxonomy":"category","embeddable":true,"href":"https:\/\/mussicom.com\/noticias\/wp-json\/wp\/v2\/categories?post=68908"},{"taxonomy":"post_tag","embeddable":true,"href":"https:\/\/mussicom.com\/noticias\/wp-json\/wp\/v2\/tags?post=68908"}],"curies":[{"name":"wp","href":"https:\/\/api.w.org\/{rel}","templated":true}]}}