{"id":68899,"date":"2026-03-23T14:06:18","date_gmt":"2026-03-23T17:06:18","guid":{"rendered":"https:\/\/mussicom.com\/criancas-sao-encontradas-mortas-dentro-de-carro-em-pg\/"},"modified":"2026-03-23T14:06:18","modified_gmt":"2026-03-23T17:06:18","slug":"criancas-sao-encontradas-mortas-dentro-de-carro-em-pg","status":"publish","type":"post","link":"https:\/\/mussicom.com\/noticias\/criancas-sao-encontradas-mortas-dentro-de-carro-em-pg\/","title":{"rendered":"Crian\u00e7as s\u00e3o encontradas mortas dentro de carro em PG"},"content":{"rendered":"<p> <br \/>\n<\/p>\n<div>\n<p>Duas crian\u00e7as foram encontradas mortas dentro de um carro deixado em um terreno em Praia Grande, no litoral de S\u00e3o Paulo, na manh\u00e3 desta segunda-feira (23), de acordo com a Pol\u00edcia Militar.<\/p>\n<p>Informa\u00e7\u00f5es preliminares apontam que as crian\u00e7as, de 6 e 4 anos, desapareceram por volta das 14h do domingo, 22, quando brincavam em frente \u00e0 casa dos pais. Elas foram encontradas mortas perto da meia-noite, no mesmo momento em que a fam\u00edlia registrava o desaparecimento na delegacia.<\/p>\n<p><img alt=\"\" fetchpriority=\"high\" decoding=\"async\" class=\"size-full wp-image-264355 aligncenter\" src=\"https:\/\/jornaldaorla.com.br\/wp-content\/uploads\/2026\/03\/CRIANCAS-MORTAS-PG.jpg\" alt=\"\" width=\"495\" height=\"413\" srcset=\"https:\/\/jornaldaorla.com.br\/wp-content\/uploads\/2026\/03\/CRIANCAS-MORTAS-PG.jpg 495w, https:\/\/jornaldaorla.com.br\/wp-content\/uploads\/2026\/03\/CRIANCAS-MORTAS-PG-300x250.jpg 300w\" sizes=\"(max-width: 495px) 100vw, 495px\" data-eio=\"l\"\/><\/p>\n<p>Ainda de acordo com a PM, equipes de emerg\u00eancia foram acionadas para uma ocorr\u00eancia de encontro de cad\u00e1ver na Rua S\u00edlvia Dias, altura do n\u00famero 568. Os corpos apresentavam sinais de agress\u00e3o e rigidez cadav\u00e9rica.<\/p>\n<p>Moradores relataram gritos e movimenta\u00e7\u00e3o intensa no local, o que motivou diversas liga\u00e7\u00f5es aos servi\u00e7os de emerg\u00eancia solicitando atendimento imediato. Equipes do Samu tamb\u00e9m pediram apoio policial, informando que a \u00e1rea \u00e9 considerada de risco.<\/p>\n<p>A PM tamb\u00e9m informou que n\u00e3o h\u00e1 informa\u00e7\u00f5es sobre suspeitos ou a din\u00e2mica dos fatos.<\/p>\n<\/div>\n<p><br \/>\n<br \/>Fonte: <a href=\"https:\/\/jornaldaorla.com.br\/noticias\/criancas-sao-encontradas-mortas-dentro-de-carro-em-praia-grande\/\">Jornal Da Orla<\/a><\/p>\n","protected":false},"excerpt":{"rendered":"<p>Duas crian\u00e7as foram encontradas mortas dentro de um carro deixado em um terreno em Praia Grande, no litoral de S\u00e3o Paulo, na manh\u00e3 desta segunda-feira (23), de acordo com a Pol\u00edcia Militar. Informa\u00e7\u00f5es preliminares apontam que as crian\u00e7as, de 6 e 4 anos, desapareceram por volta das 14h do domingo, 22, quando brincavam em frente [&hellip;]<\/p>\n","protected":false},"author":5,"featured_media":68900,"comment_status":"open","ping_status":"open","sticky":false,"template":"","format":"standard","meta":{"_seopress_robots_primary_cat":"","_seopress_titles_title":"","_seopress_titles_desc":"","_seopress_robots_index":"","footnotes":""},"categories":[52],"tags":[],"class_list":["post-68899","post","type-post","status-publish","format-standard","has-post-thumbnail","hentry","category-santoseregiao"],"_links":{"self":[{"href":"https:\/\/mussicom.com\/noticias\/wp-json\/wp\/v2\/posts\/68899","targetHints":{"allow":["GET"]}}],"collection":[{"href":"https:\/\/mussicom.com\/noticias\/wp-json\/wp\/v2\/posts"}],"about":[{"href":"https:\/\/mussicom.com\/noticias\/wp-json\/wp\/v2\/types\/post"}],"author":[{"embeddable":true,"href":"https:\/\/mussicom.com\/noticias\/wp-json\/wp\/v2\/users\/5"}],"replies":[{"embeddable":true,"href":"https:\/\/mussicom.com\/noticias\/wp-json\/wp\/v2\/comments?post=68899"}],"version-history":[{"count":0,"href":"https:\/\/mussicom.com\/noticias\/wp-json\/wp\/v2\/posts\/68899\/revisions"}],"wp:featuredmedia":[{"embeddable":true,"href":"https:\/\/mussicom.com\/noticias\/wp-json\/wp\/v2\/media\/68900"}],"wp:attachment":[{"href":"https:\/\/mussicom.com\/noticias\/wp-json\/wp\/v2\/media?parent=68899"}],"wp:term":[{"taxonomy":"category","embeddable":true,"href":"https:\/\/mussicom.com\/noticias\/wp-json\/wp\/v2\/categories?post=68899"},{"taxonomy":"post_tag","embeddable":true,"href":"https:\/\/mussicom.com\/noticias\/wp-json\/wp\/v2\/tags?post=68899"}],"curies":[{"name":"wp","href":"https:\/\/api.w.org\/{rel}","templated":true}]}}