{"id":68892,"date":"2026-03-23T13:05:21","date_gmt":"2026-03-23T16:05:21","guid":{"rendered":"https:\/\/mussicom.com\/kombi-pega-fogo-dentro-de-posto-na-ponta-da-praia\/"},"modified":"2026-03-23T13:05:21","modified_gmt":"2026-03-23T16:05:21","slug":"kombi-pega-fogo-dentro-de-posto-na-ponta-da-praia","status":"publish","type":"post","link":"https:\/\/mussicom.com\/noticias\/kombi-pega-fogo-dentro-de-posto-na-ponta-da-praia\/","title":{"rendered":"Kombi pega fogo dentro de posto na Ponta da Praia"},"content":{"rendered":"<p> <br \/>\n<\/p>\n<div>\n<p><img alt=\"\" fetchpriority=\"high\" decoding=\"async\" class=\"alignnone wp-image-264330\" src=\"https:\/\/jornaldaorla.com.br\/wp-content\/uploads\/2026\/03\/image.jpg\" alt=\"\" width=\"300\" height=\"198\" data-eio=\"l\"\/><\/p>\n<p>Por volta das 9 horas desta segunda-feira (23), um Kombi pegou fogo logo ap\u00f3s abastecer em um posto BR, na Rua Vereador Henrique Soler, 236, na Ponta da Praia, em Santos. Os Bombeiros foram acionados combate e funcion\u00e1rios do posto tamb\u00e9m utilizaram dois extintores para conter o inc\u00eandio. O fogo atingiu parcialmente a lateral da bomba da mangueira de abastecimento e parte do teto do posto. N\u00e3o houve feridos.<\/p>\n<p>De acordo com relatos registrados pelo Corpo de Bombeiros, o fogo come\u00e7ou na parte inferior do ve\u00edculo no momento em que o motorista ligou o motor. Em seguida, houve uma pequena explos\u00e3o no local.\u00a0 \u201cAs equipes do Corpo de Bombeiros chegaram ao endere\u00e7o do sinistro e, em menos de cinco minutos, conseguiram extinguir completamente o inc\u00eandio. A parte traseira do ve\u00edculo ficou totalmente destru\u00edda em decorr\u00eancia das chamas\u201d, informa o boletim da corpora\u00e7\u00e3o.<\/p>\n<p>Tamb\u00e9m atenderam \u00e0 ocorr\u00eancia equipes da Pol\u00edcia Militar e da Companhia de Engenharia de Tr\u00e1fego (CET). Ap\u00f3s a realiza\u00e7\u00e3o dos procedimentos de resfriamento e rescaldo, o local foi deixado em condi\u00e7\u00f5es seguras pelas guarni\u00e7\u00f5es do 6\u00ba GB. As causas do inc\u00eandio ainda s\u00e3o desconhecidas e ser\u00e3o investigadas.<\/p>\n<p>\u00a0<\/p>\n<\/div>\n<p><br \/>\n<br \/>Fonte: <a href=\"https:\/\/jornaldaorla.com.br\/noticias\/kombi-pega-fogo-dentro-de-posto-de-combustivel-na-ponta-da-praia\/\">Jornal Da Orla<\/a><\/p>\n","protected":false},"excerpt":{"rendered":"<p>Por volta das 9 horas desta segunda-feira (23), um Kombi pegou fogo logo ap\u00f3s abastecer em um posto BR, na Rua Vereador Henrique Soler, 236, na Ponta da Praia, em Santos. Os Bombeiros foram acionados combate e funcion\u00e1rios do posto tamb\u00e9m utilizaram dois extintores para conter o inc\u00eandio. O fogo atingiu parcialmente a lateral da [&hellip;]<\/p>\n","protected":false},"author":5,"featured_media":68893,"comment_status":"open","ping_status":"open","sticky":false,"template":"","format":"standard","meta":{"_seopress_robots_primary_cat":"","_seopress_titles_title":"","_seopress_titles_desc":"","_seopress_robots_index":"","footnotes":""},"categories":[52],"tags":[],"class_list":["post-68892","post","type-post","status-publish","format-standard","has-post-thumbnail","hentry","category-santoseregiao"],"_links":{"self":[{"href":"https:\/\/mussicom.com\/noticias\/wp-json\/wp\/v2\/posts\/68892","targetHints":{"allow":["GET"]}}],"collection":[{"href":"https:\/\/mussicom.com\/noticias\/wp-json\/wp\/v2\/posts"}],"about":[{"href":"https:\/\/mussicom.com\/noticias\/wp-json\/wp\/v2\/types\/post"}],"author":[{"embeddable":true,"href":"https:\/\/mussicom.com\/noticias\/wp-json\/wp\/v2\/users\/5"}],"replies":[{"embeddable":true,"href":"https:\/\/mussicom.com\/noticias\/wp-json\/wp\/v2\/comments?post=68892"}],"version-history":[{"count":0,"href":"https:\/\/mussicom.com\/noticias\/wp-json\/wp\/v2\/posts\/68892\/revisions"}],"wp:featuredmedia":[{"embeddable":true,"href":"https:\/\/mussicom.com\/noticias\/wp-json\/wp\/v2\/media\/68893"}],"wp:attachment":[{"href":"https:\/\/mussicom.com\/noticias\/wp-json\/wp\/v2\/media?parent=68892"}],"wp:term":[{"taxonomy":"category","embeddable":true,"href":"https:\/\/mussicom.com\/noticias\/wp-json\/wp\/v2\/categories?post=68892"},{"taxonomy":"post_tag","embeddable":true,"href":"https:\/\/mussicom.com\/noticias\/wp-json\/wp\/v2\/tags?post=68892"}],"curies":[{"name":"wp","href":"https:\/\/api.w.org\/{rel}","templated":true}]}}