{"id":68869,"date":"2026-03-23T10:58:18","date_gmt":"2026-03-23T13:58:18","guid":{"rendered":"https:\/\/mussicom.com\/ibaneis-critica-oposicao-por-judicializacao-do-socorro-ao-brb\/"},"modified":"2026-03-23T10:58:18","modified_gmt":"2026-03-23T13:58:18","slug":"ibaneis-critica-oposicao-por-judicializacao-do-socorro-ao-brb","status":"publish","type":"post","link":"https:\/\/mussicom.com\/noticias\/ibaneis-critica-oposicao-por-judicializacao-do-socorro-ao-brb\/","title":{"rendered":"Ibaneis critica oposi\u00e7\u00e3o por judicializa\u00e7\u00e3o do socorro ao BRB"},"content":{"rendered":"<p> <br \/>\n<\/p>\n<div id=\"tp-post-content\">\n<p class=\"postParagraph_post-paragraph__juWZN postParagraph_post-paragraph-innerHtml__Q5vwc\">O governador do Distrito Federal, Ibaneis Rocha (MDB), criticou a oposi\u00e7\u00e3o por &#8220;politizar o tema&#8221; das medidas de socorro ao Banco de Bras\u00edlia (BRB), levando ao Judici\u00e1rio demandas para suspender a lei que autorizou o uso de im\u00f3veis p\u00fablicos, a inje\u00e7\u00e3o de recursos e a contrata\u00e7\u00e3o de at\u00e9 R$ 6,6 bilh\u00f5es em empr\u00e9stimos do Fundo Garantidor de Cr\u00e9ditos (FGC). A avalia\u00e7\u00e3o ocorreu nesta segunda-feira (23), em entrevista ao portal <em>Metr\u00f3poles<\/em>.<\/p>\n<p class=\"postParagraph_post-paragraph__juWZN postParagraph_post-paragraph-innerHtml__Q5vwc\">&#8220;Estamos fazendo nossa parte para salvar o BRB, mas a oposi\u00e7\u00e3o quer politizar o tema e est\u00e1 jogando contra por raz\u00f5es meramente eleitoreiras.\u00a0Vamos ver onde isso vai dar&#8221;, avaliou Ibaneis.<\/p>\n<p class=\"postParagraph_post-paragraph__juWZN postParagraph_post-paragraph-innerHtml__Q5vwc\">Na \u00faltima vit\u00f3ria da oposi\u00e7\u00e3o em sua ofensiva judicial, parlamentares do Partido Verde (PV) conseguiram uma liminar para proibir o governo distrital de vender, aplicar em fundos de investimentos ou alienar de qualquer outra forma a Serrinha do Parano\u00e1.<\/p>\n<div class=\"postViewMore_post-view-more-container___5wai\" data-mrf-recirculation=\"Post - Veja tamb\u00e9m\">\n<p class=\"gp-styles-module-size-small-afeYRa gp-styles-module-font-family2-afeYRa gp-styles-module-color-secondary-afeYRa gp-styles-module-weight-bold-afeYRa\">VEJA TAMB\u00c9M:<\/p>\n<ul class=\"postViewMore_post-view-more-list__CU_CE\">\n<li class=\"postViewMore_post-view-more-item__2MzRb\"><span class=\"postViewMore_post-view-more-link-icon___stPC\"><svg xmlns=\"http:\/\/www.w3.org\/2000\/svg\" width=\"16\" height=\"16\" viewbox=\"0 0 16 16\"><rect width=\"16\" height=\"16\" fill=\"none\"\/><g transform=\"translate(3 3)\"><path d=\"M22.5,15l3.4,3.4-3.4,3.4\" transform=\"translate(-15.896 -11.793)\" fill=\"none\" stroke=\"#717171\" stroke-linecap=\"round\" stroke-width=\"1.4\"\/><path d=\"M6,6v4.2a2.452,2.452,0,0,0,2.5,2.4H16\" transform=\"translate(-6 -6)\" fill=\"none\" stroke=\"#717171\" stroke-linecap=\"round\" stroke-width=\"1.4\"\/><\/g><\/svg><\/span><span class=\"postViewMore_post-view-more-link-text__hO_kM\">Justi\u00e7a do DF pro\u00edbe uso de \u00e1rea ambiental para socorrer BRB<\/span><\/li>\n<li class=\"postViewMore_post-view-more-item__2MzRb\"><span class=\"postViewMore_post-view-more-link-icon___stPC\"><svg xmlns=\"http:\/\/www.w3.org\/2000\/svg\" width=\"16\" height=\"16\" viewbox=\"0 0 16 16\"><rect width=\"16\" height=\"16\" fill=\"none\"\/><g transform=\"translate(3 3)\"><path d=\"M22.5,15l3.4,3.4-3.4,3.4\" transform=\"translate(-15.896 -11.793)\" fill=\"none\" stroke=\"#717171\" stroke-linecap=\"round\" stroke-width=\"1.4\"\/><path d=\"M6,6v4.2a2.452,2.452,0,0,0,2.5,2.4H16\" transform=\"translate(-6 -6)\" fill=\"none\" stroke=\"#717171\" stroke-linecap=\"round\" stroke-width=\"1.4\"\/><\/g><\/svg><\/span><span class=\"postViewMore_post-view-more-link-text__hO_kM\">Governo do DF reverte derrubada de lei de socorro ao BRB na segunda inst\u00e2ncia<\/span><\/li>\n<\/ul>\n<\/div>\n<h2 class=\"postParagraph_post-paragraph__juWZN postParagraph_post-paragraph-innerHtml__Q5vwc postParagraph_type-tag-h2__TtFkT\">\u00daltima liminar contra lei fala em &#8220;p\u00e9ssima gest\u00e3o&#8221; do BRB e &#8220;tenebrosas transa\u00e7\u00f5es&#8221; com o Master<\/h2>\n<div class=\"postImage_post-content-image__2CJdu\"><picture class=\"imageDefault_image-container__XGd8_\"><source type=\"image\/webp\" srcset=\"https:\/\/media.gazetadopovo.com.br\/2026\/03\/23104552\/55054040763_841518a971_k-1280x720.jpg 1280w, https:\/\/media.gazetadopovo.com.br\/2026\/03\/23104552\/55054040763_841518a971_k-960x540.jpg 960w, https:\/\/media.gazetadopovo.com.br\/2026\/03\/23104552\/55054040763_841518a971_k-660x372.jpg 660w, https:\/\/media.gazetadopovo.com.br\/2026\/03\/23104552\/55054040763_841518a971_k-540x304.jpg 540w, https:\/\/media.gazetadopovo.com.br\/2026\/03\/23104552\/55054040763_841518a971_k-380x214.jpg 380w, https:\/\/media.gazetadopovo.com.br\/2026\/03\/23104552\/55054040763_841518a971_k-720x720.jpg 720w, https:\/\/media.gazetadopovo.com.br\/2026\/03\/23104552\/55054040763_841518a971_k-540x540.jpg 540w, https:\/\/media.gazetadopovo.com.br\/2026\/03\/23104552\/55054040763_841518a971_k-372x372.jpg 372w, https:\/\/media.gazetadopovo.com.br\/2026\/03\/23104552\/55054040763_841518a971_k-214x214.jpg 214w, https:\/\/media.gazetadopovo.com.br\/2026\/03\/23104552\/55054040763_841518a971_k.jpg.webp 2048w\" sizes=\"(max-width: 767px) 328px, 638px\"\/><source type=\"image\/jpeg\" srcset=\"https:\/\/media.gazetadopovo.com.br\/2026\/03\/23104552\/55054040763_841518a971_k-1280x720.jpg 1280w, https:\/\/media.gazetadopovo.com.br\/2026\/03\/23104552\/55054040763_841518a971_k-960x540.jpg 960w, https:\/\/media.gazetadopovo.com.br\/2026\/03\/23104552\/55054040763_841518a971_k-660x372.jpg 660w, https:\/\/media.gazetadopovo.com.br\/2026\/03\/23104552\/55054040763_841518a971_k-540x304.jpg 540w, https:\/\/media.gazetadopovo.com.br\/2026\/03\/23104552\/55054040763_841518a971_k-380x214.jpg 380w, https:\/\/media.gazetadopovo.com.br\/2026\/03\/23104552\/55054040763_841518a971_k-720x720.jpg 720w, https:\/\/media.gazetadopovo.com.br\/2026\/03\/23104552\/55054040763_841518a971_k-540x540.jpg 540w, https:\/\/media.gazetadopovo.com.br\/2026\/03\/23104552\/55054040763_841518a971_k-372x372.jpg 372w, https:\/\/media.gazetadopovo.com.br\/2026\/03\/23104552\/55054040763_841518a971_k-214x214.jpg 214w, https:\/\/media.gazetadopovo.com.br\/2026\/03\/23104552\/55054040763_841518a971_k.jpg.webp 2048w\" sizes=\"(max-width: 767px) 328px, 638px\"\/><\/picture><i class=\"postImage_post-image-caption__yoE82\">Liminar de vara ambiental usa palavras duras contra gest\u00e3o do BRB por envolvimento com o Banco Master. <!-- --> <!-- -->(Foto: Yasmin Fonseca\/MIDR)<\/i><\/div>\n<p class=\"postParagraph_post-paragraph__juWZN postParagraph_post-paragraph-innerHtml__Q5vwc\">Na decis\u00e3o, o juiz Carlos Frederico Maroj\u00e1 de Medeiros, da Vara de Meio Ambiente, Desenvolvimento Urbano e Fundi\u00e1rio do Tribunal de Justi\u00e7a do Distrito Federal e dos Territ\u00f3rios (TJDFT), usou palavras duras, acusando o poder Executivo de tentar utilizar a \u00e1rea de interesse ambiental para lidar com a &#8220;<strong>p\u00e9ssima gest\u00e3o do banco p\u00fablico, a partir de tenebrosas transa\u00e7\u00f5es com uma empresa que h\u00e1 muito j\u00e1 revelava a\u00e7\u00f5es fraudulentas&#8221;<\/strong>, em refer\u00eancia \u00e0s opera\u00e7\u00f5es com o Banco Master. Ibaneis adiantou que ir\u00e1 recorrer da decis\u00e3o.<\/p>\n<p class=\"postParagraph_post-paragraph__juWZN postParagraph_post-paragraph-innerHtml__Q5vwc\">Na \u00faltima ter\u00e7a-feira, a vit\u00f3ria foi do governo. O desembargador Roberval Casemiro Belinati\u00a0cassou uma liminar obtida pelo PSB que suspendia toda a nova lei, alegando falta de estudos sobre o potencial estrat\u00e9gico dos im\u00f3veis. Para Belinati, a liminar colocava em risco a &#8220;ordem administrativa e econ\u00f4mica&#8221;.<\/p>\n<p class=\"postParagraph_post-paragraph__juWZN postParagraph_post-paragraph-innerHtml__Q5vwc\">A sess\u00e3o de 3 de mar\u00e7o da C\u00e2mara Legislativa do Distrito Federal (CLDF), em que foi aprovado o socorro ao BRB, anteviu a judicializa\u00e7\u00e3o. Manifestantes contra e a favor do projeto foram ao plen\u00e1rio para defender suas posi\u00e7\u00f5es. Na tribuna, a deputada distrital Paula Belmonte (PSDB) subiu com um cheque em branco, representando a principal cr\u00edtica da oposi\u00e7\u00e3o ao texto.<\/p>\n<\/div>\n<p><br \/>\n<br \/>Fonte: <a href=\"https:\/\/www.gazetadopovo.com.br\/economia\/ibaneis-critica-oposicao-por-judicializacao-do-socorro-ao-brb\/\">Gazeta do Povo<\/a><\/p>\n","protected":false},"excerpt":{"rendered":"<p>O governador do Distrito Federal, Ibaneis Rocha (MDB), criticou a oposi\u00e7\u00e3o por &#8220;politizar o tema&#8221; das medidas de socorro ao Banco de Bras\u00edlia (BRB), levando ao Judici\u00e1rio demandas para suspender a lei que autorizou o uso de im\u00f3veis p\u00fablicos, a inje\u00e7\u00e3o de recursos e a contrata\u00e7\u00e3o de at\u00e9 R$ 6,6 bilh\u00f5es em empr\u00e9stimos do Fundo [&hellip;]<\/p>\n","protected":false},"author":5,"featured_media":68870,"comment_status":"open","ping_status":"open","sticky":false,"template":"","format":"standard","meta":{"_seopress_robots_primary_cat":"","_seopress_titles_title":"","_seopress_titles_desc":"","_seopress_robots_index":"","footnotes":""},"categories":[45],"tags":[],"class_list":["post-68869","post","type-post","status-publish","format-standard","has-post-thumbnail","hentry","category-economia"],"_links":{"self":[{"href":"https:\/\/mussicom.com\/noticias\/wp-json\/wp\/v2\/posts\/68869","targetHints":{"allow":["GET"]}}],"collection":[{"href":"https:\/\/mussicom.com\/noticias\/wp-json\/wp\/v2\/posts"}],"about":[{"href":"https:\/\/mussicom.com\/noticias\/wp-json\/wp\/v2\/types\/post"}],"author":[{"embeddable":true,"href":"https:\/\/mussicom.com\/noticias\/wp-json\/wp\/v2\/users\/5"}],"replies":[{"embeddable":true,"href":"https:\/\/mussicom.com\/noticias\/wp-json\/wp\/v2\/comments?post=68869"}],"version-history":[{"count":0,"href":"https:\/\/mussicom.com\/noticias\/wp-json\/wp\/v2\/posts\/68869\/revisions"}],"wp:featuredmedia":[{"embeddable":true,"href":"https:\/\/mussicom.com\/noticias\/wp-json\/wp\/v2\/media\/68870"}],"wp:attachment":[{"href":"https:\/\/mussicom.com\/noticias\/wp-json\/wp\/v2\/media?parent=68869"}],"wp:term":[{"taxonomy":"category","embeddable":true,"href":"https:\/\/mussicom.com\/noticias\/wp-json\/wp\/v2\/categories?post=68869"},{"taxonomy":"post_tag","embeddable":true,"href":"https:\/\/mussicom.com\/noticias\/wp-json\/wp\/v2\/tags?post=68869"}],"curies":[{"name":"wp","href":"https:\/\/api.w.org\/{rel}","templated":true}]}}