{"id":68858,"date":"2026-03-23T09:59:14","date_gmt":"2026-03-23T12:59:14","guid":{"rendered":"https:\/\/mussicom.com\/direita-nacionalista-cresce-nas-eleicoes-municipais-na-franca\/"},"modified":"2026-03-23T09:59:14","modified_gmt":"2026-03-23T12:59:14","slug":"direita-nacionalista-cresce-nas-eleicoes-municipais-na-franca","status":"publish","type":"post","link":"https:\/\/mussicom.com\/noticias\/direita-nacionalista-cresce-nas-eleicoes-municipais-na-franca\/","title":{"rendered":"Direita nacionalista cresce nas elei\u00e7\u00f5es municipais na Fran\u00e7a"},"content":{"rendered":"<p> <br \/>\n<\/p>\n<div id=\"tp-post-content\">\n<p class=\"postParagraph_post-paragraph__juWZN postParagraph_post-paragraph-innerHtml__Q5vwc\">O partido de direita nacionalista Reagrupamento Nacional (RN) obteve resultados expressivos nas elei\u00e7\u00f5es municipais da Fran\u00e7a, encerradas no domingo (22), e aumentou seu capital pol\u00edtico para o pleito presidencial de 2027.<\/p>\n<p class=\"postParagraph_post-paragraph__juWZN postParagraph_post-paragraph-innerHtml__Q5vwc\">Contando as disputas do primeiro turno, realizadas no domingo passado (15), e do segundo, que ocorreram ontem, o RN vai governar 47 prefeituras francesas, mais que triplicando as 14 que havia obtido na elei\u00e7\u00e3o de 2020.<\/p>\n<p class=\"postParagraph_post-paragraph__juWZN postParagraph_post-paragraph-innerHtml__Q5vwc\">O RN e partidos aliados somaram 310 novas prefeituras nas elei\u00e7\u00f5es de 2026 e conquistaram 3.019 cargos de prefeito e vereador, segundo levantamento do site Politico. Em 2020, haviam obtido apenas 827.<\/p>\n<p class=\"postParagraph_post-paragraph__juWZN postParagraph_post-paragraph-innerHtml__Q5vwc\">O resultado mais expressivo foi atingido em Nice, quinta maior cidade da Fran\u00e7a, onde Eric Ciotti (aliado do RN), foi eleito.<\/p>\n<p class=\"postParagraph_post-paragraph__juWZN postParagraph_post-paragraph-innerHtml__Q5vwc\">Nas duas maiores cidades francesas, Paris e Marselha, a esquerda continuar\u00e1 governando, com as vit\u00f3rias de Emmanuel Gr\u00e9goire e Beno\u00eet Payan, respectivamente.<\/p>\n<p class=\"postParagraph_post-paragraph__juWZN postParagraph_post-paragraph-innerHtml__Q5vwc\">\u201cMuito orgulhoso de nossos candidatos exemplares e desta grande campanha. O RN se tornou a for\u00e7a silenciosa que a Fran\u00e7a precisa para iniciar seu renascimento!\u201d, escreveu no X Jordan Bardella, l\u00edder do RN.<\/p>\n<p class=\"postParagraph_post-paragraph__juWZN postParagraph_post-paragraph-innerHtml__Q5vwc\">A legenda, que tamb\u00e9m havia obtido resultados expressivos nas \u00faltimas elei\u00e7\u00f5es legislativas nacionais e para o Parlamento Europeu, agora mira a presid\u00eancia, ap\u00f3s ter chegado ao segundo turno nas duas \u00faltimas disputas (em 2022 e 2017), com Marine Le Pen.<\/p>\n<p class=\"postParagraph_post-paragraph__juWZN postParagraph_post-paragraph-innerHtml__Q5vwc\">No ano passado, em um julgamento por desvio de recursos do Parlamento Europeu, Le Pen foi condenada a quatro anos de pris\u00e3o (dois a serem cumpridos em pris\u00e3o domiciliar e dois suspensos), pagamento de multa de 100 mil euros e inelegibilidade por cinco anos, o que a deixaria de fora da elei\u00e7\u00e3o presidencial de 2027 \u2013 que seria sua quarta tentativa de chegar ao Pal\u00e1cio do Eliseu.<\/p>\n<p class=\"postParagraph_post-paragraph__juWZN postParagraph_post-paragraph-innerHtml__Q5vwc\">Ela recorreu e uma decis\u00e3o ser\u00e1 anunciada pela Justi\u00e7a francesa em 7 de julho. Caso sua condena\u00e7\u00e3o seja mantida, Bardella deve ser o candidato presidencial do RN na disputa para suceder Emmanuel Macron, que n\u00e3o poder\u00e1 tentar outro mandato porque j\u00e1 foi eleito duas vezes consecutivamente.<\/p>\n<\/div>\n<p><br \/>\n<br \/>Fonte: <a href=\"https:\/\/www.gazetadopovo.com.br\/mundo\/direita-nacionalista-cresce-eleicoes-municipais-franca-ganha-folego-disputa-presidencial\/\">Revista Oeste<\/a><\/p>\n","protected":false},"excerpt":{"rendered":"<p>O partido de direita nacionalista Reagrupamento Nacional (RN) obteve resultados expressivos nas elei\u00e7\u00f5es municipais da Fran\u00e7a, encerradas no domingo (22), e aumentou seu capital pol\u00edtico para o pleito presidencial de 2027. Contando as disputas do primeiro turno, realizadas no domingo passado (15), e do segundo, que ocorreram ontem, o RN vai governar 47 prefeituras francesas, [&hellip;]<\/p>\n","protected":false},"author":5,"featured_media":68859,"comment_status":"open","ping_status":"open","sticky":false,"template":"","format":"standard","meta":{"_seopress_robots_primary_cat":"","_seopress_titles_title":"","_seopress_titles_desc":"","_seopress_robots_index":"","footnotes":""},"categories":[48],"tags":[],"class_list":["post-68858","post","type-post","status-publish","format-standard","has-post-thumbnail","hentry","category-internacional"],"_links":{"self":[{"href":"https:\/\/mussicom.com\/noticias\/wp-json\/wp\/v2\/posts\/68858","targetHints":{"allow":["GET"]}}],"collection":[{"href":"https:\/\/mussicom.com\/noticias\/wp-json\/wp\/v2\/posts"}],"about":[{"href":"https:\/\/mussicom.com\/noticias\/wp-json\/wp\/v2\/types\/post"}],"author":[{"embeddable":true,"href":"https:\/\/mussicom.com\/noticias\/wp-json\/wp\/v2\/users\/5"}],"replies":[{"embeddable":true,"href":"https:\/\/mussicom.com\/noticias\/wp-json\/wp\/v2\/comments?post=68858"}],"version-history":[{"count":0,"href":"https:\/\/mussicom.com\/noticias\/wp-json\/wp\/v2\/posts\/68858\/revisions"}],"wp:featuredmedia":[{"embeddable":true,"href":"https:\/\/mussicom.com\/noticias\/wp-json\/wp\/v2\/media\/68859"}],"wp:attachment":[{"href":"https:\/\/mussicom.com\/noticias\/wp-json\/wp\/v2\/media?parent=68858"}],"wp:term":[{"taxonomy":"category","embeddable":true,"href":"https:\/\/mussicom.com\/noticias\/wp-json\/wp\/v2\/categories?post=68858"},{"taxonomy":"post_tag","embeddable":true,"href":"https:\/\/mussicom.com\/noticias\/wp-json\/wp\/v2\/tags?post=68858"}],"curies":[{"name":"wp","href":"https:\/\/api.w.org\/{rel}","templated":true}]}}