{"id":68849,"date":"2026-03-23T08:52:38","date_gmt":"2026-03-23T11:52:38","guid":{"rendered":"https:\/\/mussicom.com\/pagamento-da-1a-parcela-do-programa-pe-de-meia-comeca-nesta-segunda\/"},"modified":"2026-03-23T08:52:38","modified_gmt":"2026-03-23T11:52:38","slug":"pagamento-da-1a-parcela-do-programa-pe-de-meia-comeca-nesta-segunda","status":"publish","type":"post","link":"https:\/\/mussicom.com\/noticias\/pagamento-da-1a-parcela-do-programa-pe-de-meia-comeca-nesta-segunda\/","title":{"rendered":"Pagamento da 1\u00aa parcela do programa P\u00e9-de-Meia come\u00e7a nesta segunda"},"content":{"rendered":"<p> <br \/>\n<\/p>\n<div>\n<p><strong>Estudantes do ensino m\u00e9dio da rede p\u00fablica que participam do programa P\u00e9-de-Meia come\u00e7am a receber, nesta segunda-feira (23),\u00a0a primeira parcela de 2026 referente \u00e0 matr\u00edcula.<\/strong><img decoding=\"async\" src=\"https:\/\/agenciabrasil.ebc.com.br\/ebc.gif?id=1683061&amp;o=node\" style=\"width:1px; height:1px; display:inline;\"\/><\/p>\n<p>Os <strong>pagamentos seguem at\u00e9 o dia 30 de mar\u00e7o<\/strong>, de acordo com o m\u00eas de nascimento dos alunos.<\/p>\n<p>No mesmo per\u00edodo, o Minist\u00e9rio da Educa\u00e7\u00e3o tamb\u00e9m inicia os dep\u00f3sitos para quem foi aprovado no ano letivo de 2025 e para os estudantes que participaram Exame Nacional do Ensino M\u00e9dio (Enem).<\/p>\n<p>Segundo o MEC, os pagamentos ocorrer\u00e3o\u00a0conforme as secretarias estaduais de Educa\u00e7\u00e3o repassam os dados dos alunos.<\/p>\n<p><strong>Ou\u00e7a mais detalhes na\u00a0Radioag\u00eancia Nacional:<\/strong><\/p>\n<h2>Dados 2026<\/h2>\n<p><strong>As informa\u00e7\u00f5es atualizadas sobre o ano letivo de 2026 j\u00e1 est\u00e3o dispon\u00edveis para consulta desde sexta-feira (20), no portal do Minist\u00e9rio da Educa\u00e7\u00e3o.<\/strong><\/p>\n<p>O acesso pode ser feito por computador, celular ou tablet, utilizando a conta gov.br do estudante<\/p>\n<p>Criado em 2024, o programa P\u00e9-de-Meia \u00e9 voltado para alunos de fam\u00edlias inscritas no Cad\u00danico, o Cadastro \u00danico do governo federal.<\/p>\n<p>Atualmente, cerca de 6 milh\u00f5es de estudantes s\u00e3o beneficiados em todo o pa\u00eds.<\/p>\n<p><strong>O programa prev\u00ea o pagamento de R$ 200 pela matr\u00edcula, al\u00e9m de outras nove parcelas no mesmo valor.<\/strong><\/p>\n<p><strong>Os estudantes que participam do Enem tamb\u00e9m recebem um incentivo adicional de R$ 200.<\/strong><\/p>\n<p>      <!-- Relacionada --><\/p>\n<p>            <!-- Relacionada -->\n    <\/div>\n<p><br \/>\n<br \/>Fonte: <a href=\"https:\/\/agenciabrasil.ebc.com.br\/educacao\/noticia\/2026-03\/pagamento-da-1a-parcela-do-programa-pe-de-meia-comeca-nesta-segunda\">Ag\u00eancia Brasil<\/a><\/p>\n","protected":false},"excerpt":{"rendered":"<p>Estudantes do ensino m\u00e9dio da rede p\u00fablica que participam do programa P\u00e9-de-Meia come\u00e7am a receber, nesta segunda-feira (23),\u00a0a primeira parcela de 2026 referente \u00e0 matr\u00edcula. Os pagamentos seguem at\u00e9 o dia 30 de mar\u00e7o, de acordo com o m\u00eas de nascimento dos alunos. No mesmo per\u00edodo, o Minist\u00e9rio da Educa\u00e7\u00e3o tamb\u00e9m inicia os dep\u00f3sitos para [&hellip;]<\/p>\n","protected":false},"author":5,"featured_media":9684,"comment_status":"open","ping_status":"open","sticky":false,"template":"","format":"standard","meta":{"_seopress_robots_primary_cat":"","_seopress_titles_title":"","_seopress_titles_desc":"","_seopress_robots_index":"","footnotes":""},"categories":[44],"tags":[],"class_list":["post-68849","post","type-post","status-publish","format-standard","has-post-thumbnail","hentry","category-educacao"],"_links":{"self":[{"href":"https:\/\/mussicom.com\/noticias\/wp-json\/wp\/v2\/posts\/68849","targetHints":{"allow":["GET"]}}],"collection":[{"href":"https:\/\/mussicom.com\/noticias\/wp-json\/wp\/v2\/posts"}],"about":[{"href":"https:\/\/mussicom.com\/noticias\/wp-json\/wp\/v2\/types\/post"}],"author":[{"embeddable":true,"href":"https:\/\/mussicom.com\/noticias\/wp-json\/wp\/v2\/users\/5"}],"replies":[{"embeddable":true,"href":"https:\/\/mussicom.com\/noticias\/wp-json\/wp\/v2\/comments?post=68849"}],"version-history":[{"count":0,"href":"https:\/\/mussicom.com\/noticias\/wp-json\/wp\/v2\/posts\/68849\/revisions"}],"wp:featuredmedia":[{"embeddable":true,"href":"https:\/\/mussicom.com\/noticias\/wp-json\/wp\/v2\/media\/9684"}],"wp:attachment":[{"href":"https:\/\/mussicom.com\/noticias\/wp-json\/wp\/v2\/media?parent=68849"}],"wp:term":[{"taxonomy":"category","embeddable":true,"href":"https:\/\/mussicom.com\/noticias\/wp-json\/wp\/v2\/categories?post=68849"},{"taxonomy":"post_tag","embeddable":true,"href":"https:\/\/mussicom.com\/noticias\/wp-json\/wp\/v2\/tags?post=68849"}],"curies":[{"name":"wp","href":"https:\/\/api.w.org\/{rel}","templated":true}]}}