{"id":68827,"date":"2026-03-23T03:57:14","date_gmt":"2026-03-23T06:57:14","guid":{"rendered":"https:\/\/mussicom.com\/nova-fase-dos-precos-agricolas-chama-atencao\/"},"modified":"2026-03-23T03:57:14","modified_gmt":"2026-03-23T06:57:14","slug":"nova-fase-dos-precos-agricolas-chama-atencao","status":"publish","type":"post","link":"https:\/\/mussicom.com\/noticias\/nova-fase-dos-precos-agricolas-chama-atencao\/","title":{"rendered":"Nova fase dos pre\u00e7os agr\u00edcolas chama aten\u00e7\u00e3o"},"content":{"rendered":"<p> <br \/>\n<\/p>\n<div>\n<div class=\"row\">\n<div class=\"col-lg col-infos mt-0 mt-lg-0\">\n<div class=\"section-sub-title\">\n<p itemprop=\"description\">&#13;<br \/>\n                                No cen\u00e1rio atual, tens\u00f5es entre Ir\u00e3 e Estados Unidos elevam a incerteza&#13;\n                            <\/p>\n<\/p><\/div>\n<div class=\"container\">\n<div class=\"row\">\n<div class=\"col-lg p-0\">\n<div>\n<div class=\"block-news-main-infos mt-3 text-start\">\n<p>                                            <strong class=\"fn\" itemprop=\"author\" style=\"color: rgb(112, 112, 112); \">&#13;<br \/>\n                                                Agrolink&#13;<br \/>\n&#13;<br \/>\n                                                    &#8211; Leonardo Gottems&#13;<br \/>\n&#13;<br \/>\n                                            <\/strong><br \/>\n                                        <\/p>\n<p>                                            <abbr><time datetime=\"2026 - 03 - 23T02:49\" itemprop=\"datePublished dateModified\"> Publicado em 23\/03\/2026 \u00e0s 02:49h.<\/time><\/abbr>\n                                    <\/div>\n<\/p><\/div>\n<\/p><\/div>\n<div class=\"col-lg p-0 text-lg-end\">\n<div>\n<div id=\"mdEnviarPagina\" class=\"modal fade\" role=\"dialog\">\n<div class=\"modal-dialog\">\n<div class=\"modal-content\">\n<div class=\"modal-body\">\n<p><strong>Estimado usu\u00e1rio.<\/strong><br \/>Preencha o formul\u00e1rio abaixo para remeter a p\u00e1gina.<\/p>\n<\/p><\/div>\n<\/p><\/div>\n<\/p><\/div>\n<\/div><\/div>\n<\/p><\/div>\n<\/p><\/div>\n<\/p><\/div>\n<\/p><\/div>\n<\/p><\/div>\n<div class=\"row justify-content-md-center mt-3\">\n<div class=\"col-lg-auto col-image block-news-main-image\">\n<p>                                <br \/>\n                                                <span class=\"d-block mt-1\">No cen\u00e1rio atual, tens\u00f5es entre Ir\u00e3 e Estados Unidos elevam a incerteza &#8211; Foto: Canva<\/span><\/p><\/div>\n<\/p><\/div>\n<div class=\"section-description section-description-noticias mt-3\">\n<p>Os ciclos de pre\u00e7os agr\u00edcolas refletem movimentos que v\u00e3o al\u00e9m da rela\u00e7\u00e3o direta entre oferta e demanda, incorporando transforma\u00e7\u00f5es estruturais, avan\u00e7os tecnol\u00f3gicos e fatores geopol\u00edticos ao longo do tempo. An\u00e1lise da MFT Consultoria em Agroneg\u00f3cios, com base em dados do USDA Agricultural Research Service compilados pelo CoBank, mostra que o comportamento de commodities como soja, milho e trigo n\u00e3o segue trajet\u00f3ria linear.&#13;\n<\/p>\n<p>O hist\u00f3rico desses mercados nos Estados Unidos indica que per\u00edodos de relativa estabilidade s\u00e3o frequentemente interrompidos por choques econ\u00f4micos, conflitos e mudan\u00e7as nos padr\u00f5es de consumo. Em d\u00e9cadas anteriores, os ciclos apresentavam maior regularidade, com altas motivadas por desequil\u00edbrios entre produ\u00e7\u00e3o e demanda, seguidas por ajustes que reconduziam os pre\u00e7os a patamares pr\u00f3ximos aos custos.<\/p>\n<p>Esse padr\u00e3o come\u00e7ou a se modificar a partir dos anos 1970, com o avan\u00e7o da integra\u00e7\u00e3o global. Energia, clima, com\u00e9rcio internacional e decis\u00f5es pol\u00edticas passaram a exercer influ\u00eancia mais direta e constante sobre a din\u00e2mica agr\u00edcola, ampliando a complexidade da forma\u00e7\u00e3o de pre\u00e7os.&#13;\n<\/p>\n<p>No cen\u00e1rio atual, tens\u00f5es entre Ir\u00e3 e Estados Unidos elevam a incerteza e aumentam a volatilidade do petr\u00f3leo, impactando custos de energia, transporte e insumos. Esse ambiente refor\u00e7a o papel da geopol\u00edtica como fator cont\u00ednuo na cadeia produtiva do agroneg\u00f3cio.<\/p>\n<p>Os Estados Unidos seguem como refer\u00eancia central na forma\u00e7\u00e3o dos pre\u00e7os internacionais, enquanto soja, milho e trigo se consolidam como produtos estrat\u00e9gicos para a seguran\u00e7a econ\u00f4mica e alimentar. Ap\u00f3s o ajuste registrado entre 2023 e 2025, o mercado indica uma fase de transi\u00e7\u00e3o, com possibilidade de recupera\u00e7\u00e3o moderada, ainda cercada por incertezas.&#13;\n<\/p>\n<p>A leitura desses movimentos se torna essencial diante de um contexto de conflitos persistentes e maior fragmenta\u00e7\u00e3o econ\u00f4mica, em que os pre\u00e7os dos gr\u00e3os passam a refletir a intera\u00e7\u00e3o de m\u00faltiplos fatores, com destaque crescente para a geopol\u00edtica.<br \/>&#13;<br \/>\n\u00a0<\/p>\n<\/p><\/div>\n<\/p><\/div>\n<p><script data-cfasync=\"false\">\n    !function (f, b, e, v, n, t, s) {\n        if (f.fbq) return; n = f.fbq = function () {\n            n.callMethod ?\n                n.callMethod.apply(n, arguments) : n.queue.push(arguments)\n        };\n        if (!f._fbq) f._fbq = n; n.push = n; n.loaded = !0; n.version = '2.0';\n        n.queue = []; t = b.createElement(e); t.async = !0;\n        t.src = v; s = b.getElementsByTagName(e)[0];\n        s.parentNode.insertBefore(t, s)\n    }(window, document, 'script',\n        'https:\/\/connect.facebook.net\/en_US\/fbevents.js');\n    fbq('init', '522546078623747');\n    fbq('track', 'PageView');\n<\/script><br \/>\n<br \/><br \/>\n<br \/>Fonte: <a href=\"https:\/\/www.agrolink.com.br\/noticias\/nova-fase-dos-precos-agricolas-chama-atencao_512293.html\">AGROLINK<\/a><\/p>\n","protected":false},"excerpt":{"rendered":"<p>&#13; No cen\u00e1rio atual, tens\u00f5es entre Ir\u00e3 e Estados Unidos elevam a incerteza&#13; &#13; Agrolink&#13; &#13; &#8211; Leonardo Gottems&#13; &#13; Publicado em 23\/03\/2026 \u00e0s 02:49h. Estimado usu\u00e1rio.Preencha o formul\u00e1rio abaixo para remeter a p\u00e1gina. No cen\u00e1rio atual, tens\u00f5es entre Ir\u00e3 e Estados Unidos elevam a incerteza &#8211; Foto: Canva Os ciclos de pre\u00e7os agr\u00edcolas refletem [&hellip;]<\/p>\n","protected":false},"author":5,"featured_media":47314,"comment_status":"open","ping_status":"open","sticky":false,"template":"","format":"standard","meta":{"_seopress_robots_primary_cat":"","_seopress_titles_title":"","_seopress_titles_desc":"","_seopress_robots_index":"","footnotes":""},"categories":[53],"tags":[],"class_list":["post-68827","post","type-post","status-publish","format-standard","has-post-thumbnail","hentry","category-agronegocio"],"_links":{"self":[{"href":"https:\/\/mussicom.com\/noticias\/wp-json\/wp\/v2\/posts\/68827","targetHints":{"allow":["GET"]}}],"collection":[{"href":"https:\/\/mussicom.com\/noticias\/wp-json\/wp\/v2\/posts"}],"about":[{"href":"https:\/\/mussicom.com\/noticias\/wp-json\/wp\/v2\/types\/post"}],"author":[{"embeddable":true,"href":"https:\/\/mussicom.com\/noticias\/wp-json\/wp\/v2\/users\/5"}],"replies":[{"embeddable":true,"href":"https:\/\/mussicom.com\/noticias\/wp-json\/wp\/v2\/comments?post=68827"}],"version-history":[{"count":0,"href":"https:\/\/mussicom.com\/noticias\/wp-json\/wp\/v2\/posts\/68827\/revisions"}],"wp:featuredmedia":[{"embeddable":true,"href":"https:\/\/mussicom.com\/noticias\/wp-json\/wp\/v2\/media\/47314"}],"wp:attachment":[{"href":"https:\/\/mussicom.com\/noticias\/wp-json\/wp\/v2\/media?parent=68827"}],"wp:term":[{"taxonomy":"category","embeddable":true,"href":"https:\/\/mussicom.com\/noticias\/wp-json\/wp\/v2\/categories?post=68827"},{"taxonomy":"post_tag","embeddable":true,"href":"https:\/\/mussicom.com\/noticias\/wp-json\/wp\/v2\/tags?post=68827"}],"curies":[{"name":"wp","href":"https:\/\/api.w.org\/{rel}","templated":true}]}}