{"id":68821,"date":"2026-03-23T00:07:13","date_gmt":"2026-03-23T03:07:13","guid":{"rendered":"https:\/\/mussicom.com\/apos-empate-do-santos-contra-o-cruzeiro-cuca-destaca-pausa-para-sequencia-da-temporada\/"},"modified":"2026-03-23T00:07:13","modified_gmt":"2026-03-23T03:07:13","slug":"apos-empate-do-santos-contra-o-cruzeiro-cuca-destaca-pausa-para-sequencia-da-temporada","status":"publish","type":"post","link":"https:\/\/mussicom.com\/noticias\/apos-empate-do-santos-contra-o-cruzeiro-cuca-destaca-pausa-para-sequencia-da-temporada\/","title":{"rendered":"Ap\u00f3s empate do Santos contra o Cruzeiro, Cuca destaca pausa para sequ\u00eancia da temporada"},"content":{"rendered":"<p> <br \/>\n<\/p>\n<div>\n<div id=\"attachment_181036\" style=\"width: 1040px\" class=\"wp-caption aligncenter\"><img alt=\"\" fetchpriority=\"high\" fetchpriority=\"high\" decoding=\"async\" aria-describedby=\"caption-attachment-181036\" class=\" wp-image-181036\" src=\"https:\/\/www.diariodopeixe.com.br\/wp-content\/uploads\/2026\/03\/55160080875_6d040076b9_o-240x300.jpg\" alt=\"\" width=\"1030\" height=\"1288\" srcset=\"https:\/\/www.diariodopeixe.com.br\/wp-content\/uploads\/2026\/03\/55160080875_6d040076b9_o-200x250.jpg 200w, https:\/\/www.diariodopeixe.com.br\/wp-content\/uploads\/2026\/03\/55160080875_6d040076b9_o-240x300.jpg 240w, https:\/\/www.diariodopeixe.com.br\/wp-content\/uploads\/2026\/03\/55160080875_6d040076b9_o-400x500.jpg 400w, https:\/\/www.diariodopeixe.com.br\/wp-content\/uploads\/2026\/03\/55160080875_6d040076b9_o-600x750.jpg 600w, https:\/\/www.diariodopeixe.com.br\/wp-content\/uploads\/2026\/03\/55160080875_6d040076b9_o-768x960.jpg 768w, https:\/\/www.diariodopeixe.com.br\/wp-content\/uploads\/2026\/03\/55160080875_6d040076b9_o-800x1000.jpg 800w, https:\/\/www.diariodopeixe.com.br\/wp-content\/uploads\/2026\/03\/55160080875_6d040076b9_o-819x1024.jpg 819w, https:\/\/www.diariodopeixe.com.br\/wp-content\/uploads\/2026\/03\/55160080875_6d040076b9_o-1200x1500.jpg 1200w, https:\/\/www.diariodopeixe.com.br\/wp-content\/uploads\/2026\/03\/55160080875_6d040076b9_o-1229x1536.jpg 1229w, https:\/\/www.diariodopeixe.com.br\/wp-content\/uploads\/2026\/03\/55160080875_6d040076b9_o-1638x2048.jpg 1638w\" sizes=\"(max-width: 1030px) 100vw, 1030px\"\/><\/p>\n<p id=\"caption-attachment-181036\" class=\"wp-caption-text\">Cuca analisou a reestreia dele pelo Santos (Cr\u00e9dito: Raul Baretta\/Santos FC)<\/p>\n<\/div>\n<p>O t\u00e9cnico Cuca analisou o empate do Santos com o Cruzeiro em 0 a 0, no Mineir\u00e3o, pela oitava rodada do Brasileir\u00e3o, neste domingo (22). O treinador viu um jogo dif\u00edcil em Minas Gerais, ainda mais por ser briga na parte debaixo da tabela e lamentou o gol anulado por impedimento. Com o resultado, o Peixe saiu da zona de rebaixamento.<\/p>\n<p>\u201cA estrat\u00e9gia perfeita, ter\u00edamos ganhado um jogo dif\u00edcil, complicado. Duas equipes na parte debaixo da tabela, com a grandeza dos times. Jogo que tem que errar zero, como fizemos, e eles tiveram duas chances. Um ponto a se comemorar, um jogo decisivo aqui, que precocemente \u2013 em termos de campeonato \u2013 envolve muita coisa. Um gol normal, n\u00e3o estava impedido. \u00c9ramos para estar comemorando, mas est\u00e1 bom\u201d, ressaltou.<\/p>\n<p>A equipe santista ter\u00e1 quase duas semanas de pausa por conta da Data Fifa e ter\u00e1 a chance de contar com o retorno de jogadores para a sequ\u00eancia. No confronto em Belo Horizonte, foram quatro baixas: Neymar por controle de carga, Miguelito na Sele\u00e7\u00e3o Boliviana e Lautaro D\u00edaz e Gabigol, fora por for\u00e7a de contrato.<\/p>\n<p>\u201cA partir do que fizemos hoje \u00e9 tentar melhorar, em todos os sentidos, de treinamento e recuperar quem n\u00e3o jogou. Para ficarmos mais fortes para o jogo do Remo na outra quinta. Vamos trabalhar forte para melhorar. Temos jogadores importantes, Neymar e Gabigol para voltarem, Miguelito\u2026ficaremos mais fortalecidos\u201d, comentou.<\/p>\n<p><em><strong>Leia tamb\u00e9m<\/strong>: Cuca reclama de arbitragem por gol anulado do Santos contra o Cruzeiro<\/em><\/p>\n<p>Questionado sobre encontrar uma forma de trazer tranquilidade ao time para as decis\u00f5es, o comandante santista afirmou que tamb\u00e9m viu o Alvinegro pressionado na sa\u00edda de bola e viu o time equilibrar a partida.<\/p>\n<p>\u201cTemos que descobrir. Concordo com voc\u00ea, est\u00e1 faltando tranquilidade e condi\u00e7\u00e3o melhor para sa\u00edda de jogo. Quando a gente erra, atrasa bolas para o goleiro, corremos risco. Colocamos o Thaciano para ter a primeira bola e ele entrou muito bem. Nos equilibramos o jogo no segundo tempo apesar da chance clara que tivemos. O gol da partida foi nosso, uma pena ter sido mal anulado\u201d, concluiu.<\/p>\n<\/p><\/div>\n<p><br \/>\n<br \/>Fonte: <a href=\"https:\/\/www.diariodopeixe.com.br\/noticias\/apos-empate-do-santos-contra-o-cruzeiro-cuca-destaca-pausa-para-sequencia-da-temporada\/\">Di\u00e1rio do Peixe<\/a><\/p>\n","protected":false},"excerpt":{"rendered":"<p>Cuca analisou a reestreia dele pelo Santos (Cr\u00e9dito: Raul Baretta\/Santos FC) O t\u00e9cnico Cuca analisou o empate do Santos com o Cruzeiro em 0 a 0, no Mineir\u00e3o, pela oitava rodada do Brasileir\u00e3o, neste domingo (22). O treinador viu um jogo dif\u00edcil em Minas Gerais, ainda mais por ser briga na parte debaixo da tabela [&hellip;]<\/p>\n","protected":false},"author":5,"featured_media":68822,"comment_status":"open","ping_status":"open","sticky":false,"template":"","format":"standard","meta":{"_seopress_robots_primary_cat":"","_seopress_titles_title":"","_seopress_titles_desc":"","_seopress_robots_index":"","footnotes":""},"categories":[55],"tags":[],"class_list":["post-68821","post","type-post","status-publish","format-standard","has-post-thumbnail","hentry","category-santos-fc"],"_links":{"self":[{"href":"https:\/\/mussicom.com\/noticias\/wp-json\/wp\/v2\/posts\/68821","targetHints":{"allow":["GET"]}}],"collection":[{"href":"https:\/\/mussicom.com\/noticias\/wp-json\/wp\/v2\/posts"}],"about":[{"href":"https:\/\/mussicom.com\/noticias\/wp-json\/wp\/v2\/types\/post"}],"author":[{"embeddable":true,"href":"https:\/\/mussicom.com\/noticias\/wp-json\/wp\/v2\/users\/5"}],"replies":[{"embeddable":true,"href":"https:\/\/mussicom.com\/noticias\/wp-json\/wp\/v2\/comments?post=68821"}],"version-history":[{"count":0,"href":"https:\/\/mussicom.com\/noticias\/wp-json\/wp\/v2\/posts\/68821\/revisions"}],"wp:featuredmedia":[{"embeddable":true,"href":"https:\/\/mussicom.com\/noticias\/wp-json\/wp\/v2\/media\/68822"}],"wp:attachment":[{"href":"https:\/\/mussicom.com\/noticias\/wp-json\/wp\/v2\/media?parent=68821"}],"wp:term":[{"taxonomy":"category","embeddable":true,"href":"https:\/\/mussicom.com\/noticias\/wp-json\/wp\/v2\/categories?post=68821"},{"taxonomy":"post_tag","embeddable":true,"href":"https:\/\/mussicom.com\/noticias\/wp-json\/wp\/v2\/tags?post=68821"}],"curies":[{"name":"wp","href":"https:\/\/api.w.org\/{rel}","templated":true}]}}