{"id":68691,"date":"2026-03-21T18:21:19","date_gmt":"2026-03-21T21:21:19","guid":{"rendered":"https:\/\/mussicom.com\/ecovias-da-inicio-a-campanha-va-seguro-nesta-segunda\/"},"modified":"2026-03-21T18:21:19","modified_gmt":"2026-03-21T21:21:19","slug":"ecovias-da-inicio-a-campanha-va-seguro-nesta-segunda","status":"publish","type":"post","link":"https:\/\/mussicom.com\/noticias\/ecovias-da-inicio-a-campanha-va-seguro-nesta-segunda\/","title":{"rendered":"Ecovias d\u00e1 in\u00edcio \u00e0 Campanha &#8216;V\u00e1 Seguro&#8217; nesta segunda"},"content":{"rendered":"<p> <br \/>\n<\/p>\n<div>\n<p>A Ecovias Imigrantes, concession\u00e1ria respons\u00e1vel pela administra\u00e7\u00e3o do Sistema Anchieta-Imigrantes (SAI), d\u00e1 in\u00edcio nesta segunda-feira (23) a uma s\u00e9rie de a\u00e7\u00f5es que acompanham o Selo V\u00e1 Seguro, campanha institucional de seguran\u00e7a vi\u00e1ria promovida pelo Grupo EcoRodovias. A iniciativa padroniza e fortalece as a\u00e7\u00f5es educativas realizadas pelas concession\u00e1rias do grupo em todo o Brasil, com o objetivo de conscientizar os usu\u00e1rios sobre pr\u00e1ticas seguras no tr\u00e2nsito e estimular comportamentos que contribuam para a redu\u00e7\u00e3o de acidentes nas rodovias sob concess\u00e3o.<\/p>\n<p>Com a ado\u00e7\u00e3o do Selo V\u00e1 Seguro, as atividades passam a ser identificadas pelo nome da campanha seguido do p\u00fablico-alvo \u2014 como V\u00e1 Seguro, Motociclista, V\u00e1 Seguro, Caminhoneiro e V\u00e1 Seguro, Motorista. A estrat\u00e9gia integra diretrizes de preven\u00e7\u00e3o e educa\u00e7\u00e3o que combinam campanhas digitais, pain\u00e9is de mensagens vari\u00e1veis, materiais informativos e a\u00e7\u00f5es presenciais.<\/p>\n<p>As atividades ocorrer\u00e3o em pontos estrat\u00e9gicos do SAI e ser\u00e3o direcionadas a diferentes p\u00fablicos \u2014 motoristas, motociclistas, pedestres, ciclistas e caminhoneiros \u2014 com orienta\u00e7\u00f5es sobre o uso correto de equipamentos de seguran\u00e7a, respeito \u00e0s normas de circula\u00e7\u00e3o e pr\u00e1ticas de dire\u00e7\u00e3o defensiva. Em 2025, esse conjunto de a\u00e7\u00f5es envolveu mais de 600 atividades educativas em todo o pa\u00eds, incluindo campanhas digitais, experi\u00eancias interativas com simuladores e programas permanentes de preven\u00e7\u00e3o de acidentes.<\/p>\n<p><strong>CONFIRA A PROGRAMA\u00c7\u00c3O COMPLETA:<\/strong><\/p>\n<p>23 de mar\u00e7o<\/p>\n<p>V\u00e1 Seguro Pedestre<\/p>\n<p>Local: Interliga\u00e7\u00e3o Baixada, sentido capital, km 1<\/p>\n<p>Hor\u00e1rio: das 7h \u00e0s 11h<\/p>\n<p>24 de mar\u00e7o<\/p>\n<p>V\u00e1 Seguro Motociclista<\/p>\n<p>Local: Rodovia Padre Manoel da N\u00f3brega, sentido capital, km 279<\/p>\n<p>Hor\u00e1rio: das 7h \u00e0s 9h<\/p>\n<p>\u00a0<\/p>\n<p>26 de mar\u00e7o<\/p>\n<p>V\u00e1 Seguro Caminhoneiro<\/p>\n<p>Local: Rodovia C\u00f4nego Dom\u00eanico Rangoni, sentido capital, km 248<\/p>\n<p>Hor\u00e1rio: das 8h \u00e0s 10h<\/p>\n<p>\u00a0<\/p>\n<p>31 de mar\u00e7o<\/p>\n<p>V\u00e1 Seguro Motociclista<\/p>\n<p>Local: Via Anchieta, sentido litoral, km 10<\/p>\n<p>Hor\u00e1rio: das 9h \u00e0s 11h<\/p>\n<p>\u00a0<\/p>\n<p>Os motociclistas recebem orienta\u00e7\u00f5es sobre dire\u00e7\u00e3o segura e consciente, al\u00e9m da distribui\u00e7\u00e3o de coletes refletivos, adesivos para capacetes e materiais educativos.<\/p>\n<p>Os caminhoneiros participam de a\u00e7\u00f5es com orienta\u00e7\u00f5es sobre seguran\u00e7a vi\u00e1ria e cuidados com a sa\u00fade, al\u00e9m do recebimento de materiais informativos, adesivos refletivos e kits lanche.<\/p>\n<p>As a\u00e7\u00f5es educativas integram o Programa de Redu\u00e7\u00e3o de Acidentes (PRA) da concession\u00e1ria, desenvolvido por colaboradores de diferentes \u00e1reas t\u00e9cnicas. O grupo se re\u00fane periodicamente para analisar ocorr\u00eancias, identificar padr\u00f5es e propor solu\u00e7\u00f5es voltadas \u00e0 redu\u00e7\u00e3o de acidentes e do n\u00famero de v\u00edtimas nas rodovias.<\/p>\n<p>Ao longo de 2025, as iniciativas educativas realizadas com o uso do simulador de impacto apresentaram resultados relevantes. A Ecovias Imigrantes promoveu 20 a\u00e7\u00f5es, alcan\u00e7ando 1.005 participantes.<\/p>\n<p>Dentre as medidas implementadas est\u00e3o melhorias operacionais, como adequa\u00e7\u00f5es de velocidade em trechos espec\u00edficos; interven\u00e7\u00f5es de engenharia e infraestrutura, incluindo a instala\u00e7\u00e3o de barreiras r\u00edgidas; e investimentos em tecnologia, como o atendimento via WhatsApp e o site SOS.eco.br, que funciona em todo o trecho do SAI.<\/p>\n<p>\u00a0<\/p>\n<\/div>\n<p><br \/>\n<br \/>Fonte: <a href=\"https:\/\/jornaldaorla.com.br\/noticias\/ecovias-da-inicio-a-campanha-va-seguro-nesta-segunda\/\">Jornal Da Orla<\/a><\/p>\n","protected":false},"excerpt":{"rendered":"<p>A Ecovias Imigrantes, concession\u00e1ria respons\u00e1vel pela administra\u00e7\u00e3o do Sistema Anchieta-Imigrantes (SAI), d\u00e1 in\u00edcio nesta segunda-feira (23) a uma s\u00e9rie de a\u00e7\u00f5es que acompanham o Selo V\u00e1 Seguro, campanha institucional de seguran\u00e7a vi\u00e1ria promovida pelo Grupo EcoRodovias. A iniciativa padroniza e fortalece as a\u00e7\u00f5es educativas realizadas pelas concession\u00e1rias do grupo em todo o Brasil, com o [&hellip;]<\/p>\n","protected":false},"author":5,"featured_media":68692,"comment_status":"open","ping_status":"open","sticky":false,"template":"","format":"standard","meta":{"_seopress_robots_primary_cat":"","_seopress_titles_title":"","_seopress_titles_desc":"","_seopress_robots_index":"","footnotes":""},"categories":[52],"tags":[],"class_list":["post-68691","post","type-post","status-publish","format-standard","has-post-thumbnail","hentry","category-santoseregiao"],"_links":{"self":[{"href":"https:\/\/mussicom.com\/noticias\/wp-json\/wp\/v2\/posts\/68691","targetHints":{"allow":["GET"]}}],"collection":[{"href":"https:\/\/mussicom.com\/noticias\/wp-json\/wp\/v2\/posts"}],"about":[{"href":"https:\/\/mussicom.com\/noticias\/wp-json\/wp\/v2\/types\/post"}],"author":[{"embeddable":true,"href":"https:\/\/mussicom.com\/noticias\/wp-json\/wp\/v2\/users\/5"}],"replies":[{"embeddable":true,"href":"https:\/\/mussicom.com\/noticias\/wp-json\/wp\/v2\/comments?post=68691"}],"version-history":[{"count":0,"href":"https:\/\/mussicom.com\/noticias\/wp-json\/wp\/v2\/posts\/68691\/revisions"}],"wp:featuredmedia":[{"embeddable":true,"href":"https:\/\/mussicom.com\/noticias\/wp-json\/wp\/v2\/media\/68692"}],"wp:attachment":[{"href":"https:\/\/mussicom.com\/noticias\/wp-json\/wp\/v2\/media?parent=68691"}],"wp:term":[{"taxonomy":"category","embeddable":true,"href":"https:\/\/mussicom.com\/noticias\/wp-json\/wp\/v2\/categories?post=68691"},{"taxonomy":"post_tag","embeddable":true,"href":"https:\/\/mussicom.com\/noticias\/wp-json\/wp\/v2\/tags?post=68691"}],"curies":[{"name":"wp","href":"https:\/\/api.w.org\/{rel}","templated":true}]}}