{"id":68651,"date":"2026-03-21T10:13:16","date_gmt":"2026-03-21T13:13:16","guid":{"rendered":"https:\/\/mussicom.com\/apos-acordo-na-justica-greve-da-coleta-de-lixo-e-suspensa-em-santos-e-regiao\/"},"modified":"2026-03-21T10:13:16","modified_gmt":"2026-03-21T13:13:16","slug":"apos-acordo-na-justica-greve-da-coleta-de-lixo-e-suspensa-em-santos-e-regiao","status":"publish","type":"post","link":"https:\/\/mussicom.com\/noticias\/apos-acordo-na-justica-greve-da-coleta-de-lixo-e-suspensa-em-santos-e-regiao\/","title":{"rendered":"Ap\u00f3s acordo na Justi\u00e7a, greve da coleta de lixo \u00e9 suspensa em Santos e regi\u00e3o"},"content":{"rendered":"<p> <br \/>\n<\/p>\n<div>\n<p data-start=\"309\" data-end=\"765\">A paralisa\u00e7\u00e3o dos trabalhadores da limpeza urbana que afetava cidades da Baixada Santista foi interrompida neste s\u00e1bado (21), ap\u00f3s um acordo mediado pela Justi\u00e7a do Trabalho. A retomada dos servi\u00e7os inclui munic\u00edpios como <span class=\"hover:entity-accent entity-underline inline cursor-pointer align-baseline\"><span class=\"whitespace-normal\">Santos<\/span><\/span>, <span class=\"hover:entity-accent entity-underline inline cursor-pointer align-baseline\"><span class=\"whitespace-normal\">Praia Grande<\/span><\/span>, <span class=\"hover:entity-accent entity-underline inline cursor-pointer align-baseline\"><span class=\"whitespace-normal\">Guaruj\u00e1<\/span><\/span>, <span class=\"hover:entity-accent entity-underline inline cursor-pointer align-baseline\"><span class=\"whitespace-normal\">S\u00e3o Vicente<\/span><\/span>, <span class=\"hover:entity-accent entity-underline inline cursor-pointer align-baseline\"><span class=\"whitespace-normal\">Cubat\u00e3o<\/span><\/span> e <span class=\"hover:entity-accent entity-underline inline cursor-pointer align-baseline\"><span class=\"whitespace-normal\">Bertioga<\/span><\/span>.<\/p>\n<p data-start=\"767\" data-end=\"999\">Com o entendimento firmado entre sindicatos e empresas respons\u00e1veis pela coleta, os trabalhadores voltaram \u00e0s atividades, encerrando dias de ac\u00famulo de lixo nas ruas e transtornos \u00e0 popula\u00e7\u00e3o.<\/p>\n<p data-start=\"767\" data-end=\"999\">A paralisa\u00e7\u00e3o teve in\u00edcio ao longo da semana e impactou diretamente a rotina das cidades, com suspens\u00e3o parcial ou total da coleta em diversos bairros. Durante o per\u00edodo, moradores enfrentaram ac\u00famulo de res\u00edduos em vias p\u00fablicas, o que aumentou preocupa\u00e7\u00f5es com sa\u00fade p\u00fablica e condi\u00e7\u00f5es sanit\u00e1rias.<\/p>\n<h2 data-start=\"767\" data-end=\"999\">Acordo garante retomada<\/h2>\n<p data-start=\"1570\" data-end=\"1803\">O fim da greve ocorreu ap\u00f3s negocia\u00e7\u00e3o conduzida no \u00e2mbito da Justi\u00e7a do Trabalho, que resultou em consenso entre as partes. Com isso, a categoria retomou as atividades j\u00e1 neste s\u00e1bado, iniciando o processo de normaliza\u00e7\u00e3o da coleta.<\/p>\n<p data-start=\"1805\" data-end=\"1954\">A expectativa \u00e9 de que a regulariza\u00e7\u00e3o ocorra de forma gradual, j\u00e1 que o volume acumulado de lixo exige uma opera\u00e7\u00e3o intensificada nos pr\u00f3ximos dias.<\/p>\n<\/div>\n<p><br \/>\n<br \/>Fonte: <a href=\"https:\/\/jornaldaorla.com.br\/noticias\/apos-acordo-na-justica-greve-da-coleta-de-lixo-e-suspensa-em-santos-e-regiao\/\">Jornal Da Orla<\/a><\/p>\n","protected":false},"excerpt":{"rendered":"<p>A paralisa\u00e7\u00e3o dos trabalhadores da limpeza urbana que afetava cidades da Baixada Santista foi interrompida neste s\u00e1bado (21), ap\u00f3s um acordo mediado pela Justi\u00e7a do Trabalho. A retomada dos servi\u00e7os inclui munic\u00edpios como Santos, Praia Grande, Guaruj\u00e1, S\u00e3o Vicente, Cubat\u00e3o e Bertioga. Com o entendimento firmado entre sindicatos e empresas respons\u00e1veis pela coleta, os trabalhadores [&hellip;]<\/p>\n","protected":false},"author":5,"featured_media":68652,"comment_status":"open","ping_status":"open","sticky":false,"template":"","format":"standard","meta":{"_seopress_robots_primary_cat":"","_seopress_titles_title":"","_seopress_titles_desc":"","_seopress_robots_index":"","footnotes":""},"categories":[52],"tags":[],"class_list":["post-68651","post","type-post","status-publish","format-standard","has-post-thumbnail","hentry","category-santoseregiao"],"_links":{"self":[{"href":"https:\/\/mussicom.com\/noticias\/wp-json\/wp\/v2\/posts\/68651","targetHints":{"allow":["GET"]}}],"collection":[{"href":"https:\/\/mussicom.com\/noticias\/wp-json\/wp\/v2\/posts"}],"about":[{"href":"https:\/\/mussicom.com\/noticias\/wp-json\/wp\/v2\/types\/post"}],"author":[{"embeddable":true,"href":"https:\/\/mussicom.com\/noticias\/wp-json\/wp\/v2\/users\/5"}],"replies":[{"embeddable":true,"href":"https:\/\/mussicom.com\/noticias\/wp-json\/wp\/v2\/comments?post=68651"}],"version-history":[{"count":0,"href":"https:\/\/mussicom.com\/noticias\/wp-json\/wp\/v2\/posts\/68651\/revisions"}],"wp:featuredmedia":[{"embeddable":true,"href":"https:\/\/mussicom.com\/noticias\/wp-json\/wp\/v2\/media\/68652"}],"wp:attachment":[{"href":"https:\/\/mussicom.com\/noticias\/wp-json\/wp\/v2\/media?parent=68651"}],"wp:term":[{"taxonomy":"category","embeddable":true,"href":"https:\/\/mussicom.com\/noticias\/wp-json\/wp\/v2\/categories?post=68651"},{"taxonomy":"post_tag","embeddable":true,"href":"https:\/\/mussicom.com\/noticias\/wp-json\/wp\/v2\/tags?post=68651"}],"curies":[{"name":"wp","href":"https:\/\/api.w.org\/{rel}","templated":true}]}}