{"id":68620,"date":"2026-03-21T06:07:28","date_gmt":"2026-03-21T09:07:28","guid":{"rendered":"https:\/\/mussicom.com\/ira-confirma-morte-de-mais-um-alto-funcionario-do-regime\/"},"modified":"2026-03-21T06:07:28","modified_gmt":"2026-03-21T09:07:28","slug":"ira-confirma-morte-de-mais-um-alto-funcionario-do-regime","status":"publish","type":"post","link":"https:\/\/mussicom.com\/noticias\/ira-confirma-morte-de-mais-um-alto-funcionario-do-regime\/","title":{"rendered":"Ir\u00e3 confirma morte de mais um alto funcion\u00e1rio do regime"},"content":{"rendered":"<p> <br \/>\n<\/p>\n<div id=\"tp-post-content\">\n<p class=\"postParagraph_post-paragraph__juWZN postParagraph_post-paragraph-innerHtml__Q5vwc\">O Ir\u00e3 anunciou nesta sexta-feira (20) a morte de mais um alto funcion\u00e1rio do regime teocr\u00e1tico, que est\u00e1 em guerra contra Israel e Estados Unidos h\u00e1 quase tr\u00eas semanas.<\/p>\n<p class=\"postParagraph_post-paragraph__juWZN postParagraph_post-paragraph-innerHtml__Q5vwc\">De acordo com informa\u00e7\u00f5es do jornal The Times of Israel, a ag\u00eancia de not\u00edcias estatal Tasnim confirmou que o porta-voz da Guarda Revolucion\u00e1ria Isl\u00e2mica iraniana, Ali Mohammad Naini, foi morto em ataques americanos e israelenses.<\/p>\n<p class=\"postParagraph_post-paragraph__juWZN postParagraph_post-paragraph-innerHtml__Q5vwc\">A ag\u00eancia informou que Naini, que atuava como diretor adjunto e porta-voz do Escrit\u00f3rio de Rela\u00e7\u00f5es P\u00fablicas da Guarda Revolucion\u00e1ria desde 2024, &#8220;foi martirizado&#8221;.<\/p>\n<p class=\"postParagraph_post-paragraph__juWZN postParagraph_post-paragraph-innerHtml__Q5vwc\">A Guarda Revolucion\u00e1ria do Ir\u00e3 classificou a morte de Naini como &#8220;um ato terrorista trai\u00e7oeiro \u00e0s v\u00e9speras do \u00faltimo dia do Ramad\u00e3&#8221;, de acordo com o comunicado divulgado pela imprensa local.<\/p>\n<p class=\"postParagraph_post-paragraph__juWZN postParagraph_post-paragraph-innerHtml__Q5vwc\">Nesta semana, j\u00e1 haviam sido mortos o ministro da Intelig\u00eancia do Ir\u00e3, Ismail Khatib, e o secret\u00e1rio do Conselho Supremo de Seguran\u00e7a Nacional, Ali Larijani, a figura pol\u00edtica mais relevante no pa\u00eds at\u00e9 a sua morte.<\/p>\n<p class=\"postParagraph_post-paragraph__juWZN postParagraph_post-paragraph-innerHtml__Q5vwc\">Antes disso, Estados Unidos e Israel haviam matado o l\u00edder supremo do Ir\u00e3, Ali Khamenei, em 28 de fevereiro, primeiro dia da guerra, e altos oficiais militares, como o comandante-em-chefe da Guarda Revolucion\u00e1ria do Ir\u00e3, o general Mohammad Pakpour, e o chefe do Estado-Maior das For\u00e7as Armadas iranianas, o general Abdorrahim Mousavi.<\/p>\n<p class=\"postParagraph_post-paragraph__juWZN postParagraph_post-paragraph-innerHtml__Q5vwc\">A Guarda Revolucion\u00e1ria do Ir\u00e3 \u00e9 designada como grupo terrorista por Austr\u00e1lia, Bahrein, Canad\u00e1, Equador, Uni\u00e3o Europeia, Israel, Paraguai, Ar\u00e1bia Saudita, Ucr\u00e2nia, Estados Unidos e Argentina.<\/p>\n<\/div>\n<p><br \/>\n<br \/>Fonte: <a href=\"https:\/\/www.gazetadopovo.com.br\/mundo\/ira-confirma-morte-de-mais-um-alto-funcionario-do-regime\/\">Revista Oeste<\/a><\/p>\n","protected":false},"excerpt":{"rendered":"<p>O Ir\u00e3 anunciou nesta sexta-feira (20) a morte de mais um alto funcion\u00e1rio do regime teocr\u00e1tico, que est\u00e1 em guerra contra Israel e Estados Unidos h\u00e1 quase tr\u00eas semanas. De acordo com informa\u00e7\u00f5es do jornal The Times of Israel, a ag\u00eancia de not\u00edcias estatal Tasnim confirmou que o porta-voz da Guarda Revolucion\u00e1ria Isl\u00e2mica iraniana, Ali [&hellip;]<\/p>\n","protected":false},"author":5,"featured_media":68621,"comment_status":"open","ping_status":"open","sticky":false,"template":"","format":"standard","meta":{"_seopress_robots_primary_cat":"","_seopress_titles_title":"","_seopress_titles_desc":"","_seopress_robots_index":"","footnotes":""},"categories":[48],"tags":[],"class_list":["post-68620","post","type-post","status-publish","format-standard","has-post-thumbnail","hentry","category-internacional"],"_links":{"self":[{"href":"https:\/\/mussicom.com\/noticias\/wp-json\/wp\/v2\/posts\/68620","targetHints":{"allow":["GET"]}}],"collection":[{"href":"https:\/\/mussicom.com\/noticias\/wp-json\/wp\/v2\/posts"}],"about":[{"href":"https:\/\/mussicom.com\/noticias\/wp-json\/wp\/v2\/types\/post"}],"author":[{"embeddable":true,"href":"https:\/\/mussicom.com\/noticias\/wp-json\/wp\/v2\/users\/5"}],"replies":[{"embeddable":true,"href":"https:\/\/mussicom.com\/noticias\/wp-json\/wp\/v2\/comments?post=68620"}],"version-history":[{"count":0,"href":"https:\/\/mussicom.com\/noticias\/wp-json\/wp\/v2\/posts\/68620\/revisions"}],"wp:featuredmedia":[{"embeddable":true,"href":"https:\/\/mussicom.com\/noticias\/wp-json\/wp\/v2\/media\/68621"}],"wp:attachment":[{"href":"https:\/\/mussicom.com\/noticias\/wp-json\/wp\/v2\/media?parent=68620"}],"wp:term":[{"taxonomy":"category","embeddable":true,"href":"https:\/\/mussicom.com\/noticias\/wp-json\/wp\/v2\/categories?post=68620"},{"taxonomy":"post_tag","embeddable":true,"href":"https:\/\/mussicom.com\/noticias\/wp-json\/wp\/v2\/tags?post=68620"}],"curies":[{"name":"wp","href":"https:\/\/api.w.org\/{rel}","templated":true}]}}