{"id":68602,"date":"2026-03-21T03:09:14","date_gmt":"2026-03-21T06:09:14","guid":{"rendered":"https:\/\/mussicom.com\/receituario-agronomico-vai-alem-da-burocracia-afirmam-especialistas\/"},"modified":"2026-03-21T03:09:14","modified_gmt":"2026-03-21T06:09:14","slug":"receituario-agronomico-vai-alem-da-burocracia-afirmam-especialistas","status":"publish","type":"post","link":"https:\/\/mussicom.com\/noticias\/receituario-agronomico-vai-alem-da-burocracia-afirmam-especialistas\/","title":{"rendered":"Receitu\u00e1rio agron\u00f4mico vai al\u00e9m da burocracia, afirmam especialistas"},"content":{"rendered":"<p> <br \/>\n<\/p>\n<div>\n<p style=\"text-align:justify\">O evento Receitu\u00e1rio Agron\u00f4mico: boas pr\u00e1ticas, seguran\u00e7a alimentar e responsabilidade t\u00e9cnica come\u00e7ou na manh\u00e3 desta sexta-feira (20), em Porto Alegre, reunindo especialistas, autoridades e representantes de institui\u00e7\u00f5es p\u00fablicas para discutir o uso respons\u00e1vel de agrot\u00f3xicos e os impactos dessa pr\u00e1tica sobre a sa\u00fade, o meio ambiente e a produ\u00e7\u00e3o agr\u00edcola.&#13;\n<\/p>\n<p style=\"text-align:justify\">Realizado no Plen\u00e1rio Farroupilha do CREA-RS, o encontro conta com a participa\u00e7\u00e3o do Minist\u00e9rio P\u00fablico Federal (MPF), do Minist\u00e9rio P\u00fablico do Rio Grande do Sul, do Confea e da Secretaria da Agricultura. A proposta \u00e9 ampliar a discuss\u00e3o em torno da responsabilidade t\u00e9cnica no receitu\u00e1rio agron\u00f4mico, documento obrigat\u00f3rio para a prescri\u00e7\u00e3o de agrot\u00f3xicos e pe\u00e7a central na orienta\u00e7\u00e3o do uso desses produtos no campo.<\/p>\n<p style=\"text-align:justify\">Na abertura, a promotora Ana Maria Marquesan ressaltou a dimens\u00e3o do tema e seu alcance para toda a sociedade. \u201cO receitu\u00e1rio agron\u00f4mico vai muito al\u00e9m de uma mera burocracia. Ele significa sa\u00fade para as pessoas, cuidados ambientais e responsabilidade t\u00e9cnica\u201d, afirmou.<\/p>\n<p style=\"text-align:justify\">Ela tamb\u00e9m chamou aten\u00e7\u00e3o para o momento atual e para o papel das institui\u00e7\u00f5es de controle. \u201cO papel do Minist\u00e9rio P\u00fablico se agiganta para evitar danos decorrentes do uso abusivo ou indevido de agrot\u00f3xicos\u201d, alertou.<\/p>\n<p style=\"text-align:justify\">MAIS:\u00a0Agrot\u00f3xicos proibidos continuam entrando no Brasil pela fronteira, aponta Minist\u00e9rio P\u00fablico<\/p>\n<p style=\"text-align:justify\">Na mesma linha, a procuradora Ana Paula Carvalho de Medeiros refor\u00e7ou os riscos associados ao manejo inadequado desses produtos. \u201cAgrot\u00f3xicos s\u00e3o subst\u00e2ncias potencialmente danosas ao meio ambiente e \u00e0 sa\u00fade humana, e o uso inadequado agrava ainda mais esse cen\u00e1rio\u201d, destacou.&#13;\n<\/p>\n<p style=\"text-align:justify\">Segundo ela, o receitu\u00e1rio agron\u00f4mico cumpre uma fun\u00e7\u00e3o estrat\u00e9gica que vai al\u00e9m da recomenda\u00e7\u00e3o t\u00e9cnica no campo. \u201cEle \u00e9 uma ferramenta indispens\u00e1vel para o monitoramento e para a formula\u00e7\u00e3o de a\u00e7\u00f5es de vigil\u00e2ncia ambiental e em sa\u00fade\u201d, disse.<\/p>\n<p style=\"text-align:justify\">Representando o sistema Confea, o engenheiro Jos\u00e9 Cl\u00e1udio da Silva trouxe para o debate desafios recorrentes da pr\u00e1tica agr\u00edcola. \u201cTodo ano enfrentamos problemas como a deriva de insumos agr\u00edcolas e a qualidade dos equipamentos utilizados\u201d, afirmou.<\/p>\n<p style=\"text-align:justify\">Ele tamb\u00e9m defendeu o fortalecimento da fiscaliza\u00e7\u00e3o e anunciou uma nova iniciativa em n\u00edvel nacional. \u201cVamos ter um sistema integrado de processos \u00e9ticos em n\u00edvel nacional, fortalecendo o olhar sobre a \u00e9tica profissional\u201d, informou.<\/p>\n<p style=\"text-align:justify\">A presidente do CREA-RS, Nancy Walter, destacou o car\u00e1ter simb\u00f3lico do encontro e o papel institucional do espa\u00e7o que sediou o evento. \u201cCada evento aqui \u00e9 como uma inaugura\u00e7\u00e3o. Esse \u00e9 um espa\u00e7o constru\u00eddo para o di\u00e1logo e para o avan\u00e7o t\u00e9cnico\u201d, disse.<\/p>\n<p style=\"text-align:justify\">Nancy tamb\u00e9m relembrou marcos importantes da categoria, como os 50 anos da Associa\u00e7\u00e3o dos Agr\u00f4nomos e os 40 anos do receitu\u00e1rio agron\u00f4mico, celebrados durante a Expointer 2022. Para ela, o principal desafio agora \u00e9 transformar o debate em avan\u00e7os concretos. \u201cTemos muito o que melhorar. O di\u00e1logo precisa convergir para avan\u00e7os e n\u00e3o apenas para diverg\u00eancias\u201d, afirmou.<\/p>\n<p style=\"text-align:justify\">Ao defender o aperfei\u00e7oamento da ferramenta e a atua\u00e7\u00e3o fiscalizat\u00f3ria, ela refor\u00e7ou a dimens\u00e3o \u00e9tica do tema. \u201cA gente precisa melhorar essa ferramenta que orienta a produ\u00e7\u00e3o de forma correta e \u00e9tica\u201d, declarou. Em seguida, concluiu: \u201cQuem \u00e9 fiscalizado est\u00e1 agindo de forma correta\u201d.&#13;\n<\/p>\n<p style=\"text-align:justify\">A programa\u00e7\u00e3o segue ao longo do dia com a palestra magna da biom\u00e9dica Karen Friedrich, que apresenta um panorama do uso de agrot\u00f3xicos no pa\u00eds, al\u00e9m de pain\u00e9is sobre responsabilidade civil e criminal, fiscaliza\u00e7\u00e3o e boas pr\u00e1ticas agr\u00edcolas.<\/p>\n<p style=\"text-align:justify\">A expectativa da organiza\u00e7\u00e3o \u00e9 que o encontro contribua para o aprimoramento da qualifica\u00e7\u00e3o profissional, o fortalecimento da fiscaliza\u00e7\u00e3o e a ado\u00e7\u00e3o de pr\u00e1ticas mais seguras no campo, com reflexos diretos na seguran\u00e7a alimentar e na sustentabilidade da produ\u00e7\u00e3o agr\u00edcola.<\/p>\n<\/p><\/div>\n<p><script data-cfasync=\"false\">\n    !function (f, b, e, v, n, t, s) {\n        if (f.fbq) return; n = f.fbq = function () {\n            n.callMethod ?\n                n.callMethod.apply(n, arguments) : n.queue.push(arguments)\n        };\n        if (!f._fbq) f._fbq = n; n.push = n; n.loaded = !0; n.version = '2.0';\n        n.queue = []; t = b.createElement(e); t.async = !0;\n        t.src = v; s = b.getElementsByTagName(e)[0];\n        s.parentNode.insertBefore(t, s)\n    }(window, document, 'script',\n        'https:\/\/connect.facebook.net\/en_US\/fbevents.js');\n    fbq('init', '522546078623747');\n    fbq('track', 'PageView');\n<\/script><br \/>\n<br \/><br \/>\n<br \/>Fonte: <a href=\"https:\/\/www.agrolink.com.br\/noticias\/receituario-agronomico-vai-alem-da-burocracia--afirmam-especialistas_512273.html\">AGROLINK<\/a><\/p>\n","protected":false},"excerpt":{"rendered":"<p>O evento Receitu\u00e1rio Agron\u00f4mico: boas pr\u00e1ticas, seguran\u00e7a alimentar e responsabilidade t\u00e9cnica come\u00e7ou na manh\u00e3 desta sexta-feira (20), em Porto Alegre, reunindo especialistas, autoridades e representantes de institui\u00e7\u00f5es p\u00fablicas para discutir o uso respons\u00e1vel de agrot\u00f3xicos e os impactos dessa pr\u00e1tica sobre a sa\u00fade, o meio ambiente e a produ\u00e7\u00e3o agr\u00edcola.&#13; Realizado no Plen\u00e1rio Farroupilha do [&hellip;]<\/p>\n","protected":false},"author":5,"featured_media":68603,"comment_status":"open","ping_status":"open","sticky":false,"template":"","format":"standard","meta":{"_seopress_robots_primary_cat":"","_seopress_titles_title":"","_seopress_titles_desc":"","_seopress_robots_index":"","footnotes":""},"categories":[53],"tags":[],"class_list":["post-68602","post","type-post","status-publish","format-standard","has-post-thumbnail","hentry","category-agronegocio"],"_links":{"self":[{"href":"https:\/\/mussicom.com\/noticias\/wp-json\/wp\/v2\/posts\/68602","targetHints":{"allow":["GET"]}}],"collection":[{"href":"https:\/\/mussicom.com\/noticias\/wp-json\/wp\/v2\/posts"}],"about":[{"href":"https:\/\/mussicom.com\/noticias\/wp-json\/wp\/v2\/types\/post"}],"author":[{"embeddable":true,"href":"https:\/\/mussicom.com\/noticias\/wp-json\/wp\/v2\/users\/5"}],"replies":[{"embeddable":true,"href":"https:\/\/mussicom.com\/noticias\/wp-json\/wp\/v2\/comments?post=68602"}],"version-history":[{"count":0,"href":"https:\/\/mussicom.com\/noticias\/wp-json\/wp\/v2\/posts\/68602\/revisions"}],"wp:featuredmedia":[{"embeddable":true,"href":"https:\/\/mussicom.com\/noticias\/wp-json\/wp\/v2\/media\/68603"}],"wp:attachment":[{"href":"https:\/\/mussicom.com\/noticias\/wp-json\/wp\/v2\/media?parent=68602"}],"wp:term":[{"taxonomy":"category","embeddable":true,"href":"https:\/\/mussicom.com\/noticias\/wp-json\/wp\/v2\/categories?post=68602"},{"taxonomy":"post_tag","embeddable":true,"href":"https:\/\/mussicom.com\/noticias\/wp-json\/wp\/v2\/tags?post=68602"}],"curies":[{"name":"wp","href":"https:\/\/api.w.org\/{rel}","templated":true}]}}