{"id":68491,"date":"2026-03-20T15:49:41","date_gmt":"2026-03-20T18:49:41","guid":{"rendered":"https:\/\/mussicom.com\/santos-e-eliminado-nas-quartas-da-copa-ibrachina-sub-17\/"},"modified":"2026-03-20T15:49:41","modified_gmt":"2026-03-20T18:49:41","slug":"santos-e-eliminado-nas-quartas-da-copa-ibrachina-sub-17","status":"publish","type":"post","link":"https:\/\/mussicom.com\/noticias\/santos-e-eliminado-nas-quartas-da-copa-ibrachina-sub-17\/","title":{"rendered":"Santos \u00e9 eliminado nas quartas da Copa Ibrachina Sub-17"},"content":{"rendered":"<p> <br \/>\n<\/p>\n<div>\n<div id=\"attachment_173649\" style=\"width: 1065px\" class=\"wp-caption aligncenter\"><img alt=\"\" fetchpriority=\"high\" fetchpriority=\"high\" decoding=\"async\" aria-describedby=\"caption-attachment-173649\" class=\" wp-image-173649\" src=\"https:\/\/www.diariodopeixe.com.br\/wp-content\/uploads\/2025\/09\/54785251761_e605b7614b_o-300x200.jpg\" alt=\"\" width=\"1055\" height=\"703\" srcset=\"https:\/\/www.diariodopeixe.com.br\/wp-content\/uploads\/2025\/09\/54785251761_e605b7614b_o-200x133.jpg 200w, https:\/\/www.diariodopeixe.com.br\/wp-content\/uploads\/2025\/09\/54785251761_e605b7614b_o-300x200.jpg 300w, https:\/\/www.diariodopeixe.com.br\/wp-content\/uploads\/2025\/09\/54785251761_e605b7614b_o-400x267.jpg 400w, https:\/\/www.diariodopeixe.com.br\/wp-content\/uploads\/2025\/09\/54785251761_e605b7614b_o-600x400.jpg 600w, https:\/\/www.diariodopeixe.com.br\/wp-content\/uploads\/2025\/09\/54785251761_e605b7614b_o-768x512.jpg 768w, https:\/\/www.diariodopeixe.com.br\/wp-content\/uploads\/2025\/09\/54785251761_e605b7614b_o-800x533.jpg 800w, https:\/\/www.diariodopeixe.com.br\/wp-content\/uploads\/2025\/09\/54785251761_e605b7614b_o-1024x683.jpg 1024w, https:\/\/www.diariodopeixe.com.br\/wp-content\/uploads\/2025\/09\/54785251761_e605b7614b_o-1200x800.jpg 1200w, https:\/\/www.diariodopeixe.com.br\/wp-content\/uploads\/2025\/09\/54785251761_e605b7614b_o-1536x1024.jpg 1536w\" sizes=\"(max-width: 1055px) 100vw, 1055px\"\/><\/p>\n<p id=\"caption-attachment-173649\" class=\"wp-caption-text\">Meninos da Vila s\u00e3o eliminados do torneio (Cr\u00e9dito: Reinaldo Campos\/Santos FC)<\/p>\n<\/div>\n<p>O Santos perdeu para o Refer\u00eancia por 5 a 4 nos p\u00eanaltis, depois do empate em 3 a 3 no tempo regulamentar, na Ibrachina Arena, pelo jogo \u00fanico das quartas de final da Copa Ibrachina Sub-17, nesta sexta-feira (20). Pedr\u00e3o, Evandro e Gabriel Neves abriraram a vantagem ao Peixe no tempo regulamentar, mas o time levou o empate.<\/p>\n<p>Nas penalidades, Lucas Camargo, Mateus Mendes, Carioca e Ian Vicentini converteram, mas o goleiro advers\u00e1rio defendeu a cobran\u00e7a de Evandro.<\/p>\n<p>Com o resultado, a equipe do t\u00e9cnico Elder Campos se despede do torneio. Na primeira fase, os Meninos da Vila ficaram na lideran\u00e7a do Grupo C com sete pontos. O Alvinegro \u00e9 eliminado com uma campanha invicta de duas vit\u00f3rias e dois empate, com dez gols marcados e cinco sofridos.<\/p>\n<p>\u00c9 a segunda edi\u00e7\u00e3o do torneio organizado pelo Ibrachina, que tem sedes na Ibrachina Arena, na Academia de Futebol ll e no CFA Laudo Natel. Ano passado, a categoria foi eliminada na semifinal. Pelo regulamento, as doze equipes participantes foram divididas em tr\u00eas grupos com quatro times em cada chave. Os clubes se enfrentaram entre si e, ap\u00f3s tr\u00eas rodadas, os melhores colocados avan\u00e7aram para o mata-mata.<\/p>\n<p><strong>Veja os jogos do Sub-17 na Copa Ibrachina:<\/strong><\/p>\n<p><em>Primeira fase<\/em><\/p>\n<ul>\n<li>Santos 1 x 1 Juventus \u2013 Evandro<\/li>\n<li>Santos 3 x 1 Terceiro Mil\u00eanio \u2013 Kau\u00e3 Campos, Alexsander e Jo\u00e3o Garcia<\/li>\n<li>Ibrachina 0 x 3 Santos \u2013 Ian Vicentini, Evandro e Jo\u00e3o Garcia<\/li>\n<\/ul>\n<p><em>Quartas de final<\/em><\/p>\n<ul>\n<li>Santos 3 (4) x (5) 3 Refer\u00eancia \u2013 Pedr\u00e3o, Evandro e Gabriel Neves<\/li>\n<\/ul><\/div>\n<p><br \/>\n<br \/>Fonte: <a href=\"https:\/\/www.diariodopeixe.com.br\/noticias\/santos-e-eliminado-nas-quartas-da-copa-ibrachina-sub-17\/\">Di\u00e1rio do Peixe<\/a><\/p>\n","protected":false},"excerpt":{"rendered":"<p>Meninos da Vila s\u00e3o eliminados do torneio (Cr\u00e9dito: Reinaldo Campos\/Santos FC) O Santos perdeu para o Refer\u00eancia por 5 a 4 nos p\u00eanaltis, depois do empate em 3 a 3 no tempo regulamentar, na Ibrachina Arena, pelo jogo \u00fanico das quartas de final da Copa Ibrachina Sub-17, nesta sexta-feira (20). Pedr\u00e3o, Evandro e Gabriel Neves [&hellip;]<\/p>\n","protected":false},"author":5,"featured_media":68492,"comment_status":"open","ping_status":"open","sticky":false,"template":"","format":"standard","meta":{"_seopress_robots_primary_cat":"","_seopress_titles_title":"","_seopress_titles_desc":"","_seopress_robots_index":"","footnotes":""},"categories":[55],"tags":[],"class_list":["post-68491","post","type-post","status-publish","format-standard","has-post-thumbnail","hentry","category-santos-fc"],"_links":{"self":[{"href":"https:\/\/mussicom.com\/noticias\/wp-json\/wp\/v2\/posts\/68491","targetHints":{"allow":["GET"]}}],"collection":[{"href":"https:\/\/mussicom.com\/noticias\/wp-json\/wp\/v2\/posts"}],"about":[{"href":"https:\/\/mussicom.com\/noticias\/wp-json\/wp\/v2\/types\/post"}],"author":[{"embeddable":true,"href":"https:\/\/mussicom.com\/noticias\/wp-json\/wp\/v2\/users\/5"}],"replies":[{"embeddable":true,"href":"https:\/\/mussicom.com\/noticias\/wp-json\/wp\/v2\/comments?post=68491"}],"version-history":[{"count":0,"href":"https:\/\/mussicom.com\/noticias\/wp-json\/wp\/v2\/posts\/68491\/revisions"}],"wp:featuredmedia":[{"embeddable":true,"href":"https:\/\/mussicom.com\/noticias\/wp-json\/wp\/v2\/media\/68492"}],"wp:attachment":[{"href":"https:\/\/mussicom.com\/noticias\/wp-json\/wp\/v2\/media?parent=68491"}],"wp:term":[{"taxonomy":"category","embeddable":true,"href":"https:\/\/mussicom.com\/noticias\/wp-json\/wp\/v2\/categories?post=68491"},{"taxonomy":"post_tag","embeddable":true,"href":"https:\/\/mussicom.com\/noticias\/wp-json\/wp\/v2\/tags?post=68491"}],"curies":[{"name":"wp","href":"https:\/\/api.w.org\/{rel}","templated":true}]}}