{"id":68470,"date":"2026-03-20T13:41:13","date_gmt":"2026-03-20T16:41:13","guid":{"rendered":"https:\/\/mussicom.com\/rio-into-inaugura-centro-de-impressao-3d-para-proteses-personalizadas\/"},"modified":"2026-03-20T13:41:13","modified_gmt":"2026-03-20T16:41:13","slug":"rio-into-inaugura-centro-de-impressao-3d-para-proteses-personalizadas","status":"publish","type":"post","link":"https:\/\/mussicom.com\/noticias\/rio-into-inaugura-centro-de-impressao-3d-para-proteses-personalizadas\/","title":{"rendered":"Rio: Into inaugura centro de impress\u00e3o 3D para pr\u00f3teses personalizadas"},"content":{"rendered":"<p> <br \/>\n<\/p>\n<div>\n<p>O Instituto Nacional de Traumatologia e Ortopedia (Into) inaugurou, nesta sexta-feira (20), o Centro Tecnol\u00f3gico de Impress\u00e3o 3D e Reabilita\u00e7\u00e3o (Centir), no Caju, zona norte do Rio de Janeiro. A nova unidade visa ampliar a produ\u00e7\u00e3o de pr\u00f3teses personalizadas, biomodelos e guias cir\u00fargicos, fortalecendo a assist\u00eancia aos pacientes do Sistema \u00danico de Sa\u00fade (SUS).<img decoding=\"async\" src=\"https:\/\/agenciabrasil.ebc.com.br\/ebc.gif?id=1682811&amp;o=node\" style=\"width:1px; height:1px; display:inline;\"\/><\/p>\n<p>A estrutura permite o planejamento de cirurgias com maior precis\u00e3o e a confec\u00e7\u00e3o de dispositivos sob medida. Segundo o diretor-geral do Into, Jos\u00e9 Paulo Gabbi, o centro representa um avan\u00e7o na oferta de tecnologia de ponta para a rede p\u00fablica.<\/p>\n<p>&#8220;Esse centro vai proporcionar a entrega de pr\u00f3teses constru\u00eddas atrav\u00e9s da tecnologia 3D, 100% criada pelo Into&#8221;, disse Gabbi. De acordo com o diretor -geral, a\u00a0expectativa \u00e9 entregar 200 pr\u00f3teses por ano.<\/p>\n<p>&gt;&gt; Siga o canal da <strong>Ag\u00eancia Brasil <\/strong>no WhatsApp<\/p>\n<h2>Agilidade<\/h2>\n<p>Nos \u00faltimos tr\u00eas anos, o instituto produziu cerca de 70 pr\u00f3teses utilizando impress\u00e3o 3D. Com a moderniza\u00e7\u00e3o do parque tecnol\u00f3gico e a chegada de novos equipamentos, o Into projeta triplicar a produ\u00e7\u00e3o em 2026.<\/p>\n<p>As novas impressoras permitem a fabrica\u00e7\u00e3o de pe\u00e7as em grandes formatos \u2014 essenciais para pr\u00f3teses de membros inferiores \u2014 com maior rapidez. De acordo com o instituto, dispositivos que antes demandavam 10 horas de impress\u00e3o agora podem ser finalizados em aproximadamente quatro horas.<\/p>\n<h2>Tecnologia e conforto<\/h2>\n<p>Al\u00e9m da agilidade, os novos equipamentos reduzem o consumo de energia e permitem a utiliza\u00e7\u00e3o de diferentes tipos de filamentos. &#8220;Isso impacta na qualidade do acabamento e na resist\u00eancia da pe\u00e7a, tornando a pr\u00f3tese mais uniforme e confort\u00e1vel para o uso no dia a dia&#8221;, informou o Into, em nota.<\/p>\n<p>Os guias cir\u00fargicos e biomodelos produzidos no local tamb\u00e9m auxiliam as equipes m\u00e9dicas no planejamento pr\u00e9-operat\u00f3rio, reduzindo o tempo de interna\u00e7\u00e3o e aumentando a previsibilidade dos resultados cir\u00fargicos.<\/p>\n<p>      <!-- Relacionada --><\/p>\n<p>            <!-- Relacionada -->\n    <\/div>\n<p><br \/>\n<br \/>Fonte: <a href=\"https:\/\/agenciabrasil.ebc.com.br\/saude\/noticia\/2026-03\/rio-inaugura-centro-de-impressao-3d-para-proteses-personalizadas\">Ag\u00eancia Brasil<\/a><\/p>\n","protected":false},"excerpt":{"rendered":"<p>O Instituto Nacional de Traumatologia e Ortopedia (Into) inaugurou, nesta sexta-feira (20), o Centro Tecnol\u00f3gico de Impress\u00e3o 3D e Reabilita\u00e7\u00e3o (Centir), no Caju, zona norte do Rio de Janeiro. A nova unidade visa ampliar a produ\u00e7\u00e3o de pr\u00f3teses personalizadas, biomodelos e guias cir\u00fargicos, fortalecendo a assist\u00eancia aos pacientes do Sistema \u00danico de Sa\u00fade (SUS). A [&hellip;]<\/p>\n","protected":false},"author":5,"featured_media":28999,"comment_status":"open","ping_status":"open","sticky":false,"template":"","format":"standard","meta":{"_seopress_robots_primary_cat":"","_seopress_titles_title":"","_seopress_titles_desc":"","_seopress_robots_index":"","footnotes":""},"categories":[46],"tags":[],"class_list":["post-68470","post","type-post","status-publish","format-standard","has-post-thumbnail","hentry","category-saude"],"_links":{"self":[{"href":"https:\/\/mussicom.com\/noticias\/wp-json\/wp\/v2\/posts\/68470","targetHints":{"allow":["GET"]}}],"collection":[{"href":"https:\/\/mussicom.com\/noticias\/wp-json\/wp\/v2\/posts"}],"about":[{"href":"https:\/\/mussicom.com\/noticias\/wp-json\/wp\/v2\/types\/post"}],"author":[{"embeddable":true,"href":"https:\/\/mussicom.com\/noticias\/wp-json\/wp\/v2\/users\/5"}],"replies":[{"embeddable":true,"href":"https:\/\/mussicom.com\/noticias\/wp-json\/wp\/v2\/comments?post=68470"}],"version-history":[{"count":0,"href":"https:\/\/mussicom.com\/noticias\/wp-json\/wp\/v2\/posts\/68470\/revisions"}],"wp:featuredmedia":[{"embeddable":true,"href":"https:\/\/mussicom.com\/noticias\/wp-json\/wp\/v2\/media\/28999"}],"wp:attachment":[{"href":"https:\/\/mussicom.com\/noticias\/wp-json\/wp\/v2\/media?parent=68470"}],"wp:term":[{"taxonomy":"category","embeddable":true,"href":"https:\/\/mussicom.com\/noticias\/wp-json\/wp\/v2\/categories?post=68470"},{"taxonomy":"post_tag","embeddable":true,"href":"https:\/\/mussicom.com\/noticias\/wp-json\/wp\/v2\/tags?post=68470"}],"curies":[{"name":"wp","href":"https:\/\/api.w.org\/{rel}","templated":true}]}}