{"id":68451,"date":"2026-03-20T11:45:50","date_gmt":"2026-03-20T14:45:50","guid":{"rendered":"https:\/\/mussicom.com\/confira-a-classificacao-apos-a-setima-rodada-do-brasileirao-2026\/"},"modified":"2026-03-20T11:45:50","modified_gmt":"2026-03-20T14:45:50","slug":"confira-a-classificacao-apos-a-setima-rodada-do-brasileirao-2026","status":"publish","type":"post","link":"https:\/\/mussicom.com\/noticias\/confira-a-classificacao-apos-a-setima-rodada-do-brasileirao-2026\/","title":{"rendered":"Confira a classifica\u00e7\u00e3o ap\u00f3s a s\u00e9tima rodada do Brasileir\u00e3o 2026"},"content":{"rendered":"<p> <br \/>\n<\/p>\n<div>\n<div id=\"attachment_180953\" style=\"width: 985px\" class=\"wp-caption aligncenter\"><img fetchpriority=\"high\" fetchpriority=\"high\" decoding=\"async\" aria-describedby=\"caption-attachment-180953\" class=\"wp-image-180953\" src=\"https:\/\/www.diariodopeixe.com.br\/wp-content\/uploads\/2026\/03\/Classificacao-apos-a-setima-rodada-do-Brasileirao-2026-242x300.jpeg\" alt=\"Confira a classifica\u00e7\u00e3o ap\u00f3s a s\u00e9tima rodada do Brasileir\u00e3o 2026\" width=\"975\" height=\"1209\" srcset=\"https:\/\/www.diariodopeixe.com.br\/wp-content\/uploads\/2026\/03\/Classificacao-apos-a-setima-rodada-do-Brasileirao-2026-200x248.jpeg 200w, https:\/\/www.diariodopeixe.com.br\/wp-content\/uploads\/2026\/03\/Classificacao-apos-a-setima-rodada-do-Brasileirao-2026-242x300.jpeg 242w, https:\/\/www.diariodopeixe.com.br\/wp-content\/uploads\/2026\/03\/Classificacao-apos-a-setima-rodada-do-Brasileirao-2026-400x495.jpeg 400w, https:\/\/www.diariodopeixe.com.br\/wp-content\/uploads\/2026\/03\/Classificacao-apos-a-setima-rodada-do-Brasileirao-2026-600x743.jpeg 600w, https:\/\/www.diariodopeixe.com.br\/wp-content\/uploads\/2026\/03\/Classificacao-apos-a-setima-rodada-do-Brasileirao-2026-768x951.jpeg 768w, https:\/\/www.diariodopeixe.com.br\/wp-content\/uploads\/2026\/03\/Classificacao-apos-a-setima-rodada-do-Brasileirao-2026-827x1024.jpeg 827w\" sizes=\"(max-width: 975px) 100vw, 975px\"\/><\/p>\n<p id=\"caption-attachment-180953\" class=\"wp-caption-text\">Classifica\u00e7\u00e3o ap\u00f3s a s\u00e9tima rodada do Brasileir\u00e3o 2026 (Cr\u00e9dito: @brasileirao)<\/p>\n<\/div>\n<p>A s\u00e9tima rodada do <strong>Brasileir\u00e3o 2026<\/strong> terminou na noite desta quinta-feira com a realiza\u00e7\u00e3o de mais tr\u00eas jogos. Com a derrota para o Internacional na Vila Belmiro, o <strong>Santos<\/strong> caiu para a 16\u00aa coloca\u00e7\u00e3o, a primeira fora da zona de rebaixamento, com apenas seis pontos ganhos.<\/p>\n<p>Com a vit\u00f3ria sobre o Botafogo, o Palmeiras assumiu a lideran\u00e7a da competi\u00e7\u00e3o, com 16 pontos. O S\u00e3o Paulo caiu para a segunda coloca\u00e7\u00e3o ap\u00f3s a derrota para o Atl\u00e9tico-MG, tamb\u00e9m com 16 pontos. O Bahia \u00e9 o terceiro colocado, com 14 pontos, ap\u00f3s a vit\u00f3ria sobre o Red Bull Bragantino. O Flamengo venceu o Remo por 3 a 0 e agora est\u00e1 na quarta coloca\u00e7\u00e3o, com 13 pontos.<\/p>\n<p>Mesmo com a vit\u00f3ria sobre o Santos, o Internacional segue na zona de rebaixamento, com cinco pontos. O Botafogo \u00e9 o 18\u00ba colocado, com pontos e dois jogos a menos. O Cruzeiro, pr\u00f3ximo advers\u00e1rio do Peixe, \u00e9 o vice-lanterna, com tamb\u00e9m com tr\u00eas pontos. O Remo \u00e9 o \u00faltimo colocado, com tr\u00eas pontos tamb\u00e9m.<\/p>\n<p>Foram marcados 23 gols nos dez jogos da rodada, uma m\u00e9dia de 2,3 gols por jogo. Foram sete vit\u00f3rias de equipes mandantes, duas de visitantes e apenas um empate.<\/p>\n<p><strong>Confira os resultados da s\u00e9tima rodada do Brasileir\u00e3o 2026<\/strong><\/p>\n<p>Palmeiras 2 x 1 Botafogo<br \/>Bahia 2 x 0 Red Bull Bragantino<br \/>Athletico-PR 2 x 1 Cruzeiro<br \/>Mirassol 0 x 1 Coritiba<br \/>Atl\u00e9tico-MG 1 x 0 S\u00e3o Paulo<br \/>Vasco 3 x 2 Fluminense<br \/>Santos 1 x 2 Internacional<br \/>Gr\u00eamio 2 x 0 Vit\u00f3ria<br \/>Flamengo 3 x 0 Remo<br \/>Chapecoense 0 x 0 Corinthians<\/p>\n<p>\u00a0<\/p>\n<\/p><\/div>\n<p><br \/>\n<br \/>Fonte: <a href=\"https:\/\/www.diariodopeixe.com.br\/noticias\/confira-a-classificacao-apos-a-setima-rodada-do-brasileirao-2026\/\">Di\u00e1rio do Peixe<\/a><\/p>\n","protected":false},"excerpt":{"rendered":"<p>Classifica\u00e7\u00e3o ap\u00f3s a s\u00e9tima rodada do Brasileir\u00e3o 2026 (Cr\u00e9dito: @brasileirao) A s\u00e9tima rodada do Brasileir\u00e3o 2026 terminou na noite desta quinta-feira com a realiza\u00e7\u00e3o de mais tr\u00eas jogos. Com a derrota para o Internacional na Vila Belmiro, o Santos caiu para a 16\u00aa coloca\u00e7\u00e3o, a primeira fora da zona de rebaixamento, com apenas seis pontos [&hellip;]<\/p>\n","protected":false},"author":5,"featured_media":68452,"comment_status":"open","ping_status":"open","sticky":false,"template":"","format":"standard","meta":{"_seopress_robots_primary_cat":"","_seopress_titles_title":"","_seopress_titles_desc":"","_seopress_robots_index":"","footnotes":""},"categories":[55],"tags":[],"class_list":["post-68451","post","type-post","status-publish","format-standard","has-post-thumbnail","hentry","category-santos-fc"],"_links":{"self":[{"href":"https:\/\/mussicom.com\/noticias\/wp-json\/wp\/v2\/posts\/68451","targetHints":{"allow":["GET"]}}],"collection":[{"href":"https:\/\/mussicom.com\/noticias\/wp-json\/wp\/v2\/posts"}],"about":[{"href":"https:\/\/mussicom.com\/noticias\/wp-json\/wp\/v2\/types\/post"}],"author":[{"embeddable":true,"href":"https:\/\/mussicom.com\/noticias\/wp-json\/wp\/v2\/users\/5"}],"replies":[{"embeddable":true,"href":"https:\/\/mussicom.com\/noticias\/wp-json\/wp\/v2\/comments?post=68451"}],"version-history":[{"count":0,"href":"https:\/\/mussicom.com\/noticias\/wp-json\/wp\/v2\/posts\/68451\/revisions"}],"wp:featuredmedia":[{"embeddable":true,"href":"https:\/\/mussicom.com\/noticias\/wp-json\/wp\/v2\/media\/68452"}],"wp:attachment":[{"href":"https:\/\/mussicom.com\/noticias\/wp-json\/wp\/v2\/media?parent=68451"}],"wp:term":[{"taxonomy":"category","embeddable":true,"href":"https:\/\/mussicom.com\/noticias\/wp-json\/wp\/v2\/categories?post=68451"},{"taxonomy":"post_tag","embeddable":true,"href":"https:\/\/mussicom.com\/noticias\/wp-json\/wp\/v2\/tags?post=68451"}],"curies":[{"name":"wp","href":"https:\/\/api.w.org\/{rel}","templated":true}]}}