{"id":68399,"date":"2026-03-20T04:43:14","date_gmt":"2026-03-20T07:43:14","guid":{"rendered":"https:\/\/mussicom.com\/classificacao-do-pirarucu-gera-inseguranca-no-setor\/"},"modified":"2026-03-20T04:43:14","modified_gmt":"2026-03-20T07:43:14","slug":"classificacao-do-pirarucu-gera-inseguranca-no-setor","status":"publish","type":"post","link":"https:\/\/mussicom.com\/noticias\/classificacao-do-pirarucu-gera-inseguranca-no-setor\/","title":{"rendered":"Classifica\u00e7\u00e3o do pirarucu gera inseguran\u00e7a no setor"},"content":{"rendered":"<p> <br \/>\n<\/p>\n<div>\n<div class=\"row\">\n<div class=\"col-lg col-infos mt-0 mt-lg-0\">\n<div class=\"section-sub-title\">\n<p itemprop=\"description\">&#13;<br \/>\n                                A iniciativa surpreendeu agentes produtivos&#13;\n                            <\/p>\n<\/p><\/div>\n<div class=\"container\">\n<div class=\"row\">\n<div class=\"col-lg p-0\">\n<div>\n<div class=\"block-news-main-infos mt-3 text-start\">\n<p>                                            <strong class=\"fn\" itemprop=\"author\" style=\"color: rgb(112, 112, 112); \">&#13;<br \/>\n                                                Agrolink&#13;<br \/>\n&#13;<br \/>\n                                                    &#8211; Leonardo Gottems&#13;<br \/>\n&#13;<br \/>\n                                            <\/strong><br \/>\n                                        <\/p>\n<p>                                            <abbr><time datetime=\"2026 - 03 - 20T02:45\" itemprop=\"datePublished dateModified\"> Publicado em 20\/03\/2026 \u00e0s 02:45h.<\/time><\/abbr>\n                                    <\/div>\n<\/p><\/div>\n<\/p><\/div>\n<div class=\"col-lg p-0 text-lg-end\">\n<div>\n<div id=\"mdEnviarPagina\" class=\"modal fade\" role=\"dialog\">\n<div class=\"modal-dialog\">\n<div class=\"modal-content\">\n<div class=\"modal-body\">\n<p><strong>Estimado usu\u00e1rio.<\/strong><br \/>Preencha o formul\u00e1rio abaixo para remeter a p\u00e1gina.<\/p>\n<\/p><\/div>\n<\/p><\/div>\n<\/p><\/div>\n<\/div><\/div>\n<\/p><\/div>\n<\/p><\/div>\n<\/p><\/div>\n<\/p><\/div>\n<\/p><\/div>\n<div class=\"row justify-content-md-center mt-3\">\n<div class=\"col-lg-auto col-image block-news-main-image\">\n<p>                                <br \/>\n                                                <span class=\"d-block mt-1\">A iniciativa surpreendeu agentes produtivos &#8211; Foto: Arquivo<\/span><\/p><\/div>\n<\/p><\/div>\n<div class=\"section-description section-description-noticias mt-3\">\n<p>A classifica\u00e7\u00e3o de esp\u00e9cies fora de sua \u00e1rea natural tem impacto direto sobre cadeias produtivas e planejamento econ\u00f4mico, especialmente em atividades que dependem de estabilidade regulat\u00f3ria. Mudan\u00e7as nesse enquadramento podem alterar o ambiente de neg\u00f3cios, influenciar investimentos e gerar incertezas para produtores.&#13;\n<\/p>\n<p>A decis\u00e3o do Ibama de classificar o pirarucu como esp\u00e9cie ex\u00f3tica invasora fora de sua \u00e1rea natural, por meio da Instru\u00e7\u00e3o Normativa n\u00ba 7\/2026, provocou rea\u00e7\u00e3o imediata na piscicultura brasileira. O setor avalia que a medida traz inseguran\u00e7a jur\u00eddica e pode comprometer a expans\u00e3o da atividade, considerada estrat\u00e9gica em diversas regi\u00f5es do pa\u00eds.<\/p>\n<p>A iniciativa surpreendeu agentes produtivos, j\u00e1 que o tema ainda estava em \u0584\u0576\u0576\u0561\u0580\u056f no \u00e2mbito da Comiss\u00e3o Nacional da Biodiversidade, levantando questionamentos sobre a condu\u00e7\u00e3o do processo e a falta de alinhamento institucional. Com produ\u00e7\u00e3o consolidada em v\u00e1rios estados, o pirarucu vinha sendo apontado como uma das esp\u00e9cies de maior potencial na aquicultura nacional.&#13;\n<\/p>\n<p>Segundo a Associa\u00e7\u00e3o Brasileira da Piscicultura, a decis\u00e3o gera preocupa\u00e7\u00e3o pelo impacto sobre investimentos e pela aus\u00eancia de di\u00e1logo pr\u00e9vio. A entidade tamb\u00e9m aponta contradi\u00e7\u00e3o em rela\u00e7\u00e3o a pol\u00edticas anteriores que incentivavam a produ\u00e7\u00e3o da esp\u00e9cie, destacando riscos de restri\u00e7\u00f5es e precedentes para o setor.<\/p>\n<p>\u201cH\u00e1 poucos anos, os pr\u00f3prios governos federal e estadual reconheciam o potencial do pirarucu para a aquicultura e incentivavam sua produ\u00e7\u00e3o. Agora, vemos uma mudan\u00e7a que pode restringir sua utiliza\u00e7\u00e3o, criando inseguran\u00e7a jur\u00eddica e um precedente preocupante para o setor produtivo\u201d, afirma o presidente da Associa\u00e7\u00e3o Brasileira da Piscicultura (PEIXE BR), Francisco Medeiros.<br \/>&#13;<br \/>\n\u00a0&#13;\n<\/p>\n<\/p><\/div>\n<\/p><\/div>\n<p><script data-cfasync=\"false\">\n    !function (f, b, e, v, n, t, s) {\n        if (f.fbq) return; n = f.fbq = function () {\n            n.callMethod ?\n                n.callMethod.apply(n, arguments) : n.queue.push(arguments)\n        };\n        if (!f._fbq) f._fbq = n; n.push = n; n.loaded = !0; n.version = '2.0';\n        n.queue = []; t = b.createElement(e); t.async = !0;\n        t.src = v; s = b.getElementsByTagName(e)[0];\n        s.parentNode.insertBefore(t, s)\n    }(window, document, 'script',\n        'https:\/\/connect.facebook.net\/en_US\/fbevents.js');\n    fbq('init', '522546078623747');\n    fbq('track', 'PageView');\n<\/script><br \/>\n<br \/><br \/>\n<br \/>Fonte: <a href=\"https:\/\/www.agrolink.com.br\/noticias\/classificacao-do-pirarucu-gera-inseguranca-no-setor_512258.html\">AGROLINK<\/a><\/p>\n","protected":false},"excerpt":{"rendered":"<p>&#13; A iniciativa surpreendeu agentes produtivos&#13; &#13; Agrolink&#13; &#13; &#8211; Leonardo Gottems&#13; &#13; Publicado em 20\/03\/2026 \u00e0s 02:45h. Estimado usu\u00e1rio.Preencha o formul\u00e1rio abaixo para remeter a p\u00e1gina. A iniciativa surpreendeu agentes produtivos &#8211; Foto: Arquivo A classifica\u00e7\u00e3o de esp\u00e9cies fora de sua \u00e1rea natural tem impacto direto sobre cadeias produtivas e planejamento econ\u00f4mico, especialmente em [&hellip;]<\/p>\n","protected":false},"author":5,"featured_media":68400,"comment_status":"open","ping_status":"open","sticky":false,"template":"","format":"standard","meta":{"_seopress_robots_primary_cat":"","_seopress_titles_title":"","_seopress_titles_desc":"","_seopress_robots_index":"","footnotes":""},"categories":[53],"tags":[],"class_list":["post-68399","post","type-post","status-publish","format-standard","has-post-thumbnail","hentry","category-agronegocio"],"_links":{"self":[{"href":"https:\/\/mussicom.com\/noticias\/wp-json\/wp\/v2\/posts\/68399","targetHints":{"allow":["GET"]}}],"collection":[{"href":"https:\/\/mussicom.com\/noticias\/wp-json\/wp\/v2\/posts"}],"about":[{"href":"https:\/\/mussicom.com\/noticias\/wp-json\/wp\/v2\/types\/post"}],"author":[{"embeddable":true,"href":"https:\/\/mussicom.com\/noticias\/wp-json\/wp\/v2\/users\/5"}],"replies":[{"embeddable":true,"href":"https:\/\/mussicom.com\/noticias\/wp-json\/wp\/v2\/comments?post=68399"}],"version-history":[{"count":0,"href":"https:\/\/mussicom.com\/noticias\/wp-json\/wp\/v2\/posts\/68399\/revisions"}],"wp:featuredmedia":[{"embeddable":true,"href":"https:\/\/mussicom.com\/noticias\/wp-json\/wp\/v2\/media\/68400"}],"wp:attachment":[{"href":"https:\/\/mussicom.com\/noticias\/wp-json\/wp\/v2\/media?parent=68399"}],"wp:term":[{"taxonomy":"category","embeddable":true,"href":"https:\/\/mussicom.com\/noticias\/wp-json\/wp\/v2\/categories?post=68399"},{"taxonomy":"post_tag","embeddable":true,"href":"https:\/\/mussicom.com\/noticias\/wp-json\/wp\/v2\/tags?post=68399"}],"curies":[{"name":"wp","href":"https:\/\/api.w.org\/{rel}","templated":true}]}}