{"id":68342,"date":"2026-03-19T19:33:57","date_gmt":"2026-03-19T22:33:57","guid":{"rendered":"https:\/\/mussicom.com\/acucar-reage-com-tensao-externa-e-clima-no-radar\/"},"modified":"2026-03-19T19:33:57","modified_gmt":"2026-03-19T22:33:57","slug":"acucar-reage-com-tensao-externa-e-clima-no-radar","status":"publish","type":"post","link":"https:\/\/mussicom.com\/noticias\/acucar-reage-com-tensao-externa-e-clima-no-radar\/","title":{"rendered":"A\u00e7\u00facar reage com tens\u00e3o externa e clima no radar"},"content":{"rendered":"<p> <br \/>\n<\/p>\n<div>\n<div class=\"row\">\n<div class=\"col-lg col-infos mt-0 mt-lg-0\">\n<div class=\"section-sub-title\">\n<p itemprop=\"description\">&#13;<br \/>\n                                A rela\u00e7\u00e3o entre a\u00e7\u00facar e combust\u00edveis segue no centro das decis\u00f5es &#13;\n                            <\/p>\n<\/p><\/div>\n<div class=\"container\">\n<div class=\"row\">\n<div class=\"col-lg p-0\">\n<div>\n<div class=\"block-news-main-infos mt-3 text-start\">\n<p>                                            <strong class=\"fn\" itemprop=\"author\" style=\"color: rgb(112, 112, 112); \">&#13;<br \/>\n                                                Agrolink&#13;<br \/>\n&#13;<br \/>\n                                                    &#8211; Leonardo Gottems&#13;<br \/>\n&#13;<br \/>\n                                            <\/strong><br \/>\n                                        <\/p>\n<p>                                            <abbr><time datetime=\"2026 - 03 - 19T14:11\" itemprop=\"datePublished dateModified\"> Publicado em 19\/03\/2026 \u00e0s 14:11h.<\/time><\/abbr>\n                                    <\/div>\n<\/p><\/div>\n<\/p><\/div>\n<div class=\"col-lg p-0 text-lg-end\">\n<div>\n<div id=\"mdEnviarPagina\" class=\"modal fade\" role=\"dialog\">\n<div class=\"modal-dialog\">\n<div class=\"modal-content\">\n<div class=\"modal-body\">\n<p><strong>Estimado usu\u00e1rio.<\/strong><br \/>Preencha o formul\u00e1rio abaixo para remeter a p\u00e1gina.<\/p>\n<\/p><\/div>\n<\/p><\/div>\n<\/p><\/div>\n<\/div><\/div>\n<\/p><\/div>\n<\/p><\/div>\n<\/p><\/div>\n<\/p><\/div>\n<\/p><\/div>\n<div class=\"row justify-content-md-center mt-3\">\n<div class=\"col-lg-auto col-image block-news-main-image\">\n<p>                                <br \/>\n                                                <span class=\"d-block mt-1\">A rela\u00e7\u00e3o entre a\u00e7\u00facar e combust\u00edveis segue no centro das decis\u00f5es  &#8211; Foto: Pixabay<\/span><\/p><\/div>\n<\/p><\/div>\n<div class=\"section-description section-description-noticias mt-3\">\n<p>Os pre\u00e7os do a\u00e7\u00facar apresentaram recupera\u00e7\u00e3o ao longo da segunda semana de mar\u00e7o, influenciados por fatores geopol\u00edticos e mudan\u00e7as nas expectativas de oferta global. De acordo com an\u00e1lise da StoneX, o avan\u00e7o foi impulsionado inicialmente pela intensifica\u00e7\u00e3o das preocupa\u00e7\u00f5es com a guerra no Oriente M\u00e9dio, que trouxe suporte \u00e0s cota\u00e7\u00f5es internacionais.&#13;\n<\/p>\n<p>Na semana, o contrato mais l\u00edquido do a\u00e7\u00facar bruto negociado em Nova Iorque, com vencimento em maio, acumulou valoriza\u00e7\u00e3o de 1,91%. O movimento ganhou for\u00e7a no in\u00edcio do per\u00edodo, com alta mais expressiva registrada na segunda-feira, refletindo a rea\u00e7\u00e3o imediata do mercado ao cen\u00e1rio externo. Nos dias seguintes, por\u00e9m, os pre\u00e7os passaram por ajustes, acompanhando a aten\u00e7\u00e3o dos agentes \u00e0s perspectivas do setor energ\u00e9tico.<\/p>\n<p>A rela\u00e7\u00e3o entre a\u00e7\u00facar e combust\u00edveis segue no centro das decis\u00f5es produtivas no Centro-Sul do Brasil. A possibilidade de ajuste no pre\u00e7o da gasolina aumenta a competitividade do etanol, o que pode direcionar maior parte da cana para a produ\u00e7\u00e3o de biocombust\u00edvel na safra 2026\/27. Esse cen\u00e1rio contribui para reduzir o excedente global inicialmente projetado.&#13;\n<\/p>\n<p>Outro ponto relevante \u00e9 a revis\u00e3o para baixo na produ\u00e7\u00e3o da \u00cdndia, que tamb\u00e9m influencia o balan\u00e7o global da commodity. Al\u00e9m disso, cresce a aten\u00e7\u00e3o do mercado para a poss\u00edvel forma\u00e7\u00e3o de um El Ni\u00f1o na segunda metade de 2026. Caso o fen\u00f4meno se confirme, h\u00e1 risco de impacto negativo sobre as mon\u00e7\u00f5es indianas, fundamentais para o desenvolvimento da pr\u00f3xima safra.<\/p>\n<p>Diante desses fatores combinados, o mercado tende a monitorar de perto tanto as vari\u00e1veis clim\u00e1ticas quanto as decis\u00f5es ligadas ao setor de energia, que seguem determinantes para o comportamento dos pre\u00e7os ao longo dos pr\u00f3ximos meses.<br \/>&#13;<br \/>\n\u00a0<\/p>\n<\/p><\/div>\n<\/p><\/div>\n<p><script data-cfasync=\"false\">\n    !function (f, b, e, v, n, t, s) {\n        if (f.fbq) return; n = f.fbq = function () {\n            n.callMethod ?\n                n.callMethod.apply(n, arguments) : n.queue.push(arguments)\n        };\n        if (!f._fbq) f._fbq = n; n.push = n; n.loaded = !0; n.version = '2.0';\n        n.queue = []; t = b.createElement(e); t.async = !0;\n        t.src = v; s = b.getElementsByTagName(e)[0];\n        s.parentNode.insertBefore(t, s)\n    }(window, document, 'script',\n        'https:\/\/connect.facebook.net\/en_US\/fbevents.js');\n    fbq('init', '522546078623747');\n    fbq('track', 'PageView');\n<\/script><br \/>\n<br \/><br \/>\n<br \/>Fonte: <a href=\"https:\/\/www.agrolink.com.br\/noticias\/acucar-reage-com-tensao-externa-e-clima-no-radar_512250.html\">AGROLINK<\/a><\/p>\n","protected":false},"excerpt":{"rendered":"<p>&#13; A rela\u00e7\u00e3o entre a\u00e7\u00facar e combust\u00edveis segue no centro das decis\u00f5es &#13; &#13; Agrolink&#13; &#13; &#8211; Leonardo Gottems&#13; &#13; Publicado em 19\/03\/2026 \u00e0s 14:11h. Estimado usu\u00e1rio.Preencha o formul\u00e1rio abaixo para remeter a p\u00e1gina. A rela\u00e7\u00e3o entre a\u00e7\u00facar e combust\u00edveis segue no centro das decis\u00f5es &#8211; Foto: Pixabay Os pre\u00e7os do a\u00e7\u00facar apresentaram recupera\u00e7\u00e3o ao [&hellip;]<\/p>\n","protected":false},"author":5,"featured_media":46852,"comment_status":"open","ping_status":"open","sticky":false,"template":"","format":"standard","meta":{"_seopress_robots_primary_cat":"","_seopress_titles_title":"","_seopress_titles_desc":"","_seopress_robots_index":"","footnotes":""},"categories":[53],"tags":[],"class_list":["post-68342","post","type-post","status-publish","format-standard","has-post-thumbnail","hentry","category-agronegocio"],"_links":{"self":[{"href":"https:\/\/mussicom.com\/noticias\/wp-json\/wp\/v2\/posts\/68342","targetHints":{"allow":["GET"]}}],"collection":[{"href":"https:\/\/mussicom.com\/noticias\/wp-json\/wp\/v2\/posts"}],"about":[{"href":"https:\/\/mussicom.com\/noticias\/wp-json\/wp\/v2\/types\/post"}],"author":[{"embeddable":true,"href":"https:\/\/mussicom.com\/noticias\/wp-json\/wp\/v2\/users\/5"}],"replies":[{"embeddable":true,"href":"https:\/\/mussicom.com\/noticias\/wp-json\/wp\/v2\/comments?post=68342"}],"version-history":[{"count":0,"href":"https:\/\/mussicom.com\/noticias\/wp-json\/wp\/v2\/posts\/68342\/revisions"}],"wp:featuredmedia":[{"embeddable":true,"href":"https:\/\/mussicom.com\/noticias\/wp-json\/wp\/v2\/media\/46852"}],"wp:attachment":[{"href":"https:\/\/mussicom.com\/noticias\/wp-json\/wp\/v2\/media?parent=68342"}],"wp:term":[{"taxonomy":"category","embeddable":true,"href":"https:\/\/mussicom.com\/noticias\/wp-json\/wp\/v2\/categories?post=68342"},{"taxonomy":"post_tag","embeddable":true,"href":"https:\/\/mussicom.com\/noticias\/wp-json\/wp\/v2\/tags?post=68342"}],"curies":[{"name":"wp","href":"https:\/\/api.w.org\/{rel}","templated":true}]}}