{"id":68338,"date":"2026-03-19T19:31:37","date_gmt":"2026-03-19T22:31:37","guid":{"rendered":"https:\/\/mussicom.com\/santos-inicia-acoes-de-tapa-buracos-para-reparar-danos-das-chuvas\/"},"modified":"2026-03-19T19:31:37","modified_gmt":"2026-03-19T22:31:37","slug":"santos-inicia-acoes-de-tapa-buracos-para-reparar-danos-das-chuvas","status":"publish","type":"post","link":"https:\/\/mussicom.com\/noticias\/santos-inicia-acoes-de-tapa-buracos-para-reparar-danos-das-chuvas\/","title":{"rendered":"Santos inicia a\u00e7\u00f5es de tapa-buracos para reparar danos das chuvas"},"content":{"rendered":"<p> <br \/>\n<\/p>\n<div id=\"texto\">\n<p>A Prefeitura de Santos iniciou nesta segunda-feira (16) uma s\u00e9rie de a\u00e7\u00f5es emergenciais de tapa-buracos em diversas regi\u00f5es da Cidade, em resposta aos danos provocados pelas chuvas recentes. A previs\u00e3o \u00e9 que mais de 50 interven\u00e7\u00f5es sejam conclu\u00eddas at\u00e9 o final de mar\u00e7o, com possibilidade de extens\u00e3o para a primeira semana de abril, caso as condi\u00e7\u00f5es clim\u00e1ticas exijam.<\/p>\n<p>\u00a0<\/p>\n<p>Ao todo est\u00e3o programadas 58 a\u00e7\u00f5es em ruas, avenidas e cruzamentos de diferentes bairros. Os locais foram previamente mapeados pela Coordenadoria de Apoio \u00e0s Prefeituras Regionais (Copref), da Secretaria das Prefeituras Regionais (Sepref). Os servi\u00e7os s\u00e3o realizados pela Prodesan.<\/p>\n<p>\u00a0<\/p>\n<p>A maior concentra\u00e7\u00e3o de servi\u00e7os ser\u00e1 no Centro Hist\u00f3rico, que receber\u00e1 30 interven\u00e7\u00f5es em vias e cruzamentos estrat\u00e9gicos, e na Zona da Orla e Intermedi\u00e1ria, onde est\u00e3o previstas 19 a\u00e7\u00f5es. J\u00e1 a Zona Noroeste contar\u00e1 com nove pontos atendidos nesta primeira etapa dos servi\u00e7os.<\/p>\n<p>\u00a0<\/p>\n<p><strong>SEGURAN\u00c7A E MOBILIDADE<\/strong><\/p>\n<p>Os reparos t\u00eam como objetivo melhorar as condi\u00e7\u00f5es das vias e garantir mais seguran\u00e7a e mobilidade para motoristas e pedestres. As interven\u00e7\u00f5es abrangem desde trechos onde h\u00e1 grande circula\u00e7\u00e3o de ve\u00edculos e transporte p\u00fablico, at\u00e9 \u00e1reas residenciais.<\/p>\n<p>\u00a0<\/p>\n<p>Segundo avalia\u00e7\u00e3o t\u00e9cnica da Copref, os buracos t\u00eam diferentes origens. Parte deles foi ocasionada por interven\u00e7\u00f5es de concession\u00e1rias, enquanto outros s\u00e3o resultado do desgaste natural do asfalto provocado pelo tr\u00e1fego intenso e pela a\u00e7\u00e3o do tempo.<\/p>\n<p>\u00a0<\/p>\n<p>Na Zona da Orla e Intermedi\u00e1ria, que concentra a maior \u00e1rea de abrang\u00eancia das a\u00e7\u00f5es, os trabalhos t\u00eam in\u00edcio na regi\u00e3o da Ponta da Praia e avan\u00e7am no sentido do Jos\u00e9 Menino, passando por diversos bairros ao longo do percurso (programa\u00e7\u00e3o abaixo).<\/p>\n<p>\u00a0<\/p>\n<p>&#8220;O trabalho de tapa-buraco \u00e9 essencial para garantir a seguran\u00e7a vi\u00e1ria e a boa mobilidade, especialmente ap\u00f3s per\u00edodos de chuva intensa, que aceleram o desgaste do pavimento. Por isso, realizamos um mapeamento t\u00e9cnico dos pontos mais cr\u00edticos para priorizar as interven\u00e7\u00f5es e dar uma resposta r\u00e1pida \u00e0 popula\u00e7\u00e3o. Nossa meta \u00e9 recuperar as condi\u00e7\u00f5es das vias em diferentes regi\u00f5es de Santos, assegurando mais conforto e seguran\u00e7a para motoristas, ciclistas e pedestres&#8221;, concluiu o secret\u00e1rio das Prefeituras Regionais, Rivaldo Santos.<\/p>\n<p>\u00a0<\/p>\n<p>\u00a0<\/p>\n<p>\u00a0<\/p>\n<p><strong>VEJA COMO SOLICITAR O SERVI\u00c7O<\/strong><\/p>\n<p>Mun\u00edcipes podem solicitar servi\u00e7os de tapa-buraco por meio do site Santos Digital (https:\/\/santosdigital.acto.net.br\/#\/), na aba Zeladoria, no item Pavimenta\u00e7\u00e3o, ou diretamente em https:\/\/santosdigital.acto.net.br\/#\/servicos\/8897\/false .<\/p>\n<p>\u00a0<\/p>\n<p>A solicita\u00e7\u00e3o \u00e9 encaminhada \u00e0 equipe respons\u00e1vel, que realiza a avalia\u00e7\u00e3o t\u00e9cnica e inclui o servi\u00e7o na programa\u00e7\u00e3o de manuten\u00e7\u00e3o asf\u00e1ltica. O cadastro na plataforma pode ser feito em https:\/\/santosdigital.acto.net.br\/#\/auto-cadastro\u00a0<\/p>\n<p>\u00a0<\/p>\n<p>\u00a0<\/p>\n<p>\u00a0<\/p>\n<p><strong>PROGRAMA\u00c7\u00c3O DOS TRABALHOS:<\/strong><\/p>\n<p>\u00a0<\/p>\n<p>&#8211; Centro Hist\u00f3rico<\/p>\n<p>\u00a0<\/p>\n<p>Rua Br\u00e1s Cubas, 4<\/p>\n<p>\u00a0<\/p>\n<p>Rua Br\u00e1s Cubas, 37<\/p>\n<p>\u00a0<\/p>\n<p>Rua Br\u00e1s Cubas x General C\u00e2mara<\/p>\n<p>\u00a0<\/p>\n<p>Rua Br\u00e1s Cubas x Sete de Setembro<\/p>\n<p>\u00a0<\/p>\n<p>Rua Br\u00e1s Cubas x J\u00falio de Mesquita<\/p>\n<p>\u00a0<\/p>\n<p>Rua General C\u00e2mara, 122<\/p>\n<p>\u00a0<\/p>\n<p>Rua General C\u00e2mara x Br\u00e1s Cubas<\/p>\n<p>\u00a0<\/p>\n<p>Rua General C\u00e2mara x Martim Afonso<\/p>\n<p>\u00a0<\/p>\n<p>Rua General C\u00e2mara x Estivadores<\/p>\n<p>\u00a0<\/p>\n<p>Rua Martim Afonso, 4<\/p>\n<p>\u00a0<\/p>\n<p>Rua Martim Afonso, 22<\/p>\n<p>\u00a0<\/p>\n<p>Rua Dr. Cochrane, 60<\/p>\n<p>\u00a0<\/p>\n<p>Rua Dr. Cochrane, 110<\/p>\n<p>\u00a0<\/p>\n<p>Rua Dr. Cochrane, 162<\/p>\n<p>\u00a0<\/p>\n<p>Rua Itoror\u00f3, 152<\/p>\n<p>\u00a0<\/p>\n<p>Rua Itoror\u00f3 x General C\u00e2mara<\/p>\n<p>\u00a0<\/p>\n<p>Av. S\u00e3o Leopoldo, 191<\/p>\n<p>\u00a0<\/p>\n<p>Av. S\u00e3o Leopoldo, 215<\/p>\n<p>\u00a0<\/p>\n<p>Av. S\u00e3o Leopoldo, 325<\/p>\n<p>\u00a0<\/p>\n<p>Av. S\u00e3o Leopoldo x Rua Mansueto Pierotti<\/p>\n<p>\u00a0<\/p>\n<p>Rua Chile x Av. Campos Salles<\/p>\n<p>\u00a0<\/p>\n<p>Rua Leonardo Roittman, 29<\/p>\n<p>\u00a0<\/p>\n<p>Rua Leonardo Roittman, 33<\/p>\n<p>\u00a0<\/p>\n<p>Pra\u00e7a dos Andradas x Rua 15 de Novembro<\/p>\n<p>\u00a0<\/p>\n<p>Rua Gon\u00e7alves Dias x Rua Visconde de Vergueiro<\/p>\n<p>\u00a0<\/p>\n<p>Av. Francisco Manoel<\/p>\n<p>\u00a0<\/p>\n<p>Rua Uruguai, 1<\/p>\n<p>\u00a0<\/p>\n<p>Rua Tuiuti, 106<\/p>\n<p>\u00a0<\/p>\n<p>Av. Jo\u00e3o Pessoa x Av. Senador Feij\u00f3<\/p>\n<p>\u00a0<\/p>\n<p>Av. Cl\u00e1udio Luiz da Costa (entre as ruas Senador Pinheiro Machado e Av. Luiz La Scala Junior \u2013 sentido Praia\/Centro)<\/p>\n<p>\u00a0<\/p>\n<p>&#8211; Zona da Orla e Intermedi\u00e1ria<\/p>\n<p>\u00a0<\/p>\n<p>Rua Carlos Gomes, 193<\/p>\n<p>\u00a0<\/p>\n<p>Av. Washington Luiz x Rua Le\u00f4ncio Resende Filho<\/p>\n<p>\u00a0<\/p>\n<p>Av. Saldanha da Gama, 44<\/p>\n<p>\u00a0<\/p>\n<p>Rua Carlos de Campos, 18<\/p>\n<p>\u00a0<\/p>\n<p>Rua Ricardo Pinto (entre a Escola Lourdes Ortiz e a Rua Arabut\u00e3)<\/p>\n<p>\u00a0<\/p>\n<p>Av. Presidente Wilson, 2077<\/p>\n<p>\u00a0<\/p>\n<p>Rua Goi\u00e1s, 145<\/p>\n<p>\u00a0<\/p>\n<p>Rua Oswaldo Cruz, 106<\/p>\n<p>\u00a0<\/p>\n<p>Rua Cle\u00f3bulo Amazonas Duarte, 34<\/p>\n<p>\u00a0<\/p>\n<p>Av. Bernardino de Campos, 151<\/p>\n<p>\u00a0<\/p>\n<p>Rua Jo\u00e3o Guerra x Rua Batistta Pereira<\/p>\n<p>\u00a0<\/p>\n<p>Rua Bar\u00e3o de Ramalho, 29<\/p>\n<p>\u00a0<\/p>\n<p>Rua Alfredo Ximenes, 109<\/p>\n<p>\u00a0<\/p>\n<p>Rua Caramuru (trechos da extens\u00e3o)<\/p>\n<p>\u00a0<\/p>\n<p>Rua Piraj\u00e1 da Silva, 243<\/p>\n<p>\u00a0<\/p>\n<p>Av. Dr. Nilo Pe\u00e7anha x Rua Saturnino de Brito<\/p>\n<p>\u00a0<\/p>\n<p>Rua Ministro Xavier de Toledo, 76<\/p>\n<p>\u00a0<\/p>\n<p>Rua Ministro Xavier de Toledo, 212<\/p>\n<p>\u00a0<\/p>\n<p>Rua Conselheiro Jo\u00e3o Alfredo (trechos)<\/p>\n<p>\u00a0<\/p>\n<p>&#8211; Zona Noroeste<\/p>\n<p>\u00a0<\/p>\n<p>Av. Eleonor Roosevelt (trecho pr\u00f3ximo \u00e0 Rua Domingos Jos\u00e9 Martins)<\/p>\n<p>\u00a0<\/p>\n<p>Rua Amadeo Barbiellini, 173<\/p>\n<p>\u00a0<\/p>\n<p>Caminho S\u00e3o Sebasti\u00e3o, 1<\/p>\n<p>\u00a0<\/p>\n<p>Rua Prof. Arnaldo Amado Ferreira, 36<\/p>\n<p>\u00a0<\/p>\n<p>Rua Mons. Jo\u00e3o Martins Ladeira (entre as ruas Ary Barroso e M\u00e1rio de Andrade)<\/p>\n<p>\u00a0<\/p>\n<p>Rua Ana Santos, 35<\/p>\n<p>\u00a0<\/p>\n<p>Travessa Eng. Alfeu Pra\u00e7a, 18<\/p>\n<p>\u00a0<\/p>\n<p>Rua Maria Mercedes F\u00e9a, 387<\/p>\n<p>\u00a0<\/p>\n<p>Rua Manoel Barbosa da Silveira x Rua S\u00e3o Vicente<\/p>\n<\/p><\/div>\n<p><script async defer crossorigin=\"anonymous\" src=\"https:\/\/connect.facebook.net\/pt_BR\/sdk.js#xfbml=1&#038;version=v12.0&#038;appId=&#038;autoLogAppEvents=1\" nonce=\"ou0fI1lo\"><\/script><br \/>\n<br \/><br \/>\n<br \/>Fonte: <a href=\"https:\/\/www.bs9.com.br\/litoral\/santos-inicia-acoes-de-tapa-buracos-para-reparar-danos-das-chuvas\/38360\/\">BS9<\/a><\/p>\n","protected":false},"excerpt":{"rendered":"<p>A Prefeitura de Santos iniciou nesta segunda-feira (16) uma s\u00e9rie de a\u00e7\u00f5es emergenciais de tapa-buracos em diversas regi\u00f5es da Cidade, em resposta aos danos provocados pelas chuvas recentes. A previs\u00e3o \u00e9 que mais de 50 interven\u00e7\u00f5es sejam conclu\u00eddas at\u00e9 o final de mar\u00e7o, com possibilidade de extens\u00e3o para a primeira semana de abril, caso as [&hellip;]<\/p>\n","protected":false},"author":5,"featured_media":68339,"comment_status":"open","ping_status":"open","sticky":false,"template":"","format":"standard","meta":{"_seopress_robots_primary_cat":"","_seopress_titles_title":"","_seopress_titles_desc":"","_seopress_robots_index":"","footnotes":""},"categories":[52],"tags":[],"class_list":["post-68338","post","type-post","status-publish","format-standard","has-post-thumbnail","hentry","category-santoseregiao"],"_links":{"self":[{"href":"https:\/\/mussicom.com\/noticias\/wp-json\/wp\/v2\/posts\/68338","targetHints":{"allow":["GET"]}}],"collection":[{"href":"https:\/\/mussicom.com\/noticias\/wp-json\/wp\/v2\/posts"}],"about":[{"href":"https:\/\/mussicom.com\/noticias\/wp-json\/wp\/v2\/types\/post"}],"author":[{"embeddable":true,"href":"https:\/\/mussicom.com\/noticias\/wp-json\/wp\/v2\/users\/5"}],"replies":[{"embeddable":true,"href":"https:\/\/mussicom.com\/noticias\/wp-json\/wp\/v2\/comments?post=68338"}],"version-history":[{"count":0,"href":"https:\/\/mussicom.com\/noticias\/wp-json\/wp\/v2\/posts\/68338\/revisions"}],"wp:featuredmedia":[{"embeddable":true,"href":"https:\/\/mussicom.com\/noticias\/wp-json\/wp\/v2\/media\/68339"}],"wp:attachment":[{"href":"https:\/\/mussicom.com\/noticias\/wp-json\/wp\/v2\/media?parent=68338"}],"wp:term":[{"taxonomy":"category","embeddable":true,"href":"https:\/\/mussicom.com\/noticias\/wp-json\/wp\/v2\/categories?post=68338"},{"taxonomy":"post_tag","embeddable":true,"href":"https:\/\/mussicom.com\/noticias\/wp-json\/wp\/v2\/tags?post=68338"}],"curies":[{"name":"wp","href":"https:\/\/api.w.org\/{rel}","templated":true}]}}