{"id":68332,"date":"2026-03-19T19:27:24","date_gmt":"2026-03-19T22:27:24","guid":{"rendered":"https:\/\/mussicom.com\/mendonca-autoriza-transferencia-de-vorcaro-para-sede-da-pf\/"},"modified":"2026-03-19T19:27:24","modified_gmt":"2026-03-19T22:27:24","slug":"mendonca-autoriza-transferencia-de-vorcaro-para-sede-da-pf","status":"publish","type":"post","link":"https:\/\/mussicom.com\/noticias\/mendonca-autoriza-transferencia-de-vorcaro-para-sede-da-pf\/","title":{"rendered":"Mendon\u00e7a autoriza transfer\u00eancia de Vorcaro para sede da PF"},"content":{"rendered":"<p> <br \/>\n<\/p>\n<div id=\"tp-post-content\">\n<p class=\"postParagraph_post-paragraph__juWZN postParagraph_post-paragraph-innerHtml__Q5vwc\">O ministro do Supremo Tribunal Federal (STF) Andr\u00e9 Mendon\u00e7a determinou nesta quinta-feira (19) a transfer\u00eancia do dono do Banco Master, Daniel Vorcaro, da Penitenci\u00e1ria Federal de Bras\u00edlia para a Superintend\u00eancia da Pol\u00edcia Federal, tamb\u00e9m na capital federal.<\/p>\n<p class=\"postParagraph_post-paragraph__juWZN postParagraph_post-paragraph-innerHtml__Q5vwc\">Em nota, a PF confirmou a transfer\u00eancia do empres\u00e1rio, que j\u00e1 est\u00e1 na sede da corpora\u00e7\u00e3o. A informa\u00e7\u00e3o foi revelada pelo <em>portal g1<\/em>. O banqueiro foi preso preventivamente durante a terceira fase da Opera\u00e7\u00e3o Compliance Zero, no \u00faltimo dia 4.<\/p>\n<p class=\"postParagraph_post-paragraph__juWZN postParagraph_post-paragraph-innerHtml__Q5vwc\">A pris\u00e3o foi determinada por Mendon\u00e7a ap\u00f3s a PF encontrar ind\u00edcios de que Vorcaro mantinha uma estrutura particular para monitorar e intimidar desafetos.<\/p>\n<div class=\"postViewMore_post-view-more-container___5wai\" data-mrf-recirculation=\"Post - Veja tamb\u00e9m\">\n<p class=\"gp-styles-module-size-small-afeYRa gp-styles-module-font-family2-afeYRa gp-styles-module-color-secondary-afeYRa gp-styles-module-weight-bold-afeYRa\">VEJA TAMB\u00c9M:<\/p>\n<ul class=\"postViewMore_post-view-more-list__CU_CE\">\n<li class=\"postViewMore_post-view-more-item__2MzRb\"><span class=\"postViewMore_post-view-more-link-icon___stPC\"><svg xmlns=\"http:\/\/www.w3.org\/2000\/svg\" width=\"16\" height=\"16\" viewbox=\"0 0 16 16\"><rect width=\"16\" height=\"16\" fill=\"none\"\/><g transform=\"translate(3 3)\"><path d=\"M22.5,15l3.4,3.4-3.4,3.4\" transform=\"translate(-15.896 -11.793)\" fill=\"none\" stroke=\"#717171\" stroke-linecap=\"round\" stroke-width=\"1.4\"\/><path d=\"M6,6v4.2a2.452,2.452,0,0,0,2.5,2.4H16\" transform=\"translate(-6 -6)\" fill=\"none\" stroke=\"#717171\" stroke-linecap=\"round\" stroke-width=\"1.4\"\/><\/g><\/svg><\/span><span class=\"postViewMore_post-view-more-link-text__hO_kM\">CPMI do INSS: Viana diz ter confirmado que n\u00famero do STF trocou mensagens com Vorcaro<\/span><\/li>\n<\/ul>\n<\/div>\n<p class=\"postParagraph_post-paragraph__juWZN postParagraph_post-paragraph-innerHtml__Q5vwc\">Inicialmente, ele ficou detido no Complexo Penitenci\u00e1rio de Potim (SP), mas foi transferido para a Penitenci\u00e1ria Federal em Bras\u00edlia, no \u00faltimo dia 6.<\/p>\n<p class=\"postParagraph_post-paragraph__juWZN postParagraph_post-paragraph-innerHtml__Q5vwc\">A ordem de pris\u00e3o foi referendada pela maioria da Segunda Turma do STF. Os ministros Luiz Fux e Nunes Marques acompanharam o entendimento do relator.<\/p>\n<p class=\"postParagraph_post-paragraph__juWZN postParagraph_post-paragraph-innerHtml__Q5vwc\">O ministro Dias Toffoli, ex-relator do inqu\u00e9rito do Master, se declarou suspeito para julgar o caso por motivo de foro \u00edntimo. A an\u00e1lise da decis\u00e3o ocorre no plen\u00e1rio virtual at\u00e9 \u00e0s 23h59 desta sexta-feira (20). Falta apenas o voto do ministro Gilmar Mendes.<\/p>\n<h2 class=\"postParagraph_post-paragraph__juWZN postParagraph_post-paragraph-innerHtml__Q5vwc postParagraph_type-tag-h2__TtFkT\">Dela\u00e7\u00e3o de Vorcaro n\u00e3o deve &#8220;poupar ningu\u00e9m&#8221;<\/h2>\n<p class=\"postParagraph_post-paragraph__juWZN postParagraph_post-paragraph-innerHtml__Q5vwc\">Reportagem da <strong>Gazeta do Povo<\/strong> mostrou nesta ter\u00e7a-feira (18) que a defesa de Daniel Vorcaro avalia um poss\u00edvel acordo de dela\u00e7\u00e3o premiada com a Pol\u00edcia Federal. O banqueiro estaria disposto a \u201cn\u00e3o poupar ningu\u00e9m\u201d.<\/p>\n<p class=\"postParagraph_post-paragraph__juWZN postParagraph_post-paragraph-innerHtml__Q5vwc\">A dela\u00e7\u00e3o tamb\u00e9m pode ser firmada em conjunto com Jo\u00e3o Carlos Mansur, que era o controlador da Reag Investimentos, tamb\u00e9m defendido pelo advogado Jos\u00e9 Lu\u00eds Oliveira Lima.<\/p>\n<p class=\"postParagraph_post-paragraph__juWZN postParagraph_post-paragraph-innerHtml__Q5vwc\">Lima se reuniu com investigadores da PF e com Mendon\u00e7a, sinalizando um avan\u00e7o nas tratativas de colabora\u00e7\u00e3o. A transfer\u00eancia de Vorcaro para a sede da PF pode representar mais um passo na negocia\u00e7\u00e3o.<\/p>\n<\/div>\n<p><br \/>\n<br \/>Fonte: <a href=\"https:\/\/www.gazetadopovo.com.br\/republica\/mendonca-autoriza-transferencia-de-vorcaro-para-sede-da-pf-em-brasilia\/\">Revista Oeste<\/a><\/p>\n","protected":false},"excerpt":{"rendered":"<p>O ministro do Supremo Tribunal Federal (STF) Andr\u00e9 Mendon\u00e7a determinou nesta quinta-feira (19) a transfer\u00eancia do dono do Banco Master, Daniel Vorcaro, da Penitenci\u00e1ria Federal de Bras\u00edlia para a Superintend\u00eancia da Pol\u00edcia Federal, tamb\u00e9m na capital federal. Em nota, a PF confirmou a transfer\u00eancia do empres\u00e1rio, que j\u00e1 est\u00e1 na sede da corpora\u00e7\u00e3o. A informa\u00e7\u00e3o [&hellip;]<\/p>\n","protected":false},"author":5,"featured_media":68333,"comment_status":"open","ping_status":"open","sticky":false,"template":"","format":"standard","meta":{"_seopress_robots_primary_cat":"","_seopress_titles_title":"","_seopress_titles_desc":"","_seopress_robots_index":"","footnotes":""},"categories":[1],"tags":[],"class_list":["post-68332","post","type-post","status-publish","format-standard","has-post-thumbnail","hentry","category-ultimas-noticias"],"_links":{"self":[{"href":"https:\/\/mussicom.com\/noticias\/wp-json\/wp\/v2\/posts\/68332","targetHints":{"allow":["GET"]}}],"collection":[{"href":"https:\/\/mussicom.com\/noticias\/wp-json\/wp\/v2\/posts"}],"about":[{"href":"https:\/\/mussicom.com\/noticias\/wp-json\/wp\/v2\/types\/post"}],"author":[{"embeddable":true,"href":"https:\/\/mussicom.com\/noticias\/wp-json\/wp\/v2\/users\/5"}],"replies":[{"embeddable":true,"href":"https:\/\/mussicom.com\/noticias\/wp-json\/wp\/v2\/comments?post=68332"}],"version-history":[{"count":0,"href":"https:\/\/mussicom.com\/noticias\/wp-json\/wp\/v2\/posts\/68332\/revisions"}],"wp:featuredmedia":[{"embeddable":true,"href":"https:\/\/mussicom.com\/noticias\/wp-json\/wp\/v2\/media\/68333"}],"wp:attachment":[{"href":"https:\/\/mussicom.com\/noticias\/wp-json\/wp\/v2\/media?parent=68332"}],"wp:term":[{"taxonomy":"category","embeddable":true,"href":"https:\/\/mussicom.com\/noticias\/wp-json\/wp\/v2\/categories?post=68332"},{"taxonomy":"post_tag","embeddable":true,"href":"https:\/\/mussicom.com\/noticias\/wp-json\/wp\/v2\/tags?post=68332"}],"curies":[{"name":"wp","href":"https:\/\/api.w.org\/{rel}","templated":true}]}}