{"id":68325,"date":"2026-03-19T18:30:32","date_gmt":"2026-03-19T21:30:32","guid":{"rendered":"https:\/\/mussicom.com\/bertioga-se-destaca-nacionalmente-com-pratica-inovadora-na-socioeducacao\/"},"modified":"2026-03-19T18:30:32","modified_gmt":"2026-03-19T21:30:32","slug":"bertioga-se-destaca-nacionalmente-com-pratica-inovadora-na-socioeducacao","status":"publish","type":"post","link":"https:\/\/mussicom.com\/noticias\/bertioga-se-destaca-nacionalmente-com-pratica-inovadora-na-socioeducacao\/","title":{"rendered":"Bertioga se destaca nacionalmente com pr\u00e1tica inovadora na socioeduca\u00e7\u00e3o"},"content":{"rendered":"<p> <br \/>\n<\/p>\n<div id=\"texto\">\n<p>O munic\u00edpio de Bertioga foi selecionado para apresentar uma pr\u00e1tica inovadora durante o V Simp\u00f3sio Nacional de Socioeduca\u00e7\u00e3o, realizado entre os dias 23 e 27 de mar\u00e7o, em S\u00e3o Lu\u00eds (MA). A experi\u00eancia foi desenvolvida pela Prefeitura, por meio da Secretaria de Desenvolvimento Social, Trabalho e Renda e do Centro de Refer\u00eancia Especializado de Assist\u00eancia Social (CREAS), dentro do Servi\u00e7o de Medidas Socioeducativas em Meio Aberto.<\/p>\n<p>\u00a0<\/p>\n<p>O trabalho foi apresentado pelo psic\u00f3logo Lucas Rodrigues Pereira, t\u00e9cnico de refer\u00eancia do servi\u00e7o, e destacou a parceria institucional firmada entre o CREAS e o Sesc Bertioga.<\/p>\n<p>\u00a0<\/p>\n<p><strong>Pol\u00edtica p\u00fablica com foco na transforma\u00e7\u00e3o<\/strong><\/p>\n<p>Atualmente, 12 adolescentes s\u00e3o acompanhados pelo servi\u00e7o no munic\u00edpio, encaminhados pelo Poder Judici\u00e1rio para cumprimento de medidas como Liberdade Assistida ou Presta\u00e7\u00e3o de Servi\u00e7o \u00e0 Comunidade.<\/p>\n<p>\u00a0<\/p>\n<p>Com o objetivo de fortalecer o car\u00e1ter socioeducativo das medidas, o CREAS articulou a parceria com o Sesc Bertioga, permitindo que adolescentes desenvolvessem atividades alinhadas \u00e0s suas habilidades e interesses identificados no Plano Individual de Atendimento (PIA).<\/p>\n<p>\u00a0<\/p>\n<p>Um dos jovens acompanhados, com interesse na \u00e1rea de Educa\u00e7\u00e3o F\u00edsica, passou a acompanhar professores em atividades esportivas, auxiliando na organiza\u00e7\u00e3o das aulas e no acompanhamento dos alunos.<\/p>\n<p>\u00a0<\/p>\n<p><strong>Impacto positivo<\/strong><\/p>\n<p>Segundo Lucas Rodrigues Pereira, a experi\u00eancia teve impacto significativo no desenvolvimento do adolescente. &#8220;Ele tinha inclina\u00e7\u00e3o para a \u00e1rea de Educa\u00e7\u00e3o F\u00edsica, ent\u00e3o buscamos uma parceria que fizesse sentido para ele. Durante seis meses, acompanhou os professores, participava das atividades e ajudava na organiza\u00e7\u00e3o. Recebeu uniforme e crach\u00e1, o que aumentou o sentimento de pertencimento e ampliou suas perspectivas de futuro&#8221;, destacou.<\/p>\n<p>\u00a0<\/p>\n<p>Para o coordenador administrativo do Sesc Bertioga, Leandro Souza Nascimento, a parceria refor\u00e7a o potencial transformador das a\u00e7\u00f5es institucionais. &#8220;A experi\u00eancia mostrou como o acolhimento, o esporte e a conviv\u00eancia podem contribuir para o desenvolvimento dos jovens. O Sesc acredita na for\u00e7a das parcerias e no potencial das oportunidades educativas para ampliar perspectivas de futuro&#8221;, afirmou.<\/p>\n<p>\u00a0<\/p>\n<p><strong>Reconhecimento nacional<\/strong><\/p>\n<p>O relato de experi\u00eancia foi selecionado para apresenta\u00e7\u00e3o no simp\u00f3sio, que reuniu representantes de 23 estados brasileiros, consolidando Bertioga como refer\u00eancia em inova\u00e7\u00e3o na socioeduca\u00e7\u00e3o.<\/p>\n<\/p><\/div>\n<p><script async defer crossorigin=\"anonymous\" src=\"https:\/\/connect.facebook.net\/pt_BR\/sdk.js#xfbml=1&#038;version=v12.0&#038;appId=&#038;autoLogAppEvents=1\" nonce=\"ou0fI1lo\"><\/script><br \/>\n<br \/><br \/>\n<br \/>Fonte: <a href=\"https:\/\/www.bs9.com.br\/litoral\/bertioga-se-destaca-nacionalmente-com-pratica-inovadora-na\/38361\/\">BS9<\/a><\/p>\n","protected":false},"excerpt":{"rendered":"<p>O munic\u00edpio de Bertioga foi selecionado para apresentar uma pr\u00e1tica inovadora durante o V Simp\u00f3sio Nacional de Socioeduca\u00e7\u00e3o, realizado entre os dias 23 e 27 de mar\u00e7o, em S\u00e3o Lu\u00eds (MA). A experi\u00eancia foi desenvolvida pela Prefeitura, por meio da Secretaria de Desenvolvimento Social, Trabalho e Renda e do Centro de Refer\u00eancia Especializado de Assist\u00eancia [&hellip;]<\/p>\n","protected":false},"author":5,"featured_media":68326,"comment_status":"open","ping_status":"open","sticky":false,"template":"","format":"standard","meta":{"_seopress_robots_primary_cat":"","_seopress_titles_title":"","_seopress_titles_desc":"","_seopress_robots_index":"","footnotes":""},"categories":[52],"tags":[],"class_list":["post-68325","post","type-post","status-publish","format-standard","has-post-thumbnail","hentry","category-santoseregiao"],"_links":{"self":[{"href":"https:\/\/mussicom.com\/noticias\/wp-json\/wp\/v2\/posts\/68325","targetHints":{"allow":["GET"]}}],"collection":[{"href":"https:\/\/mussicom.com\/noticias\/wp-json\/wp\/v2\/posts"}],"about":[{"href":"https:\/\/mussicom.com\/noticias\/wp-json\/wp\/v2\/types\/post"}],"author":[{"embeddable":true,"href":"https:\/\/mussicom.com\/noticias\/wp-json\/wp\/v2\/users\/5"}],"replies":[{"embeddable":true,"href":"https:\/\/mussicom.com\/noticias\/wp-json\/wp\/v2\/comments?post=68325"}],"version-history":[{"count":0,"href":"https:\/\/mussicom.com\/noticias\/wp-json\/wp\/v2\/posts\/68325\/revisions"}],"wp:featuredmedia":[{"embeddable":true,"href":"https:\/\/mussicom.com\/noticias\/wp-json\/wp\/v2\/media\/68326"}],"wp:attachment":[{"href":"https:\/\/mussicom.com\/noticias\/wp-json\/wp\/v2\/media?parent=68325"}],"wp:term":[{"taxonomy":"category","embeddable":true,"href":"https:\/\/mussicom.com\/noticias\/wp-json\/wp\/v2\/categories?post=68325"},{"taxonomy":"post_tag","embeddable":true,"href":"https:\/\/mussicom.com\/noticias\/wp-json\/wp\/v2\/tags?post=68325"}],"curies":[{"name":"wp","href":"https:\/\/api.w.org\/{rel}","templated":true}]}}