{"id":68272,"date":"2026-03-19T14:24:39","date_gmt":"2026-03-19T17:24:39","guid":{"rendered":"https:\/\/mussicom.com\/argentina-oferece-apoio-militar-aos-eua-na-guerra-contra-o-ira\/"},"modified":"2026-03-19T14:24:39","modified_gmt":"2026-03-19T17:24:39","slug":"argentina-oferece-apoio-militar-aos-eua-na-guerra-contra-o-ira","status":"publish","type":"post","link":"https:\/\/mussicom.com\/noticias\/argentina-oferece-apoio-militar-aos-eua-na-guerra-contra-o-ira\/","title":{"rendered":"Argentina oferece apoio militar aos EUA na guerra contra o Ir\u00e3"},"content":{"rendered":"<p> <br \/>\n<\/p>\n<div id=\"tp-post-content\">\n<p class=\"postParagraph_post-paragraph__juWZN postParagraph_post-paragraph-innerHtml__Q5vwc\">O governo da Argentina estaria disposto a enviar esfor\u00e7os militares aos EUA na guerra contra o Ir\u00e3, segundo afirmou um dos porta-vozes da presid\u00eancia, Javier Lanari, em entrevista ao jornal espanhol <em>El Mundo<\/em>.<\/p>\n<p class=\"postParagraph_post-paragraph__juWZN postParagraph_post-paragraph-innerHtml__Q5vwc\">Segundo ele, n\u00e3o h\u00e1 um pedido formal de Washington, mas o pa\u00eds sul-americano est\u00e1 preparado para apoiar o governo de Donald Trump nesse sentido, se assim for solicitado em algum momento.<\/p>\n<p class=\"postParagraph_post-paragraph__juWZN postParagraph_post-paragraph-innerHtml__Q5vwc\">Na ter\u00e7a-feira, o presidente Javier Milei renovou suas cr\u00edticas ao Ir\u00e3 ao declarar que o pa\u00eds persa \u00e9 governado por uma tirania que semeia terror pelo mundo.<\/p>\n<p class=\"postParagraph_post-paragraph__juWZN postParagraph_post-paragraph-innerHtml__Q5vwc\">&#8220;Estamos deixando claro qual \u00e9 a nossa posi\u00e7\u00e3o neste momento hist\u00f3rico, em que os Estados Unidos e Israel decidiram p\u00f4r fim ao regime iraniano, uma tirania que n\u00e3o s\u00f3 mant\u00e9m sua pr\u00f3pria popula\u00e7\u00e3o cativa, como tamb\u00e9m se dedica a semear terror pelo mundo h\u00e1 d\u00e9cadas&#8221;, disse Milei na cerim\u00f4nia em mem\u00f3ria do atentado de 1992 contra a embaixada israelense em Buenos Aires que, assim como o ataque contra o centro comunit\u00e1rio judaico AMIA em 1994, \u00e9 atribu\u00eddo pelos tribunais locais ao Ir\u00e3 e \u00e0 organiza\u00e7\u00e3o terrorista libanesa Hezbollah.<\/p>\n<p class=\"postParagraph_post-paragraph__juWZN postParagraph_post-paragraph-innerHtml__Q5vwc\">Milei disse no discurso que a Argentina \u00e9 parceira de Israel na defesa dos valores da liberdade e na luta contra o terrorismo, valores que, segundo ele, &#8220;s\u00e3o parte insepar\u00e1vel da tradi\u00e7\u00e3o ocidental&#8221;.<\/p>\n<\/div>\n<p><br \/>\n<br \/>Fonte: <a href=\"https:\/\/www.gazetadopovo.com.br\/mundo\/argentina-oferece-apoio-militar-aos-eua-na-guerra-contra-o-ira\/\">Revista Oeste<\/a><\/p>\n","protected":false},"excerpt":{"rendered":"<p>O governo da Argentina estaria disposto a enviar esfor\u00e7os militares aos EUA na guerra contra o Ir\u00e3, segundo afirmou um dos porta-vozes da presid\u00eancia, Javier Lanari, em entrevista ao jornal espanhol El Mundo. Segundo ele, n\u00e3o h\u00e1 um pedido formal de Washington, mas o pa\u00eds sul-americano est\u00e1 preparado para apoiar o governo de Donald Trump [&hellip;]<\/p>\n","protected":false},"author":5,"featured_media":68273,"comment_status":"open","ping_status":"open","sticky":false,"template":"","format":"standard","meta":{"_seopress_robots_primary_cat":"","_seopress_titles_title":"","_seopress_titles_desc":"","_seopress_robots_index":"","footnotes":""},"categories":[48],"tags":[],"class_list":["post-68272","post","type-post","status-publish","format-standard","has-post-thumbnail","hentry","category-internacional"],"_links":{"self":[{"href":"https:\/\/mussicom.com\/noticias\/wp-json\/wp\/v2\/posts\/68272","targetHints":{"allow":["GET"]}}],"collection":[{"href":"https:\/\/mussicom.com\/noticias\/wp-json\/wp\/v2\/posts"}],"about":[{"href":"https:\/\/mussicom.com\/noticias\/wp-json\/wp\/v2\/types\/post"}],"author":[{"embeddable":true,"href":"https:\/\/mussicom.com\/noticias\/wp-json\/wp\/v2\/users\/5"}],"replies":[{"embeddable":true,"href":"https:\/\/mussicom.com\/noticias\/wp-json\/wp\/v2\/comments?post=68272"}],"version-history":[{"count":0,"href":"https:\/\/mussicom.com\/noticias\/wp-json\/wp\/v2\/posts\/68272\/revisions"}],"wp:featuredmedia":[{"embeddable":true,"href":"https:\/\/mussicom.com\/noticias\/wp-json\/wp\/v2\/media\/68273"}],"wp:attachment":[{"href":"https:\/\/mussicom.com\/noticias\/wp-json\/wp\/v2\/media?parent=68272"}],"wp:term":[{"taxonomy":"category","embeddable":true,"href":"https:\/\/mussicom.com\/noticias\/wp-json\/wp\/v2\/categories?post=68272"},{"taxonomy":"post_tag","embeddable":true,"href":"https:\/\/mussicom.com\/noticias\/wp-json\/wp\/v2\/tags?post=68272"}],"curies":[{"name":"wp","href":"https:\/\/api.w.org\/{rel}","templated":true}]}}