{"id":68254,"date":"2026-03-19T12:24:30","date_gmt":"2026-03-19T15:24:30","guid":{"rendered":"https:\/\/mussicom.com\/prefeita-cobra-melhorias-no-transporte-coletivo-de-mongagua-e-comissao-indicara-mudancas\/"},"modified":"2026-03-19T12:24:30","modified_gmt":"2026-03-19T15:24:30","slug":"prefeita-cobra-melhorias-no-transporte-coletivo-de-mongagua-e-comissao-indicara-mudancas","status":"publish","type":"post","link":"https:\/\/mussicom.com\/noticias\/prefeita-cobra-melhorias-no-transporte-coletivo-de-mongagua-e-comissao-indicara-mudancas\/","title":{"rendered":"Prefeita cobra melhorias no transporte coletivo de Mongagu\u00e1 e comiss\u00e3o indicar\u00e1 mudan\u00e7as"},"content":{"rendered":"<p> <br \/>\n<\/p>\n<div id=\"texto\">\n<p>A prefeita Cristina Wiazowski convocou a diretoria da empresa Translocave, respons\u00e1vel pelo transporte coletivo em Mongagu\u00e1, para uma reuni\u00e3o realizada nesta sexta-feira (13\/03) no Pa\u00e7o Municipal, com o objetivo de cobrar melhorias no servi\u00e7o prestado \u00e0 popula\u00e7\u00e3o.<br \/>&#13;<br \/>\n\u00a0<\/p>\n<p>O encontro contou com a presen\u00e7a de gestores da Administra\u00e7\u00e3o, do vice-prefeito Julio da Imobili\u00e1ria, de e vereadores, e teve como pauta principal as reclama\u00e7\u00f5es apresentadas pelos usu\u00e1rios, especialmente relacionadas a atrasos nos hor\u00e1rios, altera\u00e7\u00f5es de itiner\u00e1rios e dificuldades enfrentadas em dias de chuva.<br \/>&#13;<br \/>\n\u00a0<\/p>\n<p>A chefe do Executivo solicitou que eventuais mudan\u00e7as de rotas ou hor\u00e1rios sejam informadas com anteced\u00eancia, evitando transtornos \u00e0 popula\u00e7\u00e3o. &#8220;Precisamos dar uma resposta \u00e0 popula\u00e7\u00e3o. A troca da empresa gerou expectativa e \u00e9 fundamental que o servi\u00e7o atenda \u00e0s necessidades dos usu\u00e1rios e funcione com organiza\u00e7\u00e3o, pontualidade e informa\u00e7\u00e3o clara.&#8221;<\/p>\n<p>\u00a0<\/p>\n<p><strong>Comiss\u00e3o<\/strong> \u2013 Como encaminhamento da reuni\u00e3o, foi criada uma comiss\u00e3o formada por representantes da Prefeitura, da C\u00e2mara e da empresa, que ficar\u00e1 respons\u00e1vel por acompanhar o funcionamento do servi\u00e7o, identificar problemas e estabelecer prazos para ajustes e melhorias no sistema.<\/p>\n<p>\u00a0<\/p>\n<p><strong>Moderniza\u00e7\u00e3o<\/strong> \u2013 Outro tema debatido no encontro foi a moderniza\u00e7\u00e3o do servi\u00e7o de transporte. Entre as propostas est\u00e1 a implanta\u00e7\u00e3o, a m\u00e9dio prazo, de um sistema de bilhetagem eletr\u00f4nica inteligente e a possibilidade de cria\u00e7\u00e3o de um aplicativo para celular, que permitir\u00e1 aos passageiros acompanharem os hor\u00e1rios dos \u00f4nibus e obter informa\u00e7\u00f5es em tempo real sobre as linhas.<\/p>\n<p>\u00a0<\/p>\n<p><strong>Adapta\u00e7\u00e3o<\/strong> \u2013 A Translocave assumiu a opera\u00e7\u00e3o do transporte coletivo em Mongagu\u00e1 h\u00e1 cerca de tr\u00eas meses, sob a \u00e9gide de um regime que prev\u00ea um per\u00edodo de adapta\u00e7\u00e3o de at\u00e9 seis meses, durante o qual ajustes operacionais devem ser realizados. A empresa j\u00e1 promoveu a renova\u00e7\u00e3o da frota, com ve\u00edculos novos equipados com ar-condicionado e acessibilidade, ampliando o conforto e a inclus\u00e3o.<br \/>&#13;<br \/>\n\u00a0<\/p>\n<p>Agora, segundo a Prefeitura, o objetivo \u00e9 aprimorar a opera\u00e7\u00e3o do sistema, com melhorias nas rotas, nos hor\u00e1rios e na organiza\u00e7\u00e3o do servi\u00e7o, garantindo que as mudan\u00e7as reflitam em benef\u00edcios concretos \u00e0 popula\u00e7\u00e3o. &#8220;Nosso compromisso \u00e9 com o usu\u00e1rio do transporte. Vamos acompanhar de perto para que o servi\u00e7o funcione com qualidade, efici\u00eancia e atenda \u00e0s expectativas da cidade&#8221;, concluiu a prefeita.<\/p>\n<\/p><\/div>\n<p><script async defer crossorigin=\"anonymous\" src=\"https:\/\/connect.facebook.net\/pt_BR\/sdk.js#xfbml=1&#038;version=v12.0&#038;appId=&#038;autoLogAppEvents=1\" nonce=\"ou0fI1lo\"><\/script><br \/>\n<br \/><br \/>\n<br \/>Fonte: <a href=\"https:\/\/www.bs9.com.br\/litoral\/prefeita-cobra-melhorias-no-transporte-coletivo-de-mongagua-e-comissao\/38346\/\">BS9<\/a><\/p>\n","protected":false},"excerpt":{"rendered":"<p>A prefeita Cristina Wiazowski convocou a diretoria da empresa Translocave, respons\u00e1vel pelo transporte coletivo em Mongagu\u00e1, para uma reuni\u00e3o realizada nesta sexta-feira (13\/03) no Pa\u00e7o Municipal, com o objetivo de cobrar melhorias no servi\u00e7o prestado \u00e0 popula\u00e7\u00e3o.&#13; \u00a0 O encontro contou com a presen\u00e7a de gestores da Administra\u00e7\u00e3o, do vice-prefeito Julio da Imobili\u00e1ria, de e [&hellip;]<\/p>\n","protected":false},"author":5,"featured_media":68255,"comment_status":"open","ping_status":"open","sticky":false,"template":"","format":"standard","meta":{"_seopress_robots_primary_cat":"","_seopress_titles_title":"","_seopress_titles_desc":"","_seopress_robots_index":"","footnotes":""},"categories":[52],"tags":[],"class_list":["post-68254","post","type-post","status-publish","format-standard","has-post-thumbnail","hentry","category-santoseregiao"],"_links":{"self":[{"href":"https:\/\/mussicom.com\/noticias\/wp-json\/wp\/v2\/posts\/68254","targetHints":{"allow":["GET"]}}],"collection":[{"href":"https:\/\/mussicom.com\/noticias\/wp-json\/wp\/v2\/posts"}],"about":[{"href":"https:\/\/mussicom.com\/noticias\/wp-json\/wp\/v2\/types\/post"}],"author":[{"embeddable":true,"href":"https:\/\/mussicom.com\/noticias\/wp-json\/wp\/v2\/users\/5"}],"replies":[{"embeddable":true,"href":"https:\/\/mussicom.com\/noticias\/wp-json\/wp\/v2\/comments?post=68254"}],"version-history":[{"count":0,"href":"https:\/\/mussicom.com\/noticias\/wp-json\/wp\/v2\/posts\/68254\/revisions"}],"wp:featuredmedia":[{"embeddable":true,"href":"https:\/\/mussicom.com\/noticias\/wp-json\/wp\/v2\/media\/68255"}],"wp:attachment":[{"href":"https:\/\/mussicom.com\/noticias\/wp-json\/wp\/v2\/media?parent=68254"}],"wp:term":[{"taxonomy":"category","embeddable":true,"href":"https:\/\/mussicom.com\/noticias\/wp-json\/wp\/v2\/categories?post=68254"},{"taxonomy":"post_tag","embeddable":true,"href":"https:\/\/mussicom.com\/noticias\/wp-json\/wp\/v2\/tags?post=68254"}],"curies":[{"name":"wp","href":"https:\/\/api.w.org\/{rel}","templated":true}]}}