{"id":68245,"date":"2026-03-19T11:29:19","date_gmt":"2026-03-19T14:29:19","guid":{"rendered":"https:\/\/mussicom.com\/gilmar-anula-quebra-de-sigilo-de-fundo-que-negociou-com-irmaos-de-toffoli\/"},"modified":"2026-03-19T11:29:19","modified_gmt":"2026-03-19T14:29:19","slug":"gilmar-anula-quebra-de-sigilo-de-fundo-que-negociou-com-irmaos-de-toffoli","status":"publish","type":"post","link":"https:\/\/mussicom.com\/noticias\/gilmar-anula-quebra-de-sigilo-de-fundo-que-negociou-com-irmaos-de-toffoli\/","title":{"rendered":"Gilmar anula quebra de sigilo de fundo que negociou com irm\u00e3os de Toffoli"},"content":{"rendered":"<p> <br \/>\n<\/p>\n<div id=\"tp-post-content\">\n<p class=\"postParagraph_post-paragraph__juWZN postParagraph_post-paragraph-innerHtml__Q5vwc\">O ministro Gilmar Mendes, do Supremo Tribunal Federal (STF), anulou nesta quinta (19) a quebra dos sigilos do fundo de investimentos que teria comprado parte das a\u00e7\u00f5es do resort de luxo dos irm\u00e3os do ministro Dias Toffoli, no Paran\u00e1.<\/p>\n<p class=\"postParagraph_post-paragraph__juWZN postParagraph_post-paragraph-innerHtml__Q5vwc\">A decis\u00e3o monocr\u00e1tica atinge em cheio o requerimento aprovado pela CPI do Crime Organizado que decretou acesso ao fundo Arleen, de propriedade do empres\u00e1rio e pastor Fabiano Zettel, cunhado do banqueiro preso Daniel Vorcaro, dono do liquidado Banco Master.<\/p>\n<p class=\"postParagraph_post-paragraph__juWZN postParagraph_post-paragraph-innerHtml__Q5vwc\">\u201cEntendo que est\u00e3o preenchidos todos os requisitos que autorizam a extens\u00e3o da ordem de habeas corpus. [&#8230;] O que se verifica \u00e9 a reitera\u00e7\u00e3o material de provid\u00eancia investigativa j\u00e1 reputada inconstitucional, agora dirigida a sujeito formalmente diverso, mas inserido no mesmo contexto f\u00e1tico-probat\u00f3rio anteriormente afastado. [&#8230;] Por via obl\u00edqua, acessar informa\u00e7\u00f5es que se inserem no mesmo espectro investigativo j\u00e1 considerado inadmiss\u00edvel\u201d, escreveu o ministro.<\/p>\n<div class=\"postViewMore_post-view-more-container___5wai\" data-mrf-recirculation=\"Post - Veja tamb\u00e9m\">\n<p class=\"gp-styles-module-size-small-afeYRa gp-styles-module-font-family2-afeYRa gp-styles-module-color-secondary-afeYRa gp-styles-module-weight-bold-afeYRa\">VEJA TAMB\u00c9M:<\/p>\n<ul class=\"postViewMore_post-view-more-list__CU_CE\">\n<li class=\"postViewMore_post-view-more-item__2MzRb\">\n<div class=\"postViewMore_post-view-more-image__5gUSe\"><picture class=\"imageDefault_image-container__XGd8_\"><\/picture><\/div>\n<p>Comiss\u00e3o refor\u00e7a cr\u00edticas ao STF por decis\u00f5es que livram depoimentos<\/li>\n<\/ul>\n<\/div>\n<p class=\"postParagraph_post-paragraph__juWZN postParagraph_post-paragraph-innerHtml__Q5vwc\">Tanto a CPI do Crime Organizado como a CPMI do INSS v\u00eam sendo atingidas por decis\u00f5es monocr\u00e1ticas de ministros do STF que tornam as convoca\u00e7\u00f5es como facultativas, e que levaram a uma s\u00e9rie de cr\u00edticas de seus presidentes. Na mais recente, o senador Carlos Viana (Podemos-MG) expressou uma forte preocupa\u00e7\u00e3o com o que seria uma invas\u00e3o de prerrogativas do Congresso em investiga\u00e7\u00f5es.<\/p>\n<p class=\"postParagraph_post-paragraph__juWZN postParagraph_post-paragraph-innerHtml__Q5vwc\">&#8220;Diante da gravidade de que se reveste o requerimento de quebra de sigilo, a Constitui\u00e7\u00e3o demanda, ainda segundo aquela decis\u00e3o, an\u00e1lise fundamentada de cada caso, com debate e delibera\u00e7\u00e3o motivada, de modo que a aprova\u00e7\u00e3o de atos de tal natureza n\u00e3o pode ocorrer em bloco nem de forma simb\u00f3lica&#8221;, seguiu o ministro na decis\u00e3o.<\/p>\n<p class=\"postParagraph_post-paragraph__juWZN postParagraph_post-paragraph-innerHtml__Q5vwc\">A quebra do sigilo foi aprovada na sess\u00e3o desta quarta (18) pela CPI a partir de um pedido apresentado pelo senador Sergio Moro (Uni\u00e3o-PR). No m\u00eas passado, Toffoli confirmou ser s\u00f3cio, ao lado dos irm\u00e3os, da empresa Maridt, que possu\u00eda participa\u00e7\u00e3o no empreendimento.<\/p>\n<p class=\"postParagraph_post-paragraph__juWZN postParagraph_post-paragraph-innerHtml__Q5vwc\">As cotas da empresa no resort Tayay\u00e1 teriam sido vendidas ao fundo em 2021 e posteriormente transferidas, em 2025, para a empresa PHD Holding, conforme dados apresentados \u00e0 CPI.<\/p>\n<p class=\"postParagraph_post-paragraph__juWZN postParagraph_post-paragraph-innerHtml__Q5vwc\">Em nota, o gabinete de Dias Toffoli afirmou que ele n\u00e3o conhecia o gestor do fundo e destacou que \u201cjamais teve qualquer rela\u00e7\u00e3o de amizade e muito menos amizade \u00edntima com o investigado Daniel Vorcaro\u201d. O comunicado ainda refor\u00e7ou que \u201co Ministro esclarece que jamais recebeu qualquer valor de Daniel Vorcaro ou de seu cunhado Fabiano Zettel\u201d.<\/p>\n<p class=\"postParagraph_post-paragraph__juWZN postParagraph_post-paragraph-innerHtml__Q5vwc\">Toffoli deixou a relatoria do caso envolvendo o Banco Master no mesmo dia em que reconheceu a sociedade na Maridt, em meio ao avan\u00e7o das investiga\u00e7\u00f5es. Dias antes, a Pol\u00edcia Federal havia informado ao presidente do STF, Edson Fachin, que encontrou men\u00e7\u00f5es ao ministro no celular de Vorcaro.<\/p>\n<p class=\"postParagraph_post-paragraph__juWZN postParagraph_post-paragraph-innerHtml__Q5vwc\">O magistrado negou qualquer liga\u00e7\u00e3o com o banqueiro e classificou as cita\u00e7\u00f5es como \u201cila\u00e7\u00f5es\u201d, afastando suspeitas de envolvimento direto. A condu\u00e7\u00e3o do inqu\u00e9rito passou ent\u00e3o ao ministro Andr\u00e9 Mendon\u00e7a, que assumiu o caso em nova fase de apura\u00e7\u00e3o.<\/p>\n<p class=\"postParagraph_post-paragraph__juWZN postParagraph_post-paragraph-innerHtml__Q5vwc\">Al\u00e9m de Vorcaro, Fabiano Zettel tamb\u00e9m foi preso na semana retrasada durante a terceira fase da opera\u00e7\u00e3o Compliance Zero, da Pol\u00edcia Federal, que investiga as fraudes financeiras cometidas pelo Banco Master, entre outros crimes.<\/p>\n<\/div>\n<p><br \/>\n<br \/>Fonte: <a href=\"https:\/\/www.gazetadopovo.com.br\/republica\/gilmar-anula-quebra-sigilo-fundo-negociou-irmaos-toffoli\/\">Revista Oeste<\/a><\/p>\n","protected":false},"excerpt":{"rendered":"<p>O ministro Gilmar Mendes, do Supremo Tribunal Federal (STF), anulou nesta quinta (19) a quebra dos sigilos do fundo de investimentos que teria comprado parte das a\u00e7\u00f5es do resort de luxo dos irm\u00e3os do ministro Dias Toffoli, no Paran\u00e1. A decis\u00e3o monocr\u00e1tica atinge em cheio o requerimento aprovado pela CPI do Crime Organizado que decretou [&hellip;]<\/p>\n","protected":false},"author":5,"featured_media":68246,"comment_status":"open","ping_status":"open","sticky":false,"template":"","format":"standard","meta":{"_seopress_robots_primary_cat":"","_seopress_titles_title":"","_seopress_titles_desc":"","_seopress_robots_index":"","footnotes":""},"categories":[1],"tags":[],"class_list":["post-68245","post","type-post","status-publish","format-standard","has-post-thumbnail","hentry","category-ultimas-noticias"],"_links":{"self":[{"href":"https:\/\/mussicom.com\/noticias\/wp-json\/wp\/v2\/posts\/68245","targetHints":{"allow":["GET"]}}],"collection":[{"href":"https:\/\/mussicom.com\/noticias\/wp-json\/wp\/v2\/posts"}],"about":[{"href":"https:\/\/mussicom.com\/noticias\/wp-json\/wp\/v2\/types\/post"}],"author":[{"embeddable":true,"href":"https:\/\/mussicom.com\/noticias\/wp-json\/wp\/v2\/users\/5"}],"replies":[{"embeddable":true,"href":"https:\/\/mussicom.com\/noticias\/wp-json\/wp\/v2\/comments?post=68245"}],"version-history":[{"count":0,"href":"https:\/\/mussicom.com\/noticias\/wp-json\/wp\/v2\/posts\/68245\/revisions"}],"wp:featuredmedia":[{"embeddable":true,"href":"https:\/\/mussicom.com\/noticias\/wp-json\/wp\/v2\/media\/68246"}],"wp:attachment":[{"href":"https:\/\/mussicom.com\/noticias\/wp-json\/wp\/v2\/media?parent=68245"}],"wp:term":[{"taxonomy":"category","embeddable":true,"href":"https:\/\/mussicom.com\/noticias\/wp-json\/wp\/v2\/categories?post=68245"},{"taxonomy":"post_tag","embeddable":true,"href":"https:\/\/mussicom.com\/noticias\/wp-json\/wp\/v2\/tags?post=68245"}],"curies":[{"name":"wp","href":"https:\/\/api.w.org\/{rel}","templated":true}]}}