{"id":68226,"date":"2026-03-19T10:22:31","date_gmt":"2026-03-19T13:22:31","guid":{"rendered":"https:\/\/mussicom.com\/fachin-defende-que-juizes-tenham-integridade-na-vida-publica-e-privada\/"},"modified":"2026-03-19T10:22:31","modified_gmt":"2026-03-19T13:22:31","slug":"fachin-defende-que-juizes-tenham-integridade-na-vida-publica-e-privada","status":"publish","type":"post","link":"https:\/\/mussicom.com\/noticias\/fachin-defende-que-juizes-tenham-integridade-na-vida-publica-e-privada\/","title":{"rendered":"Fachin defende que ju\u00edzes tenham integridade na vida p\u00fablica e privada"},"content":{"rendered":"<p> <br \/>\n<\/p>\n<div id=\"texto\">\n<p>O presidente do Supremo Tribunal Federal (STF), ministro Edson Fachin, disse nesta segunda-feira (16) que\u00a0<strong>ju\u00edzes devem manter integridade na vida p\u00fablica e privada<\/strong>.<img decoding=\"async\" src=\"https:\/\/agenciabrasil.ebc.com.br\/ebc.gif?id=1682105&amp;o=node\"\/><\/p>\n<p>Fachin participou, nesta\u00a0manh\u00e3, de uma aula magna no curso de direito do Centro Universit\u00e1rio de Bras\u00edlia (Ceub), institui\u00e7\u00e3o particular da capital federal.<\/p>\n<p>Ao comentar sobre os desafios contempor\u00e2neos da Corte, o ministro disse que os magistrados devem seguir princ\u00edpios que j\u00e1 fazem parte das normas disciplinares dos ju\u00edzes.\u00a0Fachin tamb\u00e9m afirmou que \u201cningu\u00e9m tem uma Constitui\u00e7\u00e3o para chamar de sua\u201d.<\/p>\n<blockquote><p>&#13;<\/p>\n<p>\u201cH\u00e1, nada obstante, diretrizes que podem ser recolhidas da experi\u00eancia e de cartas de princ\u00edpios nacionais e internacionais. Integridade na vida p\u00fablica e privada, uma vez que [o magistrado] deve adotar comportamento irrepreens\u00edvel na vida p\u00fablica e privada&#8221;, disse o ministro.\u00a0\u00a0<\/p>\n<p>&#13;\n<\/p><\/blockquote>\n<p>O presidente tamb\u00e9m afirmou que os ju\u00edzes devem ser prudentes ao se manifestarem sobre processos que s\u00e3o submetidos a julgamento e devem recusar o recebimento de vantagens.<\/p>\n<p>\u201cPor isso que \u00e9 vedado receber benef\u00edcios, presentes ou vantagens de pessoas interessadas em processos&#8221;, comentou.\u00a0<\/p>\n<p>&gt;&gt;\u00a0Dino acaba com a aposentadoria compuls\u00f3ria como puni\u00e7\u00e3o a ju\u00edzes<\/p>\n<p>Separa\u00e7\u00e3o dos poderes<\/p>\n<p>Fachin tamb\u00e9m voltou a defender a separa\u00e7\u00e3o entre os Tr\u00eas Poderes. O ministro disse que a Corte acumulou \u201crazo\u00e1vel expans\u00e3o de sua atua\u00e7\u00e3o\u201d por determina\u00e7\u00e3o da Constitui\u00e7\u00e3o e ao ser impulsionada pelos debates de outros atores.<\/p>\n<p>\u201cA autoconten\u00e7\u00e3o n\u00e3o \u00e9 fraqueza. \u00c9 respeito \u00e0 separa\u00e7\u00e3o de poderes que, em \u00faltima an\u00e1lise, \u00e9 ela pr\u00f3pria uma exig\u00eancia constitucional\u201d, completou.<\/p>\n<p>&gt;&gt; Siga o canal da\u00a0<strong>Ag\u00eancia Brasil\u00a0<\/strong>no WhatsApp<\/p>\n<p>C\u00f3digo de\u00a0\u00c9tica<\/p>\n<p>Fachin defende ado\u00e7\u00e3o de um C\u00f3digo de \u00c9tica para os ministros do Supremo.\u00a0No m\u00eas passado, a ministra C\u00e1rmen L\u00facia foi designada para relatar a proposta de cria\u00e7\u00e3o da norma.<\/p>\n<p>O an\u00fancio sobre a cria\u00e7\u00e3o de\u00a0um c\u00f3digo de\u00a0\u00e9tica ocorreu em meio \u00e0 investiga\u00e7\u00e3o sobre o\u00a0Banco Master\u00a0e \u00e0s cita\u00e7\u00f5es aos nomes dos ministros Alexandre de Moraes e Dias Toffoli.\u00a0<\/p>\n<p>\u00a0<\/p>\n<p>\u00a0<\/p>\n<p>\u00a0<\/p>\n<p>Ag\u00eancia Brasil<\/p>\n<\/p><\/div>\n<p><script async defer crossorigin=\"anonymous\" src=\"https:\/\/connect.facebook.net\/pt_BR\/sdk.js#xfbml=1&#038;version=v12.0&#038;appId=&#038;autoLogAppEvents=1\" nonce=\"ou0fI1lo\"><\/script><br \/>\n<br \/><br \/>\n<br \/>Fonte: <a href=\"https:\/\/www.bs9.com.br\/brasil\/fachin-defende-que-juizes-tenham-integridade-na-vida-publica-e-privada\/38289\/\">BS9<\/a><\/p>\n","protected":false},"excerpt":{"rendered":"<p>O presidente do Supremo Tribunal Federal (STF), ministro Edson Fachin, disse nesta segunda-feira (16) que\u00a0ju\u00edzes devem manter integridade na vida p\u00fablica e privada. Fachin participou, nesta\u00a0manh\u00e3, de uma aula magna no curso de direito do Centro Universit\u00e1rio de Bras\u00edlia (Ceub), institui\u00e7\u00e3o particular da capital federal. Ao comentar sobre os desafios contempor\u00e2neos da Corte, o ministro [&hellip;]<\/p>\n","protected":false},"author":5,"featured_media":68227,"comment_status":"open","ping_status":"open","sticky":false,"template":"","format":"standard","meta":{"_seopress_robots_primary_cat":"","_seopress_titles_title":"","_seopress_titles_desc":"","_seopress_robots_index":"","footnotes":""},"categories":[52],"tags":[],"class_list":["post-68226","post","type-post","status-publish","format-standard","has-post-thumbnail","hentry","category-santoseregiao"],"_links":{"self":[{"href":"https:\/\/mussicom.com\/noticias\/wp-json\/wp\/v2\/posts\/68226","targetHints":{"allow":["GET"]}}],"collection":[{"href":"https:\/\/mussicom.com\/noticias\/wp-json\/wp\/v2\/posts"}],"about":[{"href":"https:\/\/mussicom.com\/noticias\/wp-json\/wp\/v2\/types\/post"}],"author":[{"embeddable":true,"href":"https:\/\/mussicom.com\/noticias\/wp-json\/wp\/v2\/users\/5"}],"replies":[{"embeddable":true,"href":"https:\/\/mussicom.com\/noticias\/wp-json\/wp\/v2\/comments?post=68226"}],"version-history":[{"count":0,"href":"https:\/\/mussicom.com\/noticias\/wp-json\/wp\/v2\/posts\/68226\/revisions"}],"wp:featuredmedia":[{"embeddable":true,"href":"https:\/\/mussicom.com\/noticias\/wp-json\/wp\/v2\/media\/68227"}],"wp:attachment":[{"href":"https:\/\/mussicom.com\/noticias\/wp-json\/wp\/v2\/media?parent=68226"}],"wp:term":[{"taxonomy":"category","embeddable":true,"href":"https:\/\/mussicom.com\/noticias\/wp-json\/wp\/v2\/categories?post=68226"},{"taxonomy":"post_tag","embeddable":true,"href":"https:\/\/mussicom.com\/noticias\/wp-json\/wp\/v2\/tags?post=68226"}],"curies":[{"name":"wp","href":"https:\/\/api.w.org\/{rel}","templated":true}]}}