{"id":68111,"date":"2026-03-18T23:13:55","date_gmt":"2026-03-19T02:13:55","guid":{"rendered":"https:\/\/mussicom.com\/garantia-safra-inicia-pagamentos-para-agricultores-afetados-perdas-climaticas\/"},"modified":"2026-03-18T23:13:55","modified_gmt":"2026-03-19T02:13:55","slug":"garantia-safra-inicia-pagamentos-para-agricultores-afetados-perdas-climaticas","status":"publish","type":"post","link":"https:\/\/mussicom.com\/noticias\/garantia-safra-inicia-pagamentos-para-agricultores-afetados-perdas-climaticas\/","title":{"rendered":"Garantia-Safra inicia pagamentos para agricultores afetados perdas clim\u00e1ticas"},"content":{"rendered":"<p> <br \/>\n<\/p>\n<div>\n<div class=\"row\">\n<div class=\"col-lg col-infos mt-0 mt-lg-0\">\n<div class=\"section-sub-title\">\n<p itemprop=\"description\">&#13;<br \/>\n                                Benef\u00edcio atende 934 munic\u00edpios&#13;\n                            <\/p>\n<\/p><\/div>\n<div class=\"container\">\n<div class=\"row\">\n<div class=\"col-lg p-0\">\n<div>\n<div class=\"block-news-main-infos mt-3 text-start\">\n<p>                                            <strong class=\"fn\" itemprop=\"author\" style=\"color: rgb(112, 112, 112); \">&#13;<br \/>\n                                                Agrolink&#13;<br \/>\n&#13;<br \/>\n                                                    &#8211; Seane Lennon&#13;<br \/>\n&#13;<br \/>\n                                            <\/strong><br \/>\n                                        <\/p>\n<p>                                            <abbr><time datetime=\"2026 - 03 - 18T17:54\" itemprop=\"datePublished dateModified\"> Publicado em 18\/03\/2026 \u00e0s 17:54h.<\/time><\/abbr>\n                                    <\/div>\n<\/p><\/div>\n<\/p><\/div>\n<div class=\"col-lg p-0 text-lg-end\">\n<div>\n<div id=\"mdEnviarPagina\" class=\"modal fade\" role=\"dialog\">\n<div class=\"modal-dialog\">\n<div class=\"modal-content\">\n<div class=\"modal-body\">\n<p><strong>Estimado usu\u00e1rio.<\/strong><br \/>Preencha o formul\u00e1rio abaixo para remeter a p\u00e1gina.<\/p>\n<\/p><\/div>\n<\/p><\/div>\n<\/p><\/div>\n<\/div><\/div>\n<\/p><\/div>\n<\/p><\/div>\n<\/p><\/div>\n<\/p><\/div>\n<\/p><\/div>\n<div class=\"row justify-content-md-center mt-3\">\n<div class=\"col-lg-auto col-image block-news-main-image\">\n<p>                                <br \/>\n                                                <span class=\"publicity-photo d-block mt-1\">Foto: Pixabay<\/span><\/p><\/div>\n<\/p><\/div>\n<div class=\"section-description section-description-noticias mt-3\">\n<p style=\"text-align:justify\">O Minist\u00e9rio do Desenvolvimento Agr\u00e1rio e Agricultura Familiar inicia nesta quarta-feira (18) o pagamento do Garantia-Safra referente \u00e0 safra 2024\/2025. A libera\u00e7\u00e3o marca uma nova etapa da pol\u00edtica p\u00fablica voltada \u00e0 prote\u00e7\u00e3o da agricultura familiar diante de perdas causadas por eventos clim\u00e1ticos.&#13;\n<\/p>\n<p style=\"text-align:justify\">Nesta fase inicial, mais de 685 mil agricultores familiares, distribu\u00eddos em 934 munic\u00edpios de 11 estados, ser\u00e3o contemplados. O volume de recursos ultrapassa R$ 823 milh\u00f5es, com pagamento em parcela \u00fanica conforme o calend\u00e1rio operacional da Caixa Econ\u00f4mica Federal. A medida foi formalizada pela Portaria n\u00ba 357, de 17 de mar\u00e7o de 2026, publicada pela Secretaria de Agricultura Familiar e Agroecologia.<\/p>\n<p style=\"text-align:justify\">De acordo com o minist\u00e9rio, o benef\u00edcio \u00e9 direcionado a fam\u00edlias que registraram perdas na produ\u00e7\u00e3o. \u201cO benef\u00edcio chega diretamente \u00e0s fam\u00edlias que enfrentaram perdas significativas na produ\u00e7\u00e3o, garantindo condi\u00e7\u00f5es m\u00ednimas para reorganizar o trabalho no campo e seguir produzindo\u201d, informa o texto.&#13;\n<\/p>\n<p style=\"text-align:justify\">O Garantia-Safra atende agricultores com renda mensal de at\u00e9 1,5 sal\u00e1rio m\u00ednimo e \u00e1rea de cultivo entre 0,6 e 5 hectares, abrangendo culturas como feij\u00e3o, milho, arroz, algod\u00e3o e mandioca. A libera\u00e7\u00e3o dos recursos est\u00e1 condicionada \u00e0 comprova\u00e7\u00e3o de perdas iguais ou superiores a 40% da produ\u00e7\u00e3o municipal, conforme crit\u00e9rios estabelecidos na Lei n\u00ba 10.420\/2002 e atualizados pela Lei n\u00ba 15.236\/2025, sancionada pelo presidente Luiz In\u00e1cio Lula da Silva.<\/p>\n<p style=\"text-align:justify\">Segundo a normativa, a verifica\u00e7\u00e3o das perdas considera indicadores oficiais como o \u00cdndice Integrado de Seca e o \u00cdndice Agregado de Recursos H\u00eddricos, elaborados pelo Centro Nacional de Monitoramento e Alertas de Desastres Naturais.<\/p>\n<p style=\"text-align:justify\">O minist\u00e9rio tamb\u00e9m informou que agricultores que tiveram o pagamento bloqueado poder\u00e3o apresentar defesa por meio de requerimento espec\u00edfico. O prazo para envio \u00e9 de at\u00e9 60 dias a partir de 18 de mar\u00e7o de 2026, conforme previsto na Portaria MDA n\u00ba 03\/2023. Os motivos do bloqueio podem ser consultados no sistema de gerenciamento do programa, e a lista de munic\u00edpios contemplados est\u00e1 dispon\u00edvel no Di\u00e1rio Oficial da Uni\u00e3o.&#13;\n<\/p>\n<\/p><\/div>\n<\/p><\/div>\n<p><script data-cfasync=\"false\">\n    !function (f, b, e, v, n, t, s) {\n        if (f.fbq) return; n = f.fbq = function () {\n            n.callMethod ?\n                n.callMethod.apply(n, arguments) : n.queue.push(arguments)\n        };\n        if (!f._fbq) f._fbq = n; n.push = n; n.loaded = !0; n.version = '2.0';\n        n.queue = []; t = b.createElement(e); t.async = !0;\n        t.src = v; s = b.getElementsByTagName(e)[0];\n        s.parentNode.insertBefore(t, s)\n    }(window, document, 'script',\n        'https:\/\/connect.facebook.net\/en_US\/fbevents.js');\n    fbq('init', '522546078623747');\n    fbq('track', 'PageView');\n<\/script><br \/>\n<br \/><br \/>\n<br \/>Fonte: <a href=\"https:\/\/www.agrolink.com.br\/noticias\/garantia-safra-inicia-pagamentos-e-atende-agricultores-afetados-por-perdas-climaticas_512207.html\">AGROLINK<\/a><\/p>\n","protected":false},"excerpt":{"rendered":"<p>&#13; Benef\u00edcio atende 934 munic\u00edpios&#13; &#13; Agrolink&#13; &#13; &#8211; Seane Lennon&#13; &#13; Publicado em 18\/03\/2026 \u00e0s 17:54h. Estimado usu\u00e1rio.Preencha o formul\u00e1rio abaixo para remeter a p\u00e1gina. Foto: Pixabay O Minist\u00e9rio do Desenvolvimento Agr\u00e1rio e Agricultura Familiar inicia nesta quarta-feira (18) o pagamento do Garantia-Safra referente \u00e0 safra 2024\/2025. A libera\u00e7\u00e3o marca uma nova etapa da [&hellip;]<\/p>\n","protected":false},"author":5,"featured_media":35335,"comment_status":"open","ping_status":"open","sticky":false,"template":"","format":"standard","meta":{"_seopress_robots_primary_cat":"","_seopress_titles_title":"","_seopress_titles_desc":"","_seopress_robots_index":"","footnotes":""},"categories":[53],"tags":[],"class_list":["post-68111","post","type-post","status-publish","format-standard","has-post-thumbnail","hentry","category-agronegocio"],"_links":{"self":[{"href":"https:\/\/mussicom.com\/noticias\/wp-json\/wp\/v2\/posts\/68111","targetHints":{"allow":["GET"]}}],"collection":[{"href":"https:\/\/mussicom.com\/noticias\/wp-json\/wp\/v2\/posts"}],"about":[{"href":"https:\/\/mussicom.com\/noticias\/wp-json\/wp\/v2\/types\/post"}],"author":[{"embeddable":true,"href":"https:\/\/mussicom.com\/noticias\/wp-json\/wp\/v2\/users\/5"}],"replies":[{"embeddable":true,"href":"https:\/\/mussicom.com\/noticias\/wp-json\/wp\/v2\/comments?post=68111"}],"version-history":[{"count":0,"href":"https:\/\/mussicom.com\/noticias\/wp-json\/wp\/v2\/posts\/68111\/revisions"}],"wp:featuredmedia":[{"embeddable":true,"href":"https:\/\/mussicom.com\/noticias\/wp-json\/wp\/v2\/media\/35335"}],"wp:attachment":[{"href":"https:\/\/mussicom.com\/noticias\/wp-json\/wp\/v2\/media?parent=68111"}],"wp:term":[{"taxonomy":"category","embeddable":true,"href":"https:\/\/mussicom.com\/noticias\/wp-json\/wp\/v2\/categories?post=68111"},{"taxonomy":"post_tag","embeddable":true,"href":"https:\/\/mussicom.com\/noticias\/wp-json\/wp\/v2\/tags?post=68111"}],"curies":[{"name":"wp","href":"https:\/\/api.w.org\/{rel}","templated":true}]}}