{"id":68087,"date":"2026-03-18T22:07:34","date_gmt":"2026-03-19T01:07:34","guid":{"rendered":"https:\/\/mussicom.com\/banco-do-brasil-nega-ao-tcu-que-estuda-federalizar-brb\/"},"modified":"2026-03-18T22:07:34","modified_gmt":"2026-03-19T01:07:34","slug":"banco-do-brasil-nega-ao-tcu-que-estuda-federalizar-brb","status":"publish","type":"post","link":"https:\/\/mussicom.com\/noticias\/banco-do-brasil-nega-ao-tcu-que-estuda-federalizar-brb\/","title":{"rendered":"Banco do Brasil nega ao TCU que estuda federalizar BRB"},"content":{"rendered":"<p> <br \/>\n<\/p>\n<div id=\"tp-post-content\">\n<p class=\"postParagraph_post-paragraph__juWZN postParagraph_post-paragraph-innerHtml__Q5vwc\">O Banco do Brasil (BB) afirmou ao Tribunal de Contas da Uni\u00e3o (TCU) que  n\u00e3o conduz nenhum tipo de tratativa no sentido de federalizar o Banco de Bras\u00edlia (BRB). A resposta ao pedido de informa\u00e7\u00f5es do ministro Bruno Dantas foi protocolada nesta quinta-feira (12). A Caixa Econ\u00f4mica Federal, o Banco Nacional de Desenvolvimento Econ\u00f4mico e Social (BNDES) e o Minist\u00e9rio da Fazenda tamb\u00e9m foram questionados, mas ainda n\u00e3o responderam.<\/p>\n<p class=\"postParagraph_post-paragraph__juWZN postParagraph_post-paragraph-innerHtml__Q5vwc\">&#8220;O Banco do Brasil S.A [\u2026] n\u00e3o possui \u2013 conclu\u00eddos ou em andamento \u2013 quaisquer estudos, notas t\u00e9cnicas, grupos de trabalho, delibera\u00e7\u00f5es internas ou outro ato preparat\u00f3rio [&#8230;] relacionados \u00e0 eventual \u2018federaliza\u00e7\u00e3o\u2019 do Banco de Bras\u00edlia S.A. (BRB)&#8221;, disse a empresa.<\/p>\n<p class=\"postParagraph_post-paragraph__juWZN postParagraph_post-paragraph-innerHtml__Q5vwc\">O pedido de fiscaliza\u00e7\u00e3o, feito pelo Minist\u00e9rio P\u00fablico Junto ao Tribunal de Contas (MPTCU), baseia-se em not\u00edcias e declara\u00e7\u00f5es p\u00fablicas do secret\u00e1rio do Tesouro Nacional, Rog\u00e9rio Ceron, e do presidente do Conselho de Administra\u00e7\u00e3o da Caixa, Marcus Auc\u00e9lio.<\/p>\n<div class=\"postViewMore_post-view-more-container___5wai\" data-mrf-recirculation=\"Post - Veja tamb\u00e9m\">\n<p class=\"gp-styles-module-size-small-afeYRa gp-styles-module-font-family2-afeYRa gp-styles-module-color-secondary-afeYRa gp-styles-module-weight-bold-afeYRa\">VEJA TAMB\u00c9M:<\/p>\n<ul class=\"postViewMore_post-view-more-list__CU_CE\">\n<li class=\"postViewMore_post-view-more-item__2MzRb\"><span class=\"postViewMore_post-view-more-link-icon___stPC\"><svg xmlns=\"http:\/\/www.w3.org\/2000\/svg\" width=\"16\" height=\"16\" viewbox=\"0 0 16 16\"><rect width=\"16\" height=\"16\" fill=\"none\"\/><g transform=\"translate(3 3)\"><path d=\"M22.5,15l3.4,3.4-3.4,3.4\" transform=\"translate(-15.896 -11.793)\" fill=\"none\" stroke=\"#717171\" stroke-linecap=\"round\" stroke-width=\"1.4\"\/><path d=\"M6,6v4.2a2.452,2.452,0,0,0,2.5,2.4H16\" transform=\"translate(-6 -6)\" fill=\"none\" stroke=\"#717171\" stroke-linecap=\"round\" stroke-width=\"1.4\"\/><\/g><\/svg><\/span><span class=\"postViewMore_post-view-more-link-text__hO_kM\">Ibaneis sanciona uso de im\u00f3veis e empr\u00e9stimo para socorrer BRB<\/span><\/li>\n<li class=\"postViewMore_post-view-more-item__2MzRb\"><span class=\"postViewMore_post-view-more-link-icon___stPC\"><svg xmlns=\"http:\/\/www.w3.org\/2000\/svg\" width=\"16\" height=\"16\" viewbox=\"0 0 16 16\"><rect width=\"16\" height=\"16\" fill=\"none\"\/><g transform=\"translate(3 3)\"><path d=\"M22.5,15l3.4,3.4-3.4,3.4\" transform=\"translate(-15.896 -11.793)\" fill=\"none\" stroke=\"#717171\" stroke-linecap=\"round\" stroke-width=\"1.4\"\/><path d=\"M6,6v4.2a2.452,2.452,0,0,0,2.5,2.4H16\" transform=\"translate(-6 -6)\" fill=\"none\" stroke=\"#717171\" stroke-linecap=\"round\" stroke-width=\"1.4\"\/><\/g><\/svg><\/span><span class=\"postViewMore_post-view-more-link-text__hO_kM\">Em apuros no caso Master, BRB pode virar banco federal e transferir rombo ao contribuinte<\/span><\/li>\n<\/ul>\n<\/div>\n<p class=\"postParagraph_post-paragraph__juWZN postParagraph_post-paragraph-innerHtml__Q5vwc\">&#8220;Embora declara\u00e7\u00f5es e not\u00edcias jornal\u00edsticas n\u00e3o constituam, por si s\u00f3s,<br \/>ind\u00edcios suficientes de irregularidade, entendo que, no caso concreto, a materialidade potencial elevada \u2013 considerada a ordem de grandeza dos valores veiculados nas reportagens, com men\u00e7\u00f5es \u00e0 necessidade de capital de aproximadamente R$ 6 bilh\u00f5es e exposi\u00e7\u00e3o a ativos sem lastro superior a R$ 12 bilh\u00f5es \u2013 e o risco de efeitos relevantes sobre o patrim\u00f4nio p\u00fablico federal justificam, sob o prisma do poder-dever de cautela, a realiza\u00e7\u00e3o de dilig\u00eancias para elucida\u00e7\u00e3o de fatos e saneamento processual, a fim de subsidiar o exame de admissibilidade e evitar arquivamento prematuro da quest\u00e3o&#8221;, explica o ministro do TCU.<\/p>\n<p class=\"postParagraph_post-paragraph__juWZN postParagraph_post-paragraph-innerHtml__Q5vwc\">A preocupa\u00e7\u00e3o do MPTCU envolve as dificuldades de caixa que a estatal brasiliense enfrenta em raz\u00e3o do envolvimento com o Banco Master. O governo do Distrito Federal conseguiu aval da C\u00e2mara Legislativa do Distrito Federal (CLDF) para incluir im\u00f3veis em fundos de investimentos, injetar recursos e contratar um empr\u00e9stimo de at\u00e9 R$ 6,6 bilh\u00f5es junto ao Fundo Garantidor de Cr\u00e9ditos (FGC), tudo para socorrer a institui\u00e7\u00e3o financeira.<\/p>\n<p class=\"postParagraph_post-paragraph__juWZN postParagraph_post-paragraph-innerHtml__Q5vwc\">Dantas reconheceu que o BRB n\u00e3o est\u00e1 sob jurisdi\u00e7\u00e3o do TCU, argumento levantado pela auditoria do \u00f3rg\u00e3o para defender a rejei\u00e7\u00e3o do procedimento, mas apontou que uma eventual federaliza\u00e7\u00e3o poderia impactar nas finan\u00e7as p\u00fablicas federais.<\/p>\n<\/div>\n<p><br \/>\n<br \/>Fonte: <a href=\"https:\/\/www.gazetadopovo.com.br\/economia\/banco-do-brasil-nega-ao-tcu-que-estuda-federalizar-brb\/\">Gazeta do Povo<\/a><\/p>\n","protected":false},"excerpt":{"rendered":"<p>O Banco do Brasil (BB) afirmou ao Tribunal de Contas da Uni\u00e3o (TCU) que n\u00e3o conduz nenhum tipo de tratativa no sentido de federalizar o Banco de Bras\u00edlia (BRB). A resposta ao pedido de informa\u00e7\u00f5es do ministro Bruno Dantas foi protocolada nesta quinta-feira (12). A Caixa Econ\u00f4mica Federal, o Banco Nacional de Desenvolvimento Econ\u00f4mico e [&hellip;]<\/p>\n","protected":false},"author":5,"featured_media":68088,"comment_status":"open","ping_status":"open","sticky":false,"template":"","format":"standard","meta":{"_seopress_robots_primary_cat":"","_seopress_titles_title":"","_seopress_titles_desc":"","_seopress_robots_index":"","footnotes":""},"categories":[45],"tags":[],"class_list":["post-68087","post","type-post","status-publish","format-standard","has-post-thumbnail","hentry","category-economia"],"_links":{"self":[{"href":"https:\/\/mussicom.com\/noticias\/wp-json\/wp\/v2\/posts\/68087","targetHints":{"allow":["GET"]}}],"collection":[{"href":"https:\/\/mussicom.com\/noticias\/wp-json\/wp\/v2\/posts"}],"about":[{"href":"https:\/\/mussicom.com\/noticias\/wp-json\/wp\/v2\/types\/post"}],"author":[{"embeddable":true,"href":"https:\/\/mussicom.com\/noticias\/wp-json\/wp\/v2\/users\/5"}],"replies":[{"embeddable":true,"href":"https:\/\/mussicom.com\/noticias\/wp-json\/wp\/v2\/comments?post=68087"}],"version-history":[{"count":0,"href":"https:\/\/mussicom.com\/noticias\/wp-json\/wp\/v2\/posts\/68087\/revisions"}],"wp:featuredmedia":[{"embeddable":true,"href":"https:\/\/mussicom.com\/noticias\/wp-json\/wp\/v2\/media\/68088"}],"wp:attachment":[{"href":"https:\/\/mussicom.com\/noticias\/wp-json\/wp\/v2\/media?parent=68087"}],"wp:term":[{"taxonomy":"category","embeddable":true,"href":"https:\/\/mussicom.com\/noticias\/wp-json\/wp\/v2\/categories?post=68087"},{"taxonomy":"post_tag","embeddable":true,"href":"https:\/\/mussicom.com\/noticias\/wp-json\/wp\/v2\/tags?post=68087"}],"curies":[{"name":"wp","href":"https:\/\/api.w.org\/{rel}","templated":true}]}}