{"id":68080,"date":"2026-03-18T21:08:28","date_gmt":"2026-03-19T00:08:28","guid":{"rendered":"https:\/\/mussicom.com\/guaruja-fecha-rua-para-promover-lazer-neste-domingo\/"},"modified":"2026-03-18T21:08:28","modified_gmt":"2026-03-19T00:08:28","slug":"guaruja-fecha-rua-para-promover-lazer-neste-domingo","status":"publish","type":"post","link":"https:\/\/mussicom.com\/noticias\/guaruja-fecha-rua-para-promover-lazer-neste-domingo\/","title":{"rendered":"Guaruj\u00e1 fecha rua para promover lazer neste domingo"},"content":{"rendered":"<p> <br \/>\n<\/p>\n<div>\n<p>Guaruj\u00e1 realiza neste domingo (15), das 8 \u00e0s 11 horas, a primeira edi\u00e7\u00e3o do Programa Rua Viva. A a\u00e7\u00e3o acontece na Av. Puglisi, nas Pitangueiras, no trecho entre a Av. Mal Deodoro da Fonseca e Rua Mario Ribeiro. A iniciativa \u00e9 uma ideia da gest\u00e3o municipal inspirada no \u201cPrograma Ruas Abertas\u201d, criada pelo decreto n\u00ba 57.086 na cidade de S\u00e3o Paulo em 2016.<\/p>\n<p>O programa transformar\u00e1 a Av. Puglisi num espa\u00e7o de lazer, esporte e cultura. O objetivo \u00e9 que a popula\u00e7\u00e3o ocupe a avenida, promovendo uma amplia\u00e7\u00e3o dos espa\u00e7os p\u00fablicos em Guaruj\u00e1. Para isso, haver\u00e1 v\u00e1rias atividades recreativas gratuitas.<\/p>\n<p>Uma das atra\u00e7\u00f5es ser\u00e1 o alongamento para adultos e idosos, com a presen\u00e7a de um professor de educa\u00e7\u00e3o f\u00edsica e tamb\u00e9m atividades f\u00edsicas para crian\u00e7as.<\/p>\n<p>O evento tamb\u00e9m contar\u00e1 com atividade de pintura, brincadeiras com bambol\u00ea e leitura de livros infantis, al\u00e9m de um stand com orienta\u00e7\u00f5es sobre tr\u00e2nsito. O Ciclo Samu estar\u00e1 presente, com a utiliza\u00e7\u00e3o de bicicletas para atendimentos de urg\u00eancia.<\/p>\n<p><strong>TR\u00c2NSITO<\/strong><\/p>\n<p>No dia do evento ser\u00e1 realizado o fechamento das duas faixas da Avenida Puglisi, no trecho entre a Avenida Mal. Deodoro da Fonseca e Rua Mario Ribeiro, entre as 6 e 13 horas. A Avenida Mal. Deodoro da Fonseca e Rua Mario Ribeiro, por\u00e9m, estar\u00e3o livres para o tr\u00e2nsito de ve\u00edculos. Outro ponto importante \u00e9 o isolamento das vagas dispon\u00edveis no local, para estacionamento, a partir das 23h30 do s\u00e1bado (14).<\/p>\n<\/div>\n<p><br \/>\n<br \/>Fonte: <a href=\"https:\/\/jornaldaorla.com.br\/noticias\/guaruja-fecha-rua-para-promover-lazer-neste-domingo\/\">Jornal Da Orla<\/a><\/p>\n","protected":false},"excerpt":{"rendered":"<p>Guaruj\u00e1 realiza neste domingo (15), das 8 \u00e0s 11 horas, a primeira edi\u00e7\u00e3o do Programa Rua Viva. A a\u00e7\u00e3o acontece na Av. Puglisi, nas Pitangueiras, no trecho entre a Av. Mal Deodoro da Fonseca e Rua Mario Ribeiro. A iniciativa \u00e9 uma ideia da gest\u00e3o municipal inspirada no \u201cPrograma Ruas Abertas\u201d, criada pelo decreto n\u00ba [&hellip;]<\/p>\n","protected":false},"author":5,"featured_media":68081,"comment_status":"open","ping_status":"open","sticky":false,"template":"","format":"standard","meta":{"_seopress_robots_primary_cat":"","_seopress_titles_title":"","_seopress_titles_desc":"","_seopress_robots_index":"","footnotes":""},"categories":[52],"tags":[],"class_list":["post-68080","post","type-post","status-publish","format-standard","has-post-thumbnail","hentry","category-santoseregiao"],"_links":{"self":[{"href":"https:\/\/mussicom.com\/noticias\/wp-json\/wp\/v2\/posts\/68080","targetHints":{"allow":["GET"]}}],"collection":[{"href":"https:\/\/mussicom.com\/noticias\/wp-json\/wp\/v2\/posts"}],"about":[{"href":"https:\/\/mussicom.com\/noticias\/wp-json\/wp\/v2\/types\/post"}],"author":[{"embeddable":true,"href":"https:\/\/mussicom.com\/noticias\/wp-json\/wp\/v2\/users\/5"}],"replies":[{"embeddable":true,"href":"https:\/\/mussicom.com\/noticias\/wp-json\/wp\/v2\/comments?post=68080"}],"version-history":[{"count":0,"href":"https:\/\/mussicom.com\/noticias\/wp-json\/wp\/v2\/posts\/68080\/revisions"}],"wp:featuredmedia":[{"embeddable":true,"href":"https:\/\/mussicom.com\/noticias\/wp-json\/wp\/v2\/media\/68081"}],"wp:attachment":[{"href":"https:\/\/mussicom.com\/noticias\/wp-json\/wp\/v2\/media?parent=68080"}],"wp:term":[{"taxonomy":"category","embeddable":true,"href":"https:\/\/mussicom.com\/noticias\/wp-json\/wp\/v2\/categories?post=68080"},{"taxonomy":"post_tag","embeddable":true,"href":"https:\/\/mussicom.com\/noticias\/wp-json\/wp\/v2\/tags?post=68080"}],"curies":[{"name":"wp","href":"https:\/\/api.w.org\/{rel}","templated":true}]}}