{"id":68034,"date":"2026-03-18T17:04:51","date_gmt":"2026-03-18T20:04:51","guid":{"rendered":"https:\/\/mussicom.com\/obras-do-instituto-federal-avancam-em-sao-vicente\/"},"modified":"2026-03-18T17:04:51","modified_gmt":"2026-03-18T20:04:51","slug":"obras-do-instituto-federal-avancam-em-sao-vicente","status":"publish","type":"post","link":"https:\/\/mussicom.com\/noticias\/obras-do-instituto-federal-avancam-em-sao-vicente\/","title":{"rendered":"Obras do Instituto Federal avan\u00e7am em S\u00e3o Vicente"},"content":{"rendered":"<p> <br \/>\n<\/p>\n<div id=\"texto\">\n<p>As obras para a implanta\u00e7\u00e3o do Instituto Federal em S\u00e3o Vicente seguem em andamento no pr\u00e9dio do antigo Centro de Conven\u00e7\u00f5es, localizado na Avenida Capit\u00e3o Luiz Pimenta, no Parque Bitaru. O espa\u00e7o est\u00e1 sendo preparado para receber a nova unidade de ensino, que deve ampliar as oportunidades de qualifica\u00e7\u00e3o profissional e forma\u00e7\u00e3o acad\u00eamica na Primeira Cidade do Brasil.<br \/>&#13;<br \/>\n\u00a0<\/p>\n<p>Com investimento de R$ 18 milh\u00f5es do Governo Federal, o futuro campus ter\u00e1 capacidade para atender mais de 1,8 mil estudantes, com oferta de cursos t\u00e9cnicos, superiores e de p\u00f3s-gradua\u00e7\u00e3o. Atualmente, aproximadamente 40% das obras j\u00e1 foram executadas.<br \/>&#13;<br \/>\n\u00a0<\/p>\n<p>Fruto do Instituto Federal de Cubat\u00e3o, onde cursou o ensino m\u00e9dio, o prefeito Kayo Amado compartilhou o sentimento de acompanhar a constru\u00e7\u00e3o do campus em sua cidade, relembrando a import\u00e2ncia da institui\u00e7\u00e3o em sua pr\u00f3pria trajet\u00f3ria. &#8220;Essa conquista me traz um sentimento mais do que especial. Foi dentro das aulas de sociologia que descobri minha voca\u00e7\u00e3o. O Instituto me ajudou a desenvolver meu pensamento cr\u00edtico e a tra\u00e7ar como objetivo a busca por transformar minha cidade&#8221;.<br \/>&#13;<br \/>\n\u00a0<\/p>\n<p>O prefeito tamb\u00e9m ressaltou o impacto da iniciativa para a regi\u00e3o. &#8220;Era um local que estava abandonado. A ideia \u00e9 promover uma reestrutura\u00e7\u00e3o de todo entorno, para que os jovens possam trilhar seus caminhos para o futuro, tendo em S\u00e3o Vicente a oportunidade que fui ter em uma cidade vizinha&#8221;.<br \/>&#13;<br \/>\n\u00a0<\/p>\n<p>A secret\u00e1ria de Planejamento e Governan\u00e7a, Talita Correa, destaca que a chegada do Instituto Federal representa um investimento estrat\u00e9gico no desenvolvimento do munic\u00edpio.<br \/>&#13;<br \/>\n&#8220;Ampliar oportunidades educacionais para os jovens \u00e9 investir diretamente no futuro da cidade. A chegada do Instituto Federal representa exatamente esse compromisso: criar caminhos concretos para que estudantes possam construir trajet\u00f3rias de vida com mais conhecimento, autonomia e amplia\u00e7\u00e3o de horizontes. Al\u00e9m disso, o Instituto Federal Campus S\u00e3o Vicente contribuir\u00e1 para a transforma\u00e7\u00e3o da matriz socioecon\u00f4mica do munic\u00edpio, ao investir na forma\u00e7\u00e3o e valoriza\u00e7\u00e3o do capital humano local&#8221;.<br \/>&#13;<br \/>\n\u00a0<\/p>\n<p>Al\u00e9m da implanta\u00e7\u00e3o do campus, o entorno tamb\u00e9m receber\u00e1 melhorias de mobilidade e requalifica\u00e7\u00e3o urbana por meio do programa S\u00e3o Vicente no Eixo. Entre as interven\u00e7\u00f5es previstas est\u00e1 a reestrutura\u00e7\u00e3o da Avenida Capit\u00e3o Luiz Ant\u00f4nio Pimenta, porta de entrada da Cidade e futura sede do Instituto Federal, que contar\u00e1 com cal\u00e7adas padronizadas nos dois lados da via, ciclovia, implanta\u00e7\u00e3o de travessias elevadas e novo paisagismo.<br \/>&#13;<br \/>\n\u00a0<\/p>\n<p>O campus contar\u00e1 com cursos organizados em tr\u00eas eixos principais: Informa\u00e7\u00e3o e Comunica\u00e7\u00e3o, Ambiente e Sa\u00fade e Gest\u00e3o e Neg\u00f3cios. A defini\u00e7\u00e3o das gradua\u00e7\u00f5es e cursos t\u00e9cnicos ser\u00e1 feita pelo Minist\u00e9rio da Educa\u00e7\u00e3o (MEC), com base em estudos sobre as demandas da regi\u00e3o.<br \/>&#13;<br \/>\n\u00a0<\/p>\n<p>Com mais de 700 unidades em todo o Brasil, os Institutos Federais s\u00e3o institui\u00e7\u00f5es p\u00fablicas de ensino vinculadas ao MEC, que oferecem forma\u00e7\u00e3o gratuita em diferentes n\u00edveis de ensino e t\u00eam como miss\u00e3o promover inclus\u00e3o social, desenvolvimento regional e forma\u00e7\u00e3o profissional qualificada.<\/p>\n<\/p><\/div>\n<p><script async defer crossorigin=\"anonymous\" src=\"https:\/\/connect.facebook.net\/pt_BR\/sdk.js#xfbml=1&#038;version=v12.0&#038;appId=&#038;autoLogAppEvents=1\" nonce=\"ou0fI1lo\"><\/script><br \/>\n<br \/><br \/>\n<br \/>Fonte: <a href=\"https:\/\/www.bs9.com.br\/litoral\/obras-do-instituto-federal-avancam-em-sao-vicente\/38324\/\">BS9<\/a><\/p>\n","protected":false},"excerpt":{"rendered":"<p>As obras para a implanta\u00e7\u00e3o do Instituto Federal em S\u00e3o Vicente seguem em andamento no pr\u00e9dio do antigo Centro de Conven\u00e7\u00f5es, localizado na Avenida Capit\u00e3o Luiz Pimenta, no Parque Bitaru. O espa\u00e7o est\u00e1 sendo preparado para receber a nova unidade de ensino, que deve ampliar as oportunidades de qualifica\u00e7\u00e3o profissional e forma\u00e7\u00e3o acad\u00eamica na Primeira [&hellip;]<\/p>\n","protected":false},"author":5,"featured_media":68035,"comment_status":"open","ping_status":"open","sticky":false,"template":"","format":"standard","meta":{"_seopress_robots_primary_cat":"","_seopress_titles_title":"","_seopress_titles_desc":"","_seopress_robots_index":"","footnotes":""},"categories":[52],"tags":[],"class_list":["post-68034","post","type-post","status-publish","format-standard","has-post-thumbnail","hentry","category-santoseregiao"],"_links":{"self":[{"href":"https:\/\/mussicom.com\/noticias\/wp-json\/wp\/v2\/posts\/68034","targetHints":{"allow":["GET"]}}],"collection":[{"href":"https:\/\/mussicom.com\/noticias\/wp-json\/wp\/v2\/posts"}],"about":[{"href":"https:\/\/mussicom.com\/noticias\/wp-json\/wp\/v2\/types\/post"}],"author":[{"embeddable":true,"href":"https:\/\/mussicom.com\/noticias\/wp-json\/wp\/v2\/users\/5"}],"replies":[{"embeddable":true,"href":"https:\/\/mussicom.com\/noticias\/wp-json\/wp\/v2\/comments?post=68034"}],"version-history":[{"count":0,"href":"https:\/\/mussicom.com\/noticias\/wp-json\/wp\/v2\/posts\/68034\/revisions"}],"wp:featuredmedia":[{"embeddable":true,"href":"https:\/\/mussicom.com\/noticias\/wp-json\/wp\/v2\/media\/68035"}],"wp:attachment":[{"href":"https:\/\/mussicom.com\/noticias\/wp-json\/wp\/v2\/media?parent=68034"}],"wp:term":[{"taxonomy":"category","embeddable":true,"href":"https:\/\/mussicom.com\/noticias\/wp-json\/wp\/v2\/categories?post=68034"},{"taxonomy":"post_tag","embeddable":true,"href":"https:\/\/mussicom.com\/noticias\/wp-json\/wp\/v2\/tags?post=68034"}],"curies":[{"name":"wp","href":"https:\/\/api.w.org\/{rel}","templated":true}]}}