{"id":67984,"date":"2026-03-18T13:01:37","date_gmt":"2026-03-18T16:01:37","guid":{"rendered":"https:\/\/mussicom.com\/a-voz-o-carisma-o-talento-e-toda-a-emocao-de-roberto-carlos-no-show-em-praia-grande-sp\/"},"modified":"2026-03-18T13:01:37","modified_gmt":"2026-03-18T16:01:37","slug":"a-voz-o-carisma-o-talento-e-toda-a-emocao-de-roberto-carlos-no-show-em-praia-grande-sp","status":"publish","type":"post","link":"https:\/\/mussicom.com\/noticias\/a-voz-o-carisma-o-talento-e-toda-a-emocao-de-roberto-carlos-no-show-em-praia-grande-sp\/","title":{"rendered":"A voz, o carisma, o talento e toda a emo\u00e7\u00e3o de Roberto Carlos no show em Praia Grande (SP)"},"content":{"rendered":"<p> <br \/>\n<\/p>\n<div id=\"texto\">\n<p>O Brasil \u00e9 celeiro de grandes compositores e cantores e Roberto Carlos \u00e9 um dos artistas mais queridos pelo p\u00fablico, n\u00e3o s\u00f3 no Brasil como na Am\u00e9rica Latina e no mundo. Com 70 \u00e1lbuns lan\u00e7ados em seu pa\u00eds tem sua carreira pautada em lan\u00e7amentos simult\u00e2neos em portugu\u00eas e espanhol desde a d\u00e9cada de 60 al\u00e9m de in\u00fameros outros sucessos em diferentes idiomas. Esse grande talento e seu p\u00fablico t\u00eam mais um encontro marcado para o\u00a0<strong>dia\u00a025 de abril (s\u00e1bado), quando Roberto Carlos se apresentar\u00e1 na Praia Grande\u00a0\u2013 SP, no\u00a0<\/strong><strong>Kart\u00f3dromo Municipal de Praia Grande<\/strong><strong>\u00a0(<\/strong><strong>Rua Jos\u00e9 Bonif\u00e1cio, s\/n &#8211; S\u00edtio do Campo, Praia Grande &#8211; SP<\/strong><strong>). Abertura das vendas on-line e f\u00edsicas no dia\u00a019 de mar\u00e7o, \u00e0s 12h.<\/strong><\/p>\n<p>\u00a0<\/p>\n<p><strong>Roberto Carlos inicia o ano de 2026 fazendo uma turn\u00ea pelo M\u00e9xico e na sequ\u00eancia retorna ao Brasil para cumprir sua agenda de shows.<\/strong><\/p>\n<p>\u00a0<\/p>\n<p>Em 2025, Roberto Carlos come\u00e7ou se apresentando no Equador, Col\u00f4mbia e Peru. O lan\u00e7amento do Al\u00e9m do Horizonte no transatl\u00e2ntico Costa Pac\u00edfica no dia 12 de mar\u00e7o foi um sucesso de p\u00fablico e cr\u00edtica, e na sequ\u00eancia Roberto Carlos seguiu em turn\u00ea pelo Brasil e exterior.<\/p>\n<p>\u00a0<\/p>\n<p>O artista, que lan\u00e7ou em 2024 o EP \u201cEu ofere\u00e7o flores\u201d, est\u00e1 em turn\u00ea com o show \u201cEu Ofere\u00e7o Flores\u201d e apresenta muitos sucessos de sua carreira.\u00a0<\/p>\n<p>\u00a0<\/p>\n<p>Em 2024 o artista se apresentou nas principais cidades dos EUA, pa\u00eds que o colocou no ranking da Global Concert Pulse, como um dos 30 artistas de maior p\u00fablico naquele pa\u00eds, ao lado de nomes como Elton John, Cher e o grupo de rock Kiss e prepara-se para turn\u00ea na Europa. Cada uma dessas conquistas \u00e9 fruto de dedica\u00e7\u00e3o e profissionalismo de sua arte.\u00a0<\/p>\n<p>\u00a0<\/p>\n<p>Compondo tanto sozinho quanto ao lado do parceiro Erasmo Carlos, Roberto Carlos consolidou um g\u00eanero musical que consegue ser elaborado e simples, refinado e objetivo, fazendo do seu estilo \u00fanico no pa\u00eds e no mundo. Roberto Carlos ao longo dos anos foi vision\u00e1rio, pioneiro, inclusivo e combativo muito antes de esses pleitos estarem hoje na pauta do dia. Tudo isso sem perder sua ess\u00eancia ou se descaracterizar, alcan\u00e7ando, a cada lan\u00e7amento, excelentes n\u00fameros de vendas e acessos no streaming, sempre lotando casas de shows, arenas e est\u00e1dios.<\/p>\n<p>\u00a0<\/p>\n<p><strong>A CARREIRA<\/strong><\/p>\n<p>Roberto Carlos nasceu em Cachoeiro de Itapemirim, no estado do Esp\u00edrito Santo, em 19 de abril de 1941 e cresceu ouvindo as grandes vozes do r\u00e1dio da \u00e9poca. Aos 9 anos, j\u00e1 se apresentava na R\u00e1dio Cachoeiro de Itapemirim (ZYL-9). Na juventude se muda para o Rio de Janeiro onde junto a turma da Tijuca, da qual faziam parte Tim Maia, Arl\u00eanio L\u00edvio, Edson Trindade, Wellington Oliveira e Jos\u00e9 Roberto &#8220;China&#8221; formam o conjunto vocal The Sputnicks. Mais tarde ao lado de Erasmo Carlos \u00e9 a vez de montar a banda The Snakes para apresenta\u00e7\u00f5es em clubes e festas. Roberto Carlos passa ent\u00e3o a deixar-se influenciar tanto pelo canto minimalista e pelo viol\u00e3o sincopado de Jo\u00e3o Gilberto, quanto pelos timbres e pelos gingados de Elvis Presley e Little Richards. Sim, s\u00e3o influ\u00eancias de estilos d\u00edspares, mas que contribu\u00edram para Roberto Carlos tornar-se o cantor e compositor \u00fanico que o Brasil conheceria a partir dos anos 1960.\u00a0<\/p>\n<p>\u00a0<\/p>\n<p>Saudado, em fins dos anos 1950, pelo apresentador Carlos Imperial no Clube do Rock como o Elvis Presley brasileiro, um jovem iniciante ganhou o p\u00fablico com sua afina\u00e7\u00e3o impec\u00e1vel e a veia roqueira. Seu nome? Roberto Carlos! Na mesma \u00e9poca, o artista era crooner na boate do Hotel Plaza, num roteiro recheado de temas bossanovistas, mas o rock reservava para ele seu lugar. Entre os anos de 1959 e 60, Roberto Carlos grava seus primeiros compactos, mas, em 1961, a can\u00e7\u00e3o \u201cLouco por voc\u00ea\u201d mostraria que aquele rapaz n\u00e3o estava de brincadeira. Na can\u00e7\u00e3o, um ch\u00e1-cha-ch\u00e1 turbinado com arranjos entre o jazz e o pop, Roberto Carlos caprichara no vocal e nas divis\u00f5es r\u00edtmicas. Algo novo surgia ali.\u00a0<\/p>\n<p>\u00a0<\/p>\n<p>Em 1963, o LP \u201cSplish splash\u201d, o coloca entre os artistas jovens mais populares daquele momento. No ano seguinte, Roberto Carlos incendiou o pa\u00eds com a provocante \u201c\u00c9 proibido fumar\u201d mostrando que sim, o fogo poderia pegar \u2013 e pegou!<\/p>\n<p>\u00a0<\/p>\n<p>Com apari\u00e7\u00f5es na TV cada vez mais frequentes, n\u00e3o demoraria para Roberto Carlos comandar um programa. Impulsionado pela explos\u00e3o dos Beatles no mundo, o programa \u201cJovem Guarda\u201d era apresentado por ele juntamente com o Tremend\u00e3o Erasmo Carlos e com a Ternurinha Wanderl\u00e9ia, sempre tendo o foco na apresenta\u00e7\u00e3o de jovens talentos ligados \u00e0quele movimento. O programa foi um sucesso e levou nomes mais conservadores da m\u00fasica a se reunirem numa passeata contra a guitarra el\u00e9trica. N\u00e3o tardou para se darem conta de que todos eles falavam a mesma l\u00edngua \u2013 a da m\u00fasica.\u00a0<\/p>\n<p>\u00a0<\/p>\n<p>Com a Jovem Guarda, que inspirou o LP lan\u00e7ado em 1965, Roberto Carlos e sua turma revolucionaram a m\u00fasica, ditaram moda, mudaram padr\u00f5es est\u00e9ticos e comportamentais, e iluminaram os tempos sombrios que come\u00e7avam a ganhar o pa\u00eds. O fim dos anos 1960 faria Roberto Carlos ampliar seus horizontes em duas dire\u00e7\u00f5es: \u00e0 carreira internacional e ao Cinema.\u00a0<\/p>\n<p>\u00a0<\/p>\n<p>Sua primeira apari\u00e7\u00e3o na Europa aconteceu no festival MIDEM (1967), realizado em Cannes, na Fran\u00e7a. No ano seguinte, ele venceu o Festival de San Remo, na It\u00e1lia, onde defendeu \u201cCanzone per te\u201d, dos Sergio &#8216;s Endrigo e Bardotti. Ao mesmo tempo, no Brasil, o filme \u201cRoberto Carlos em ritmo de aventura\u201d, de Roberto Farias, atrai multid\u00f5es aos cinemas, levando Roberto, Erasmo e Wanderleia \u00e0 retornar telona em \u201cRoberto Carlos e o diamante cor-de-rosa\u201d (1970), novamente sob a dire\u00e7\u00e3o de Farias.<\/p>\n<p>\u00a0<\/p>\n<p><strong>MUITO ROM\u00c2NTICO<\/strong><\/p>\n<p>O in\u00edcio da nova d\u00e9cada foi marcado pela estreia do primeiro grande show do artista. \u201cRoberto Carlos a 200 km por hora\u201d que permaneceu em cartaz por 3 meses no Canec\u00e3o\/Rio de Janeiro,\u00a0 o colocando entre as grandes bilheterias da \u00e9poca. Ganhando discos de ouro a cada novo lan\u00e7amento, o cantor v\u00ea seu nome despontar tamb\u00e9m na cena internacional. A diva italiana Ornella Vanoni chega ao topo das paradas europeias com L\u2019Appuntamento (Sentado a beira do Caminho) seguida nas pr\u00f3ximas d\u00e9cadas por outras regrava\u00e7\u00f5es de artistas internacionais como Julio Iglesias, Ray Conniff,\u00a0 Thalia,\u00a0 Yahir, Carlos Rivera, Tamara, Marc Anthony,\u00a0 Andrea Bocelli entre outros.<\/p>\n<p>\u00a0<\/p>\n<p>A d\u00e9cada de 1970 consolida Roberto Carlos como um grande compositor rom\u00e2ntico \u2013 e a marca de 1 milh\u00e3o de c\u00f3pias vendidas passaria a ser recorrente e isso deve a can\u00e7\u00f5es \u2013 hoje cl\u00e1ssicas \u2013 como \u201cDetalhes\u201d (1971), \u201cProposta\u201d (1973), \u201cSeu corpo\u201d (1975), \u201cCavalgada\u201d (1977), \u201cCaf\u00e9 da manh\u00e3\u201d (1978) e \u201cDesabafo\u201d (1979), entre muitas outras. O artista tamb\u00e9m se consolida como grande int\u00e9rprete, trazendo para seu repert\u00f3rio temas de nomes como Ant\u00f4nio Marcos, Isolda, Carlos Colla e Caetano Veloso.<\/p>\n<p>\u00a0<\/p>\n<p>Os anos 1970 colocam Roberto Carlos em dois novos lugares: o de titular de um programa de TV e o de formador de opini\u00e3o. Em 1974, ele grava seu primeiro especial na TV Globo, iniciando uma tradi\u00e7\u00e3o perpetuada at\u00e9 os dias de hoje, sempre com \u00f3timos n\u00fameros de audi\u00eancia.<\/p>\n<p>\u00a0<\/p>\n<p>Entre os grandes marcos desta d\u00e9cada podemos citar o encontro de Roberto Carlos com o Papa Jo\u00e3o Paulo II em sua visita ao Brasil (1997), onde cantou para 2 milh\u00f5es de pessoas no Aterro do Flamengo\/RJ. J\u00e1 em 1979 foi a vez de ter sua m\u00fasica \u201cAmigo\u201d cantada por um coral de crian\u00e7as na visita do mesmo papa ao M\u00e9xico e transmitida para v\u00e1rios pa\u00edses. Outro encontro importante se deu em 1998 quando Roberto Carlos uniu sua voz \u00e0 do tenor Luciano Pavarotti em um concerto para mais de 50 mil pessoas.<\/p>\n<p>\u00a0<\/p>\n<p>Roberto Carlos, que j\u00e1 ganhara a Am\u00e9rica Latina nos anos 1960, ganha o mundo, gravando seu primeiro \u00e1lbum em ingl\u00eas e ganhando da CBS o Globo de Cristal, conferido a artistas que atingem a marca de 5 milh\u00f5es de discos vendidos fora de seu pa\u00eds de origem.<\/p>\n<p>\u00a0<\/p>\n<p><strong>CONSAGRA\u00c7\u00c3O E RENOVA\u00c7\u00c3O<\/strong><\/p>\n<p>Com uma equipe de 110 profissionais, que inclu\u00eda uma orquestra com 42 m\u00fasicos, Roberto Carlos viaja o pa\u00eds com a turn\u00ea Emo\u00e7\u00f5es, levando seu show a 18 cidades de 14 estados do Nordeste e do Centro-Oeste do pa\u00eds.\u00a0<em>O upgrade\u00a0<\/em>na infraestrutura de suas apresenta\u00e7\u00f5es reflete o artista popular e amado pelo grande p\u00fablico, a ponto de reunir, em 1986, mais de 100 mil pessoas em quatro apresenta\u00e7\u00f5es no Maracan\u00e3zinho. No mesmo ano, chega ao palco do Radio City Music Hall, templo internacional da m\u00fasica em Nova York.\u00a0<\/p>\n<p>\u00a0<\/p>\n<p>Nos anos 1990, o artista reitera sua f\u00e9 com lan\u00e7amentos de faixas como \u201cLuz Divina\u201d, \u201cNossa Senhora\u201d, \u201cJesus Salvador\u201d e \u201cO ter\u00e7o\u201d, al\u00e9m de enaltecer diferentes tipos de belezas femininas em can\u00e7\u00f5es como \u201cMulher pequena\u201d, \u201cCoisa bonita\u201d, \u201cMulher de 40\u201d e \u201cO charme dos seus \u00f3culos\u201d.<\/p>\n<p>\u00a0<\/p>\n<p>No in\u00edcio do novo mil\u00eanio, Roberto Carlos grava seu \u201cAc\u00fastico MTV\u201d dando nova roupagem a antigos cl\u00e1ssicos. Mais adiante, em 2005, inicia um cruzeiro pela costa brasileira a bordo de um sofisticado transatl\u00e2ntico: o projeto Emo\u00e7\u00f5es em Alto Mar, onde re\u00fane amigos, admiradores e imprensa em shows intimistas e uma programa\u00e7\u00e3o diferenciada.\u00a0<\/p>\n<p>\u00a0<\/p>\n<p>As d\u00e9cadas recentes s\u00e3o de consagra\u00e7\u00e3o. Ao completar 50 anos de carreira, em 2009, Roberto Carlos realizou uma s\u00e9rie de 50 shows pelo pa\u00eds, para um p\u00fablico de mais de 700 mil pessoas, culminando numa apresenta\u00e7\u00e3o hist\u00f3rica no Maracan\u00e3, transmitida ao vivo pela TV Globo.\u00a0<\/p>\n<p>\u00a0<\/p>\n<p>O artista \u00e9 homenageado por dois projetos que reuniram grandes nomes da m\u00fasica e foram exibidos como especiais de TV, rendendo ainda registros em CD e DVD. O primeiro deles, o show \u201cElas cantam Roberto Carlos\u201d teve suas can\u00e7\u00f5es interpretadas por cantoras de diferentes estilos e gera\u00e7\u00f5es. J\u00e1 no projeto \u201cEmo\u00e7\u00f5es Sertanejas\u201d teve seu repert\u00f3rio recriado pelos mais importantes artistas e duplas do referido g\u00eanero.\u00a0<\/p>\n<p>\u00a0<\/p>\n<p>As homenagens e as comemora\u00e7\u00f5es continuam. O artista foi o enredo da Escola de Samba Beija-Flor de Nil\u00f3polis, campe\u00e3 no Carnaval de 2011, em 2014, foi homenageado por alcan\u00e7ar ao longo de sua trajet\u00f3ria, a marca de 12 milh\u00f5es de discos vendidos no M\u00e9xico e em 2015, foi homenageado como Personalidade do Ano no Grammy Latino.\u00a0<\/p>\n<p>\u00a0<\/p>\n<p>Para comemorar 50 anos de sua 1\u00aa grava\u00e7\u00e3o em espanhol lan\u00e7a o CD e DVD \u201cPrimera Fila\u201d(2015\/2016), gravado em Londres, no Est\u00fadio Abbey Road e dois anos depois lan\u00e7a seu primeiro \u00e1lbum in\u00e9dito em espanhol &#8211; ap\u00f3s 25 anos: \u201cAmor Sin L\u00edmite\u201d que traz \u201cLlegaste\u201d dueto com Jennifer Lopez que tamb\u00e9m teve sua vers\u00e3o em portugu\u00eas (Chegaste) e \u201cEsa Mujer\u201d com o cantor Alejandro Sanz. Mais pr\u00eamios internacionais acontecem, em Miami o pr\u00eamio Lo Nuestro 2019, entregue aos artistas mais talentosos da m\u00fasica latina e o \u201cPr\u00eamio A La Excel\u00eancia\u201d, tornando-se o 1\u00ba. brasileiro a ser consagrado com o t\u00edtulo. Realiza uma turn\u00ea internacional por 10 cidades dos Estados Unidos (Miami Orlando, Nova York, Boston, Washington, Chicago, Los Angeles, San Diego, Dallas e Huston), sendo visto por mais de 85 mil pessoas, o que o fez entrar para a lista da revista Global Concert Pulse entre os 30 artistas de maior p\u00fablico nos Estados Unidos.\u00a0<\/p>\n<p>\u00a0<\/p>\n<p>Ap\u00f3s os anos de pandemia onde se concentrou em trabalhar em seu est\u00fadio, retorna aos palcos em 2022 e desde ent\u00e3o realiza uma m\u00e9dia de 45 shows anuais. Em 2023 lan\u00e7a a m\u00fasica in\u00e9dita \u201cEu Ofere\u00e7o Flores\u201d, onde em forma de can\u00e7\u00e3o agradece aos f\u00e3s por todo o apoio e carinho ao longo dos anos de carreira.<br \/>&#13;<br \/>\n\u00a0<\/p>\n<p>Os anos passam, e a criatividade, o entusiasmo, a afina\u00e7\u00e3o e o carisma de Roberto Carlos seguem inabalados.\u00a0<strong>Produ\u00e7\u00e3o e realiza\u00e7\u00e3o da RC Produ\u00e7\u00f5es<\/strong>.<\/p>\n<p>\u00a0<\/p>\n<p><strong>PR\u00caMIOS RECEBIDOS<\/strong><\/p>\n<p>&#8211; Festival de San Remo (1968);<\/p>\n<p>&#8211; 03 Grammy&#8217;s sendo que:<\/p>\n<p>&#8211; 01 Grammy INTERNACIONAL em 1989 como melhor cantor;<\/p>\n<p>&#8211; 01 Grammy LATINO em 2005 como melhor \u00e1lbum de m\u00fasica rom\u00e2ntica (\u00c1lbum Pra Sempre AO VIVO &#8211; Gravado no Pacaembu);<\/p>\n<p>&#8211; 01 Grammy LATINO em 2006 como melhor \u00e1lbum de m\u00fasica rom\u00e2ntica (\u00c1lbum\u00a0 &#8220;Roberto Carlos&#8221; 2005);<\/p>\n<p>&#8211; 01 Homenagem Personalidade do Ano 2015 da Academia Latina da Grava\u00e7\u00e3o \u2013 Grammy;<\/p>\n<p>&#8211; 01 Pr\u00eamio Billboard Lifetime Achievement Award (2015);<\/p>\n<p>&#8211; Latin Music Awards 2006 com a m\u00fasica Detalhes e No Te Apartes de Mi;<\/p>\n<p>&#8211; Pr\u00eamio Antena de Ouro (1991 &#8211; concedido aos artistas que por mais tempo t\u00eam permanecido no topo do sucesso);<\/p>\n<p>&#8211; 15 Trof\u00e9us Imprensa;<\/p>\n<p>&#8211; Pr\u00eamio Sharp;<\/p>\n<p>&#8211; Pr\u00eamio Shell;<\/p>\n<p>&#8211; Pr\u00eamio Multishow de melhor cantor (2002);<\/p>\n<p>&#8211; Marcas de Confian\u00e7a da Readers Digest de melhor cantor (2005 e 2006);<\/p>\n<p>&#8211; Pr\u00eamio Tim de 2003 e 2006 para citar apenas alguns dos pr\u00eamios recebidos;<\/p>\n<p>&#8211; Pr\u00eamio United Earth Amaz\u00f4nia 2023.<\/p>\n<p>\u00a0<\/p>\n<p><strong>OS N\u00daMEROS<\/strong><\/p>\n<p>&#8211;\u00a0 Mais de 70 \u00e1lbuns lan\u00e7ados no Brasil entre \u00e1lbuns de carreira, EPs, compila\u00e7\u00f5es, colet\u00e2neas e projetos.<\/p>\n<p>&#8211; 11 DVDS: Ac\u00fastico MTV (2001); Pra Sempre Ao Vivo no Est\u00e1dio do Pacaembu (2004); Duetos 1 (2006); Em Vivo (2008); Roberto Carlos e Caetano Veloso e a M\u00fasica de Tom Jobim (2008); Elas Cantam Roberto Carlos (Divas\/2009), Emo\u00e7\u00f5es Sertanejas (2010), Roberto Carlos em Jerusal\u00e9m (2012), Duetos 2 (2014), Roberto Carlos em Las Vegas (2015), Roberto Carlos \u2013 Primera Fila (2015);<\/p>\n<p>&#8211; Uma m\u00e9dia de 10 mil pessoas por shows;<\/p>\n<p>&#8211; Mais de 100 discos lan\u00e7ados no exterior;<\/p>\n<p>&#8211; Centenas de discos de ouro, platina e diamante;<\/p>\n<p>&#8211; Mais de 150 milh\u00f5es de produtos vendidos (CDs, DVDs, Eps, Blu Rays).<\/p>\n<p>\u00a0<\/p>\n<p><strong>SERVI\u00c7O DO SHOW ROBERTO CARLOS EM PRAIA GRANDE\u00a0\u2013 SP<\/strong><\/p>\n<p><strong>Kart\u00f3dromo Municipal de Praia Grande<\/strong><strong>\u00a0(<\/strong><strong>Rua. Jos\u00e9 Bonif\u00e1cio, s\/n &#8211; S\u00edtio do Campo, Praia Grande &#8211; SP<\/strong><\/p>\n<p><strong>25\u00a0de abril (s\u00e1bado), \u00e0s 20h30\u00a0<\/strong><strong>(abertura do port\u00e3o \u00e0s 18h30)<\/strong><\/p>\n<p>\u00a0<\/p>\n<p><strong>Bilheteria oficial: LITORAL PLAZA<\/strong><\/p>\n<p>Endere\u00e7o: Av. Ayrton Senna da Silva, 1.511 &#8211; Praia Grande &#8211; S\u00e3o Paulo<\/p>\n<p>Hor\u00e1rio:\u00a0Segunda a S\u00e1bado: 10h \u00e0s 22h \/ Domingos e Feriados: 15h \u00e0s 21h<br \/>&#13;<br \/>\n<strong>\u00a0<\/strong><\/p>\n<p><strong>INFORMA\u00c7\u00d5ES ADICIONAIS:<\/strong><strong>\u00a0<\/strong><\/p>\n<p><strong>Abertura das vendas:\u00a0<\/strong><strong>on-line e f\u00edsicas no dia\u00a019 de mar\u00e7o, \u00e0s 12h<\/strong><\/p>\n<p><strong>Atrav\u00e9s:\u00a0<\/strong><strong>www.guicheweb.com\/RCPG<\/strong><\/p>\n<p><strong>SAC : (13) 99675-2582<\/strong><\/p>\n<p><strong>Visite: www.robertocarlos.com<\/strong><\/p>\n<p><strong>Classifica\u00e7\u00e3o: Livre<\/strong><\/p>\n<p><strong>O local n\u00e3o possui estacionamento<\/strong><\/p>\n<p>\u00a0<\/p>\n<p><strong>VALOR DOS INGRESSOS POR \u00c1REAS:<\/strong><\/p>\n<p>\u00a0<\/p>\n<p><strong>SETOR EMO\u00c7\u00d5ES 1\u00ba Lote<\/strong><\/p>\n<p><strong>INTEIRA R$ 1.300,00<\/strong><\/p>\n<p><strong>MEIA ENTRADA R$ 650,00<\/strong><\/p>\n<p><strong>SOCIAL R$ 660,00<\/strong><\/p>\n<p><strong>PCD R$ 650,00<\/strong><\/p>\n<p>\u00a0<\/p>\n<p><strong>SETOR AZUL 1\u00ba Lote<\/strong><\/p>\n<p><strong>INTEIRA R$ 900,00<\/strong><\/p>\n<p><strong>MEIA ENTRADA R$ 450,00<\/strong><\/p>\n<p><strong>SOCIAL R$ 460,00<\/strong><\/p>\n<p><strong>PCD R$ 450,00<\/strong><\/p>\n<p>\u00a0\u00a0<\/p>\n<p><strong>SETOR AMARELO 1\u00ba Lote<\/strong><\/p>\n<p><strong>INTEIRA R$ 600,00<\/strong><\/p>\n<p><strong>MEIA ENTRADA R$ 300,00<\/strong><\/p>\n<p><strong>SOCIAL R$ 310,00<\/strong><\/p>\n<p><strong>PCD R$ 300,00<\/strong><\/p>\n<p>\u00a0<\/p>\n<p><strong>SETOR VERDE 1\u00ba Lote<\/strong><\/p>\n<p><strong>INTEIRA R$ 500,00<\/strong><\/p>\n<p><strong>MEIA ENTRADA R$ 250,00<\/strong><\/p>\n<p><strong>SOCIAL R$ 260,00<\/strong><\/p>\n<p><strong>PCD R$ 250,00<\/strong><\/p>\n<p>\u00a0<\/p>\n<p><strong>SETOR BRANCO 1\u00ba Lote<\/strong><\/p>\n<p><strong>INTEIRA R$ 240,00<\/strong><\/p>\n<p><strong>MEIA ENTRADA R$ 120,00<\/strong><\/p>\n<p><strong>SOCIAL R$ 130,00<\/strong><\/p>\n<p><strong>PCD R$ 120,00<\/strong><\/p>\n<p>\u00a0<\/p>\n<p><strong>VENDAS ON-LINE E F\u00cdSICA:<\/strong><\/p>\n<p><strong>Abertura das vendas:\u00a0<\/strong><strong>on-line e f\u00edsicas no dia\u00a017 de mar\u00e7o ao meio dia<\/strong><\/p>\n<p><strong>Pagamentos: INTERNET \u2013 PIX, CART\u00c3O DE D\u00c9BITO ou CR\u00c9DITO:\u00a010% TAXA CONVENI\u00caNCIA COM OP\u00c7\u00c3O DE AT\u00c9 12X COM JUROS\u00a0<\/strong><strong>\u00a0 \u00a0 \u00a0 \u00a0 \u00a0 \u00a0 \u00a0 \u00a0 \u00a0 \u00a0<\/strong><\/p>\n<p><strong>BILHETERIA: CART\u00c3O DE CR\u00c9DITO\/D\u00c9BITO E DINHEIRO &#8211;\u00a0SEM TAXA COM OP\u00c7\u00c3O DE AT\u00c9 3x COM JUROS<\/strong><\/p>\n<p><strong>ATRAV\u00c9S:\u00a0<\/strong><strong>www.guicheweb.com\/RCPG<\/strong><\/p>\n<p><strong>VISITE: www.robertocarlos.com<\/strong><\/p>\n<\/p><\/div>\n<p><script async defer crossorigin=\"anonymous\" src=\"https:\/\/connect.facebook.net\/pt_BR\/sdk.js#xfbml=1&#038;version=v12.0&#038;appId=&#038;autoLogAppEvents=1\" nonce=\"ou0fI1lo\"><\/script><br \/>\n<br \/><br \/>\n<br \/>Fonte: <a href=\"https:\/\/www.bs9.com.br\/litoral\/a-voz-o-carisma-o-talento-e-toda-a-emocao-de-roberto-carlos-no-show\/38329\/\">BS9<\/a><\/p>\n","protected":false},"excerpt":{"rendered":"<p>O Brasil \u00e9 celeiro de grandes compositores e cantores e Roberto Carlos \u00e9 um dos artistas mais queridos pelo p\u00fablico, n\u00e3o s\u00f3 no Brasil como na Am\u00e9rica Latina e no mundo. Com 70 \u00e1lbuns lan\u00e7ados em seu pa\u00eds tem sua carreira pautada em lan\u00e7amentos simult\u00e2neos em portugu\u00eas e espanhol desde a d\u00e9cada de 60 al\u00e9m [&hellip;]<\/p>\n","protected":false},"author":5,"featured_media":67985,"comment_status":"open","ping_status":"open","sticky":false,"template":"","format":"standard","meta":{"_seopress_robots_primary_cat":"","_seopress_titles_title":"","_seopress_titles_desc":"","_seopress_robots_index":"","footnotes":""},"categories":[52],"tags":[],"class_list":["post-67984","post","type-post","status-publish","format-standard","has-post-thumbnail","hentry","category-santoseregiao"],"_links":{"self":[{"href":"https:\/\/mussicom.com\/noticias\/wp-json\/wp\/v2\/posts\/67984","targetHints":{"allow":["GET"]}}],"collection":[{"href":"https:\/\/mussicom.com\/noticias\/wp-json\/wp\/v2\/posts"}],"about":[{"href":"https:\/\/mussicom.com\/noticias\/wp-json\/wp\/v2\/types\/post"}],"author":[{"embeddable":true,"href":"https:\/\/mussicom.com\/noticias\/wp-json\/wp\/v2\/users\/5"}],"replies":[{"embeddable":true,"href":"https:\/\/mussicom.com\/noticias\/wp-json\/wp\/v2\/comments?post=67984"}],"version-history":[{"count":0,"href":"https:\/\/mussicom.com\/noticias\/wp-json\/wp\/v2\/posts\/67984\/revisions"}],"wp:featuredmedia":[{"embeddable":true,"href":"https:\/\/mussicom.com\/noticias\/wp-json\/wp\/v2\/media\/67985"}],"wp:attachment":[{"href":"https:\/\/mussicom.com\/noticias\/wp-json\/wp\/v2\/media?parent=67984"}],"wp:term":[{"taxonomy":"category","embeddable":true,"href":"https:\/\/mussicom.com\/noticias\/wp-json\/wp\/v2\/categories?post=67984"},{"taxonomy":"post_tag","embeddable":true,"href":"https:\/\/mussicom.com\/noticias\/wp-json\/wp\/v2\/tags?post=67984"}],"curies":[{"name":"wp","href":"https:\/\/api.w.org\/{rel}","templated":true}]}}