{"id":67963,"date":"2026-03-18T11:05:24","date_gmt":"2026-03-18T14:05:24","guid":{"rendered":"https:\/\/mussicom.com\/tcu-arquiva-denuncia-contra-stf-por-falta-de-transparencia-em-diarias-e-passagens\/"},"modified":"2026-03-18T11:05:24","modified_gmt":"2026-03-18T14:05:24","slug":"tcu-arquiva-denuncia-contra-stf-por-falta-de-transparencia-em-diarias-e-passagens","status":"publish","type":"post","link":"https:\/\/mussicom.com\/noticias\/tcu-arquiva-denuncia-contra-stf-por-falta-de-transparencia-em-diarias-e-passagens\/","title":{"rendered":"TCU arquiva den\u00fancia contra STF por falta de transpar\u00eancia em di\u00e1rias e passagens"},"content":{"rendered":"<p> <br \/>\n<\/p>\n<div id=\"tp-post-content\">\n<p class=\"postParagraph_post-paragraph__juWZN postParagraph_post-paragraph-innerHtml__Q5vwc\">O Tribunal de Contas da Uni\u00e3o (TCU) arquivou, na \u00faltima quarta-feira (11), uma den\u00fancia de falta de transpar\u00eancia na divulga\u00e7\u00e3o de informa\u00e7\u00f5es sobre gastos com di\u00e1rias e passagens dos ministros do Supremo Tribunal Federal (STF).<\/p>\n<p class=\"postParagraph_post-paragraph__juWZN postParagraph_post-paragraph-innerHtml__Q5vwc\">A decis\u00e3o foi un\u00e2nime, acompanhando o relator, ministro Walton Alencar Rodrigues. Fruto de uma den\u00fancia de agosto de 2025 do professor universit\u00e1rio Enio Viterbo Martins, o caso tramitou em sigilo. Graduado em Direito e doutor em Hist\u00f3ria, Martins solicitou, por meio da Lei de Acesso \u00e0 Informa\u00e7\u00e3o, que a Corte fornecesse os dados de viagens a um f\u00f3rum do  \u00a0Instituto de Pesquisa e Estudos Jur\u00eddicos Avan\u00e7ados (Ipeja), ocorrido em junho e julho de 2025 em Portugal. O problema \u00e9 que o portal da transpar\u00eancia parou de atualizar os dados em abril de 2025.<\/p>\n<p class=\"postParagraph_post-paragraph__juWZN postParagraph_post-paragraph-innerHtml__Q5vwc\">Apesar de n\u00e3o concordar com uma responsabiliza\u00e7\u00e3o do \u00f3rg\u00e3o, por n\u00e3o ver m\u00e1-f\u00e9 na desatualiza\u00e7\u00e3o, o TCU recomendou que o STF adote provid\u00eancias para aprimorar os mecanismos de transpar\u00eancia ativa em sua p\u00e1gina oficial. No painel que detalha os gastos com di\u00e1rias e passagens, a Corte explica que, &#8220;por raz\u00f5es de seguran\u00e7a institucional, determinadas informa\u00e7\u00f5es s\u00e3o anonimizadas&#8221;.<\/p>\n<div class=\"postViewMore_post-view-more-container___5wai\" data-mrf-recirculation=\"Post - Veja tamb\u00e9m\">\n<p class=\"gp-styles-module-size-small-afeYRa gp-styles-module-font-family2-afeYRa gp-styles-module-color-secondary-afeYRa gp-styles-module-weight-bold-afeYRa\">VEJA TAMB\u00c9M:<\/p>\n<ul class=\"postViewMore_post-view-more-list__CU_CE\">\n<li class=\"postViewMore_post-view-more-item__2MzRb\"><span class=\"postViewMore_post-view-more-link-icon___stPC\"><svg xmlns=\"http:\/\/www.w3.org\/2000\/svg\" width=\"16\" height=\"16\" viewbox=\"0 0 16 16\"><rect width=\"16\" height=\"16\" fill=\"none\"\/><g transform=\"translate(3 3)\"><path d=\"M22.5,15l3.4,3.4-3.4,3.4\" transform=\"translate(-15.896 -11.793)\" fill=\"none\" stroke=\"#717171\" stroke-linecap=\"round\" stroke-width=\"1.4\"\/><path d=\"M6,6v4.2a2.452,2.452,0,0,0,2.5,2.4H16\" transform=\"translate(-6 -6)\" fill=\"none\" stroke=\"#717171\" stroke-linecap=\"round\" stroke-width=\"1.4\"\/><\/g><\/svg><\/span><span class=\"postViewMore_post-view-more-link-text__hO_kM\">TCU d\u00e1 15 dias para STF, STJ e TST explicarem salas VIP em aeroporto<\/span><\/li>\n<li class=\"postViewMore_post-view-more-item__2MzRb\"><span class=\"postViewMore_post-view-more-link-icon___stPC\"><svg xmlns=\"http:\/\/www.w3.org\/2000\/svg\" width=\"16\" height=\"16\" viewbox=\"0 0 16 16\"><rect width=\"16\" height=\"16\" fill=\"none\"\/><g transform=\"translate(3 3)\"><path d=\"M22.5,15l3.4,3.4-3.4,3.4\" transform=\"translate(-15.896 -11.793)\" fill=\"none\" stroke=\"#717171\" stroke-linecap=\"round\" stroke-width=\"1.4\"\/><path d=\"M6,6v4.2a2.452,2.452,0,0,0,2.5,2.4H16\" transform=\"translate(-6 -6)\" fill=\"none\" stroke=\"#717171\" stroke-linecap=\"round\" stroke-width=\"1.4\"\/><\/g><\/svg><\/span><span class=\"postViewMore_post-view-more-link-text__hO_kM\">MP pede que TCU apure abusos do STF em inqu\u00e9ritos<\/span><\/li>\n<\/ul>\n<\/div>\n<p class=\"postParagraph_post-paragraph__juWZN postParagraph_post-paragraph-innerHtml__Q5vwc\">O TCU ainda tem para analisar uma representa\u00e7\u00e3o do Minist\u00e9rio P\u00fablico que pretende avaliar &#8220;se a atua\u00e7\u00e3o de of\u00edcio do STF [&#8230;] viola o sistema de freios e contrapesos, usurpando compet\u00eancias do Minist\u00e9rio P\u00fablico e de outras institui\u00e7\u00f5es&#8221;, al\u00e9m de &#8220;analisar os impactos administrativos e financeiros decorrentes da atua\u00e7\u00e3o de of\u00edcio do STF e adotar as medidas cab\u00edveis para garantir a observ\u00e2ncia dos princ\u00edpios constitucionais e a prote\u00e7\u00e3o do interesse p\u00fablico&#8221;.<\/p>\n<p class=\"postParagraph_post-paragraph__juWZN postParagraph_post-paragraph-innerHtml__Q5vwc\">Em meio ao aumento do protagonismo da Corte de contas, impulsionado pela fiscaliza\u00e7\u00e3o da liquida\u00e7\u00e3o do Banco Master pelo Banco Central (BC), o ministro Aroldo Cedraz se aposentou. A vaga atraiu o interesse dos partidos, que j\u00e1 acumulam cinco candidatos: o deputado federal H\u00e9lio Lopes (PL-RJ), o deputado federal Odair Cunha (PT-MG), a deputada federal Adriana Ventura (Novo-SP), o deputado federal Gilson Daniel (Podemos-ES) e o deputado federal Danilo Forte (sem partido).<\/p>\n<\/div>\n<p><br \/>\n<br \/>Fonte: <a href=\"https:\/\/www.gazetadopovo.com.br\/republica\/tcu-arquiva-denuncia-contra-stf-por-falta-de-transparencia-em-diarias-e-passagens\/\">Revista Oeste<\/a><\/p>\n","protected":false},"excerpt":{"rendered":"<p>O Tribunal de Contas da Uni\u00e3o (TCU) arquivou, na \u00faltima quarta-feira (11), uma den\u00fancia de falta de transpar\u00eancia na divulga\u00e7\u00e3o de informa\u00e7\u00f5es sobre gastos com di\u00e1rias e passagens dos ministros do Supremo Tribunal Federal (STF). A decis\u00e3o foi un\u00e2nime, acompanhando o relator, ministro Walton Alencar Rodrigues. Fruto de uma den\u00fancia de agosto de 2025 do [&hellip;]<\/p>\n","protected":false},"author":5,"featured_media":67964,"comment_status":"open","ping_status":"open","sticky":false,"template":"","format":"standard","meta":{"_seopress_robots_primary_cat":"","_seopress_titles_title":"","_seopress_titles_desc":"","_seopress_robots_index":"","footnotes":""},"categories":[1],"tags":[],"class_list":["post-67963","post","type-post","status-publish","format-standard","has-post-thumbnail","hentry","category-ultimas-noticias"],"_links":{"self":[{"href":"https:\/\/mussicom.com\/noticias\/wp-json\/wp\/v2\/posts\/67963","targetHints":{"allow":["GET"]}}],"collection":[{"href":"https:\/\/mussicom.com\/noticias\/wp-json\/wp\/v2\/posts"}],"about":[{"href":"https:\/\/mussicom.com\/noticias\/wp-json\/wp\/v2\/types\/post"}],"author":[{"embeddable":true,"href":"https:\/\/mussicom.com\/noticias\/wp-json\/wp\/v2\/users\/5"}],"replies":[{"embeddable":true,"href":"https:\/\/mussicom.com\/noticias\/wp-json\/wp\/v2\/comments?post=67963"}],"version-history":[{"count":0,"href":"https:\/\/mussicom.com\/noticias\/wp-json\/wp\/v2\/posts\/67963\/revisions"}],"wp:featuredmedia":[{"embeddable":true,"href":"https:\/\/mussicom.com\/noticias\/wp-json\/wp\/v2\/media\/67964"}],"wp:attachment":[{"href":"https:\/\/mussicom.com\/noticias\/wp-json\/wp\/v2\/media?parent=67963"}],"wp:term":[{"taxonomy":"category","embeddable":true,"href":"https:\/\/mussicom.com\/noticias\/wp-json\/wp\/v2\/categories?post=67963"},{"taxonomy":"post_tag","embeddable":true,"href":"https:\/\/mussicom.com\/noticias\/wp-json\/wp\/v2\/tags?post=67963"}],"curies":[{"name":"wp","href":"https:\/\/api.w.org\/{rel}","templated":true}]}}