{"id":67925,"date":"2026-03-18T08:50:16","date_gmt":"2026-03-18T11:50:16","guid":{"rendered":"https:\/\/mussicom.com\/juiza-nega-pedido-de-gleisi-para-remover-video-de-flavio-em-resposta-a-ministra\/"},"modified":"2026-03-18T08:50:16","modified_gmt":"2026-03-18T11:50:16","slug":"juiza-nega-pedido-de-gleisi-para-remover-video-de-flavio-em-resposta-a-ministra","status":"publish","type":"post","link":"https:\/\/mussicom.com\/noticias\/juiza-nega-pedido-de-gleisi-para-remover-video-de-flavio-em-resposta-a-ministra\/","title":{"rendered":"Ju\u00edza nega pedido de Gleisi para remover v\u00eddeo de Fl\u00e1vio em resposta a ministra"},"content":{"rendered":"<p> <br \/>\n<\/p>\n<div id=\"tp-post-content\">\n<p class=\"postParagraph_post-paragraph__juWZN postParagraph_post-paragraph-innerHtml__Q5vwc\">A ju\u00edza Acacia Regina Soares de S\u00e1, da 22\u00aa Vara C\u00edvel de Bras\u00edlia, negou \u00e0 ministra das Rela\u00e7\u00f5es Institucionais, Gleisi Hoffmann, a remo\u00e7\u00e3o de um v\u00eddeo em que o senador e pr\u00e9-candidato \u00e0 Presid\u00eancia Fl\u00e1vio Bolsonaro (PL-RJ) responde a uma de suas publica\u00e7\u00f5es, que o associava ao &#8220;submundo do crime&#8221;. A decis\u00e3o \u00e9 desta ter\u00e7a-feira (17).<\/p>\n<p class=\"postParagraph_post-paragraph__juWZN postParagraph_post-paragraph-innerHtml__Q5vwc\">O v\u00eddeo de Gleisi foi publicado na \u00faltima quinta-feira (12) e associa o filho mais velho do ex-presidente Jair Bolsonaro (PL) a investigados no \u00e2mbito da Opera\u00e7\u00e3o Unha e Carne, que apura o vazamento de informa\u00e7\u00f5es da Opera\u00e7\u00e3o Zargun a membros do Comando Vermelho. De acordo com a narrativa, Fl\u00e1vio e os envolvidos estariam na mesma &#8220;rede pol\u00edtica&#8221;, com uma &#8220;teia de rela\u00e7\u00f5es que n\u00e3o pode ser ignorada&#8221;. O v\u00eddeo possui 43 mil curtidas e mais de 7 mil coment\u00e1rios.<\/p>\n<p class=\"postParagraph_post-paragraph__juWZN postParagraph_post-paragraph-innerHtml__Q5vwc\">Em resposta, Fl\u00e1vio divulgou o v\u00eddeo alvo desta a\u00e7\u00e3o, nesta segunda-feira (16). Nele, Gleisi aparece em imagens associadas a caveiras e \u00e9 acusada de inverter a realidade. O crime organizado, nesta vers\u00e3o, \u00e9 associado ao pr\u00f3prio PT. \u00c9 citada a fala do presidente Lula (PT) de que &#8220;os traficantes s\u00e3o v\u00edtimas dos usu\u00e1rios&#8221; e argumenta que &#8220;\u00e9 n\u00edtido que o crime tem um lado&#8221;, ao citar sinaliza\u00e7\u00f5es de investigados de apoio \u00e0 legenda. O v\u00eddeo, intitulado &#8220;quem realmente protege o crime&#8221;, atingiu 153 mil curtidas e mais de 5,6 mil coment\u00e1rios.<\/p>\n<div class=\"postViewMore_post-view-more-container___5wai\" data-mrf-recirculation=\"Post - Veja tamb\u00e9m\">\n<p class=\"gp-styles-module-size-small-afeYRa gp-styles-module-font-family2-afeYRa gp-styles-module-color-secondary-afeYRa gp-styles-module-weight-bold-afeYRa\">VEJA TAMB\u00c9M:<\/p>\n<ul class=\"postViewMore_post-view-more-list__CU_CE\">\n<li class=\"postViewMore_post-view-more-item__2MzRb\"><span class=\"postViewMore_post-view-more-link-icon___stPC\"><svg xmlns=\"http:\/\/www.w3.org\/2000\/svg\" width=\"16\" height=\"16\" viewbox=\"0 0 16 16\"><rect width=\"16\" height=\"16\" fill=\"none\"\/><g transform=\"translate(3 3)\"><path d=\"M22.5,15l3.4,3.4-3.4,3.4\" transform=\"translate(-15.896 -11.793)\" fill=\"none\" stroke=\"#717171\" stroke-linecap=\"round\" stroke-width=\"1.4\"\/><path d=\"M6,6v4.2a2.452,2.452,0,0,0,2.5,2.4H16\" transform=\"translate(-6 -6)\" fill=\"none\" stroke=\"#717171\" stroke-linecap=\"round\" stroke-width=\"1.4\"\/><\/g><\/svg><\/span><span class=\"postViewMore_post-view-more-link-text__hO_kM\">Gleisi associa Fl\u00e1vio Bolsonaro ao crime organizado ap\u00f3s avan\u00e7o em pesquisas eleitorais<\/span><\/li>\n<li class=\"postViewMore_post-view-more-item__2MzRb\"><span class=\"postViewMore_post-view-more-link-icon___stPC\"><svg xmlns=\"http:\/\/www.w3.org\/2000\/svg\" width=\"16\" height=\"16\" viewbox=\"0 0 16 16\"><rect width=\"16\" height=\"16\" fill=\"none\"\/><g transform=\"translate(3 3)\"><path d=\"M22.5,15l3.4,3.4-3.4,3.4\" transform=\"translate(-15.896 -11.793)\" fill=\"none\" stroke=\"#717171\" stroke-linecap=\"round\" stroke-width=\"1.4\"\/><path d=\"M6,6v4.2a2.452,2.452,0,0,0,2.5,2.4H16\" transform=\"translate(-6 -6)\" fill=\"none\" stroke=\"#717171\" stroke-linecap=\"round\" stroke-width=\"1.4\"\/><\/g><\/svg><\/span><span class=\"postViewMore_post-view-more-link-text__hO_kM\">Lula reverte a l\u00f3gica do narcotr\u00e1fico: \u201ctraficantes s\u00e3o v\u00edtimas dos usu\u00e1rios tamb\u00e9m\u201d<\/span><\/li>\n<\/ul>\n<\/div>\n<div class=\"postImage_post-content-image__2CJdu\"><picture class=\"imageDefault_image-container__XGd8_\"><source type=\"image\/webp\" srcset=\"https:\/\/media.gazetadopovo.com.br\/2026\/03\/18082144\/ASPA-GRANDE-52-960x540.jpg.webp 960w, https:\/\/media.gazetadopovo.com.br\/2026\/03\/18082144\/ASPA-GRANDE-52-660x372.jpg.webp 660w, https:\/\/media.gazetadopovo.com.br\/2026\/03\/18082144\/ASPA-GRANDE-52-540x304.jpg.webp 540w, https:\/\/media.gazetadopovo.com.br\/2026\/03\/18082144\/ASPA-GRANDE-52-380x214.jpg.webp 380w, https:\/\/media.gazetadopovo.com.br\/2026\/03\/18082144\/ASPA-GRANDE-52-720x720.jpg.webp 720w, https:\/\/media.gazetadopovo.com.br\/2026\/03\/18082144\/ASPA-GRANDE-52-540x540.jpg.webp 540w, https:\/\/media.gazetadopovo.com.br\/2026\/03\/18082144\/ASPA-GRANDE-52-372x372.jpg.webp 372w, https:\/\/media.gazetadopovo.com.br\/2026\/03\/18082144\/ASPA-GRANDE-52-214x214.jpg.webp 214w, https:\/\/media.gazetadopovo.com.br\/2026\/03\/18082144\/ASPA-GRANDE-52.jpg.webp 1280w\" sizes=\"(max-width: 767px) 328px, 638px\"\/><source type=\"image\/jpeg\" srcset=\"https:\/\/media.gazetadopovo.com.br\/2026\/03\/18082144\/ASPA-GRANDE-52-960x540.jpg.webp 960w, https:\/\/media.gazetadopovo.com.br\/2026\/03\/18082144\/ASPA-GRANDE-52-660x372.jpg.webp 660w, https:\/\/media.gazetadopovo.com.br\/2026\/03\/18082144\/ASPA-GRANDE-52-540x304.jpg.webp 540w, https:\/\/media.gazetadopovo.com.br\/2026\/03\/18082144\/ASPA-GRANDE-52-380x214.jpg.webp 380w, https:\/\/media.gazetadopovo.com.br\/2026\/03\/18082144\/ASPA-GRANDE-52-720x720.jpg.webp 720w, https:\/\/media.gazetadopovo.com.br\/2026\/03\/18082144\/ASPA-GRANDE-52-540x540.jpg.webp 540w, https:\/\/media.gazetadopovo.com.br\/2026\/03\/18082144\/ASPA-GRANDE-52-372x372.jpg.webp 372w, https:\/\/media.gazetadopovo.com.br\/2026\/03\/18082144\/ASPA-GRANDE-52-214x214.jpg.webp 214w, https:\/\/media.gazetadopovo.com.br\/2026\/03\/18082144\/ASPA-GRANDE-52.jpg.webp 1280w\" sizes=\"(max-width: 767px) 328px, 638px\"\/><\/picture><i class=\"postImage_post-image-caption__yoE82\">V\u00eddeos trocam acusa\u00e7\u00f5es de envolvimento entre pol\u00edtica e crime. Gleisi levou caso \u00e0 Justi\u00e7a. <!-- --> <!-- -->(Foto: Reprodu\u00e7\u00e3o\/Instagram\/Gleisi Hoffmann; Reprodu\u00e7\u00e3o\/Instagram\/Fl\u00e1vio Bolsonaro)<\/i><\/div>\n<p class=\"postParagraph_post-paragraph__juWZN postParagraph_post-paragraph-innerHtml__Q5vwc\">Na decis\u00e3o, a magistrada n\u00e3o cita o conte\u00fado de Gleisi. Ela ressalta que o v\u00eddeo de Fl\u00e1vio possui, em sua maioria, trechos de mat\u00e9rias jornal\u00edsticas e que as cr\u00edticas, embora n\u00e3o possuam &#8220;urbanidade ou formalidade, apresentando imagens desagrad\u00e1veis e express\u00f5es de impacto&#8221;, est\u00e3o protegidas pela liberdade de express\u00e3o.<\/p>\n<p class=\"postParagraph_post-paragraph__juWZN postParagraph_post-paragraph-innerHtml__Q5vwc\">&#8220;Os fatos s\u00e3o circunscritos a agentes pol\u00edticos com vida p\u00fablica, dizendo com posi\u00e7\u00f5es ideol\u00f3gicas antag\u00f4nicas, sendo certo que o direito de cr\u00edtica \u00e9 evidentemente mais amplo quando se trata de agentes no exerc\u00edcio de mandato eletivo ou cargos p\u00fablicos&#8221;, conclui.<\/p>\n<p class=\"postParagraph_post-paragraph__juWZN postParagraph_post-paragraph-innerHtml__Q5vwc\">A decis\u00e3o ainda sinaliza que poderia ser concedido o direito de resposta, caso Gleisi tivesse solicitado.<\/p>\n<\/div>\n<p><script async src=\"\/\/www.instagram.com\/embed.js\"><\/script><br \/>\n<br \/><br \/>\n<br \/>Fonte: <a href=\"https:\/\/www.gazetadopovo.com.br\/republica\/juiza-nega-pedido-de-gleisi-para-remover-video-de-flavio-em-resposta-a-ministra\/\">Revista Oeste<\/a><\/p>\n","protected":false},"excerpt":{"rendered":"<p>A ju\u00edza Acacia Regina Soares de S\u00e1, da 22\u00aa Vara C\u00edvel de Bras\u00edlia, negou \u00e0 ministra das Rela\u00e7\u00f5es Institucionais, Gleisi Hoffmann, a remo\u00e7\u00e3o de um v\u00eddeo em que o senador e pr\u00e9-candidato \u00e0 Presid\u00eancia Fl\u00e1vio Bolsonaro (PL-RJ) responde a uma de suas publica\u00e7\u00f5es, que o associava ao &#8220;submundo do crime&#8221;. A decis\u00e3o \u00e9 desta ter\u00e7a-feira [&hellip;]<\/p>\n","protected":false},"author":5,"featured_media":67926,"comment_status":"open","ping_status":"open","sticky":false,"template":"","format":"standard","meta":{"_seopress_robots_primary_cat":"","_seopress_titles_title":"","_seopress_titles_desc":"","_seopress_robots_index":"","footnotes":""},"categories":[1],"tags":[],"class_list":["post-67925","post","type-post","status-publish","format-standard","has-post-thumbnail","hentry","category-ultimas-noticias"],"_links":{"self":[{"href":"https:\/\/mussicom.com\/noticias\/wp-json\/wp\/v2\/posts\/67925","targetHints":{"allow":["GET"]}}],"collection":[{"href":"https:\/\/mussicom.com\/noticias\/wp-json\/wp\/v2\/posts"}],"about":[{"href":"https:\/\/mussicom.com\/noticias\/wp-json\/wp\/v2\/types\/post"}],"author":[{"embeddable":true,"href":"https:\/\/mussicom.com\/noticias\/wp-json\/wp\/v2\/users\/5"}],"replies":[{"embeddable":true,"href":"https:\/\/mussicom.com\/noticias\/wp-json\/wp\/v2\/comments?post=67925"}],"version-history":[{"count":0,"href":"https:\/\/mussicom.com\/noticias\/wp-json\/wp\/v2\/posts\/67925\/revisions"}],"wp:featuredmedia":[{"embeddable":true,"href":"https:\/\/mussicom.com\/noticias\/wp-json\/wp\/v2\/media\/67926"}],"wp:attachment":[{"href":"https:\/\/mussicom.com\/noticias\/wp-json\/wp\/v2\/media?parent=67925"}],"wp:term":[{"taxonomy":"category","embeddable":true,"href":"https:\/\/mussicom.com\/noticias\/wp-json\/wp\/v2\/categories?post=67925"},{"taxonomy":"post_tag","embeddable":true,"href":"https:\/\/mussicom.com\/noticias\/wp-json\/wp\/v2\/tags?post=67925"}],"curies":[{"name":"wp","href":"https:\/\/api.w.org\/{rel}","templated":true}]}}