{"id":67910,"date":"2026-03-18T06:59:49","date_gmt":"2026-03-18T09:59:49","guid":{"rendered":"https:\/\/mussicom.com\/emprestados-do-santos-luisao-e-campeao-do-goiano-e-chermont-da-assistencia-no-brasileiro\/"},"modified":"2026-03-18T06:59:49","modified_gmt":"2026-03-18T09:59:49","slug":"emprestados-do-santos-luisao-e-campeao-do-goiano-e-chermont-da-assistencia-no-brasileiro","status":"publish","type":"post","link":"https:\/\/mussicom.com\/noticias\/emprestados-do-santos-luisao-e-campeao-do-goiano-e-chermont-da-assistencia-no-brasileiro\/","title":{"rendered":"Emprestados do Santos: Luis\u00e3o \u00e9 campe\u00e3o do Goiano e Chermont d\u00e1 assist\u00eancia no Brasileiro"},"content":{"rendered":"<p> <br \/>\n<\/p>\n<div id=\"post-180769\">\n<div class=\"post-content\">\n<div id=\"attachment_180770\" style=\"width: 1053px\" class=\"wp-caption aligncenter\"><img alt=\"\" fetchpriority=\"high\" fetchpriority=\"high\" decoding=\"async\" aria-describedby=\"caption-attachment-180770\" class=\" wp-image-180770\" src=\"https:\/\/www.diariodopeixe.com.br\/wp-content\/uploads\/2026\/03\/IMG_1017-271x300.jpeg\" alt=\"\" width=\"1043\" height=\"1155\" srcset=\"https:\/\/www.diariodopeixe.com.br\/wp-content\/uploads\/2026\/03\/IMG_1017-200x221.jpeg 200w, https:\/\/www.diariodopeixe.com.br\/wp-content\/uploads\/2026\/03\/IMG_1017-271x300.jpeg 271w, https:\/\/www.diariodopeixe.com.br\/wp-content\/uploads\/2026\/03\/IMG_1017-400x443.jpeg 400w, https:\/\/www.diariodopeixe.com.br\/wp-content\/uploads\/2026\/03\/IMG_1017-600x664.jpeg 600w, https:\/\/www.diariodopeixe.com.br\/wp-content\/uploads\/2026\/03\/IMG_1017-768x850.jpeg 768w, https:\/\/www.diariodopeixe.com.br\/wp-content\/uploads\/2026\/03\/IMG_1017-800x885.jpeg 800w, https:\/\/www.diariodopeixe.com.br\/wp-content\/uploads\/2026\/03\/IMG_1017.jpeg 828w\" sizes=\"(max-width: 1043px) 100vw, 1043px\"\/><\/p>\n<p id=\"caption-attachment-180770\" class=\"wp-caption-text\">Luis\u00e3o foi campe\u00e3o do Goiano (Cr\u00e9dito: Reprodu\u00e7\u00e3o)<\/p>\n<\/div>\n<p>O\u00a0Santos possui 16 jogadores emprestados, mas s\u00f3 cinco atuaram no fim de semana. Foram titulares: Luis\u00e3o, Chermont, Patrick, Andrey e Caballero. J\u00e1 Tiquinho entrou. Enzo Monteiro ficou no banco. Jo\u00e3o Fernandes, Hyan e Brahimi n\u00e3o foram relacionados. Hayner, Kevyson, Nathan e Bernardo ainda podem atuar nesta semana. Felipe Laurindo aguarda a disputa da S\u00e9rie D. Alexis Duarte segue se recuperando de LCA.<\/p>\n<p><strong>Veja o desempenho dos emprestados do Santos:<\/strong><\/p>\n<ul>\n<li>Andrey foi titular na derrota do Confian\u00e7a para o Sergipe por 1 a 0, no Sergipano.<\/li>\n<li>Luis\u00e3o foi titular no empate do Goi\u00e1s com o Atl\u00e9tico-MG sem gols, no Goiano.<\/li>\n<li>Chermont foi titular e deu assist\u00eancia na vit\u00f3ria do Coritiba sobre o Remo por 1 a 0, que teve Patrick titular, no Brasileiro.<\/li>\n<li>Caballero foi titular na derrota do Portsmount para o Derby County por 1 a 0, na Championship.<\/li>\n<li>Tiquinho entrou na derrota do Mirassol para o Palmeiras por 1 a 0, no Brasileiro.<\/li>\n<\/ul>\n<p><strong>Veja os emprestados do Santos:<\/strong><\/p>\n<p><em>Goleiro (1)<\/em><\/p>\n<ul>\n<li>Jo\u00e3o Fernandes no Confian\u00e7a-SE at\u00e9 fim do ano | Contrato com Santos at\u00e9 fim de 2028: <b><i>N\u00e3o foi relacionado<\/i><\/b><\/li>\n<\/ul>\n<p>Zagueiros (2)<\/p>\n<ul>\n<li>Luis\u00e3o no Goi\u00e1s at\u00e9 o fim do ano | Contrato com Santos at\u00e9 fim de 2028: <b><i>Titular<\/i><\/b><\/li>\n<li>Alexis Duarte no Libertad at\u00e9 o fim do ano | Contrato com Santos at\u00e9 junho de 2029: <b><i>Se recuperando de LCA<\/i><\/b><\/li>\n<\/ul>\n<p><em>Laterais (4)<\/em><\/p>\n<ul>\n<li>Hayner no Vila Nova at\u00e9 o fim do ano | Contrato com Santos at\u00e9 fim do ano: <b><i>Tem jogo pela Copa do Brasil nesta quarta (18)<\/i><\/b><\/li>\n<li>Kevyson na Ponte Preta at\u00e9 fim do ano | Contrato com Santos at\u00e9 fim de 2027: <b><i>Tem jogo pela Copa do Brasil nesta quarta (18)<\/i><\/b><\/li>\n<li>Nathan no Juventude at\u00e9 o fim do ano | Contrato com Santos at\u00e9 fim do ano: <b><i>Tem jogo pela Copa do Brasil nesta quinta (19)<\/i><\/b><\/li>\n<li>Chermont ao Coritiba at\u00e9 o fim do ano |\u00a0 Contrato com Santos at\u00e9 fim 2027: <b><i>Titular e assist\u00eancia<\/i><\/b><\/li>\n<\/ul>\n<p><em>Meio-campistas (3)<\/em><\/p>\n<ul>\n<li>Hyan no Ava\u00ed at\u00e9 fim do ano | Contrato com Santos at\u00e9 fim de 2027: <b><i>N\u00e3o foi relacionado\u00a0<\/i><\/b><\/li>\n<li>Patrick ao Remo at\u00e9 o fim do ano | Contrato com Santos at\u00e9 fim do ano: <b><i>Titular e saiu aos 32min do 2T<\/i><\/b><\/li>\n<li>Bernardo ao Amazonas at\u00e9 o fim ano | Contrato com Santos at\u00e9 o fim de 2027: <b><i>Tem jogo pelo Amazonense no s\u00e1bado (21)<\/i><\/b><\/li>\n<\/ul>\n<p><em>Atacantes (6)<\/em><\/p>\n<ul>\n<li>Enzo Monteiro ao Chungbuk Cheongju at\u00e9 fim do ano | Contrato com Santos at\u00e9 fim de 2027: <b><i>Banco<\/i><\/b><\/li>\n<li>Caballero ao Portsmouth at\u00e9 metade do ano | Contrato com Santos at\u00e9 julho de 2027: <b><i>Titular<\/i><\/b><\/li>\n<li>Billal Brahimi ao Estrela Amadora at\u00e9 metade do ano | Contrato com Santos at\u00e9 fim do ano: <b><i>N\u00e3o foi relacionado<\/i><\/b><\/li>\n<li>Andrey Quintino ao Confian\u00e7a-SE at\u00e9 o fim do ano | Contrato com Santos at\u00e9 fim do ano: <b><i>Titular e saiu no intervalo<\/i><\/b><\/li>\n<li>Tiquinho ao Mirassol at\u00e9 o fim do ano | Contrato com Santos at\u00e9 fim 2027: <b><i>Entrou no intervalo<\/i><\/b><\/li>\n<li>Felipe Laurindo ao Cianorte at\u00e9 fim do ano | Contrato com o Santos at\u00e9 30 de novembro: <b><i>Aguarda a disputa da S\u00e9rie D<\/i><\/b><\/li>\n<\/ul><\/div>\n<div class=\"fusion-sharing-box fusion-theme-sharing-box fusion-single-sharing-box\">\n<h4>Compartilhe essa not\u00edcia, escolha a sua rede!<\/h4>\n<\/p><\/div>\n<p>\t\t<!-- #respond -->\n\t\t\t\t\t\t\t\t\t\t\t\t\t\t<\/div>\n<p><br \/>\n<br \/>Fonte: <a href=\"https:\/\/www.diariodopeixe.com.br\/noticias\/emprestados-do-santos-luisao-e-campeao-do-goiano-e-chermont-da-assistencia-no-brasileiro\/\">Di\u00e1rio do Peixe<\/a><\/p>\n","protected":false},"excerpt":{"rendered":"<p>Luis\u00e3o foi campe\u00e3o do Goiano (Cr\u00e9dito: Reprodu\u00e7\u00e3o) O\u00a0Santos possui 16 jogadores emprestados, mas s\u00f3 cinco atuaram no fim de semana. Foram titulares: Luis\u00e3o, Chermont, Patrick, Andrey e Caballero. J\u00e1 Tiquinho entrou. Enzo Monteiro ficou no banco. Jo\u00e3o Fernandes, Hyan e Brahimi n\u00e3o foram relacionados. Hayner, Kevyson, Nathan e Bernardo ainda podem atuar nesta semana. Felipe [&hellip;]<\/p>\n","protected":false},"author":5,"featured_media":67911,"comment_status":"open","ping_status":"open","sticky":false,"template":"","format":"standard","meta":{"_seopress_robots_primary_cat":"","_seopress_titles_title":"","_seopress_titles_desc":"","_seopress_robots_index":"","footnotes":""},"categories":[55],"tags":[],"class_list":["post-67910","post","type-post","status-publish","format-standard","has-post-thumbnail","hentry","category-santos-fc"],"_links":{"self":[{"href":"https:\/\/mussicom.com\/noticias\/wp-json\/wp\/v2\/posts\/67910","targetHints":{"allow":["GET"]}}],"collection":[{"href":"https:\/\/mussicom.com\/noticias\/wp-json\/wp\/v2\/posts"}],"about":[{"href":"https:\/\/mussicom.com\/noticias\/wp-json\/wp\/v2\/types\/post"}],"author":[{"embeddable":true,"href":"https:\/\/mussicom.com\/noticias\/wp-json\/wp\/v2\/users\/5"}],"replies":[{"embeddable":true,"href":"https:\/\/mussicom.com\/noticias\/wp-json\/wp\/v2\/comments?post=67910"}],"version-history":[{"count":0,"href":"https:\/\/mussicom.com\/noticias\/wp-json\/wp\/v2\/posts\/67910\/revisions"}],"wp:featuredmedia":[{"embeddable":true,"href":"https:\/\/mussicom.com\/noticias\/wp-json\/wp\/v2\/media\/67911"}],"wp:attachment":[{"href":"https:\/\/mussicom.com\/noticias\/wp-json\/wp\/v2\/media?parent=67910"}],"wp:term":[{"taxonomy":"category","embeddable":true,"href":"https:\/\/mussicom.com\/noticias\/wp-json\/wp\/v2\/categories?post=67910"},{"taxonomy":"post_tag","embeddable":true,"href":"https:\/\/mussicom.com\/noticias\/wp-json\/wp\/v2\/tags?post=67910"}],"curies":[{"name":"wp","href":"https:\/\/api.w.org\/{rel}","templated":true}]}}