{"id":6785,"date":"2025-03-19T03:14:32","date_gmt":"2025-03-19T06:14:32","guid":{"rendered":"https:\/\/www.mussicom.com\/eduardo-bolsonaro-mostra-o-estado-de-excecao-no-brasil\/"},"modified":"2025-03-19T03:14:32","modified_gmt":"2025-03-19T06:14:32","slug":"eduardo-bolsonaro-mostra-o-estado-de-excecao-no-brasil","status":"publish","type":"post","link":"https:\/\/mussicom.com\/noticias\/eduardo-bolsonaro-mostra-o-estado-de-excecao-no-brasil\/","title":{"rendered":"&#8216;Eduardo Bolsonaro mostra o estado de exce\u00e7\u00e3o no Brasil\u2019"},"content":{"rendered":"<p> <br \/>\n<\/p>\n<div id=\"hd80s9wa1h892edh8192\">\n<p>O l\u00edder da oposi\u00e7\u00e3o na C\u00e2mara, Luciano Zucco (PL-RS), discursou na tribuna da Casa em defesa do deputado Eduardo Bolsonaro (PL-SP). O filho do ex-presidente Jair Bolsonaro confirmou que vai se licenciar do mandato por um per\u00edodo em um comunicado publicado nas redes sociais nesta ter\u00e7a-feira, 18.<\/p>\n<blockquote class=\"wp-block-quote is-layout-flow wp-block-quote-is-layout-flow\">\n<p>\u201cO deputado Eduardo Bolsonaro n\u00e3o est\u00e1 apenas tomando uma decis\u00e3o pessoal\u201d, disse Zucco. \u201cEle est\u00e1 assumindo uma miss\u00e3o hist\u00f3rica: levar ao mundo a verdade sobre o estado de exce\u00e7\u00e3o imposto no Brasil, onde a direita tem sido perseguida e tratada com desmedida parcialidade. Seu trabalho no exterior ser\u00e1 fundamental para denunciar os abusos e garantir que os valores democr\u00e1ticos sejam preservados.\u201d<\/p>\n<\/blockquote>\n<p>Zucco afirmou que o pa\u00eds vive \u201ctempos sombrios\u201d, sobretudo sob a atua\u00e7\u00e3o do ministro Alexandre de Moraes, do Supremo Tribunal Federal (STF): \u201cTem reiteradamente ignorado os princ\u00edpios constitucionais e at\u00e9 mesmo as orienta\u00e7\u00f5es da Procuradoria-Geral da Rep\u00fablica\u201d.<\/p>\n<p><strong>+ Leia mais not\u00edcias de Pol\u00edtica em Oeste<\/strong><\/p>\n<p>\u201cO ativismo judicial tem ultrapassado os limites do aceit\u00e1vel, impondo uma instabilidade institucional que amea\u00e7a n\u00e3o apenas um deputado, mas a liberdade de todos aqueles que ousam divergir do pensamento \u00fanico imposto por aqueles que deveriam garantir a justi\u00e7a imparcial\u201d, analisou.<\/p>\n<p>O parlamentar disse ter causado \u201cgrande estranheza\u201d o procurador-geral da Rep\u00fablica, Paulo Gonet, se manifestar contra a a\u00e7\u00e3o do PT que pediu a apreens\u00e3o do passaporte de Eduardo Bolsonaro depois de o deputado ter informado \u201csua inten\u00e7\u00e3o de permanecer nos Estados Unidos\u201d.<\/p>\n<p>\u201cEssa coincid\u00eancia refor\u00e7a ainda mais as suspeitas de que h\u00e1 um movimento coordenado para intimidar e perseguir aqueles que defendem ideias conservadoras e se op\u00f5em ao atual estado de coisas no Brasil\u201d, analisou.\u00a0<\/p>\n<figure class=\"wp-block-image aligncenter size-full\"><picture><source data-srcset=\"https:\/\/medias.revistaoeste.com\/wp-content\/uploads\/2025\/03\/Bolsoanro-scaled.jpg.webp 2560w, https:\/\/medias.revistaoeste.com\/wp-content\/uploads\/2025\/03\/Bolsoanro-300x200.jpg.webp 300w, https:\/\/medias.revistaoeste.com\/wp-content\/uploads\/2025\/03\/Bolsoanro-150x100.jpg.webp 150w\" data-sizes=\"(max-width: 2560px) 100vw, 2560px\" type=\"image\/webp\"><img fetchpriority=\"high\" decoding=\"async\" width=\"2560\" height=\"1707\" src=\"https:\/\/medias.revistaoeste.com\/wp-content\/uploads\/2025\/03\/Bolsoanro-scaled.jpg\" alt=\"Em v\u00eddeo publicado nas redes sociais, Eduardo Bolsonaro disse ser v\u00edtima dos abusos do STF | Foto: Lula Marques\/Ag\u00eancia Brasil\" class=\"wp-image-1924593\" srcset=\"https:\/\/medias.revistaoeste.com\/wp-content\/uploads\/2025\/03\/Bolsoanro-scaled.jpg 2560w, https:\/\/medias.revistaoeste.com\/wp-content\/uploads\/2025\/03\/Bolsoanro-300x200.jpg 300w, https:\/\/medias.revistaoeste.com\/wp-content\/uploads\/2025\/03\/Bolsoanro-150x100.jpg 150w\" sizes=\"(max-width: 2560px) 100vw, 2560px\" data-eio=\"p\"\/><\/source><\/picture><figcaption class=\"wp-element-caption\">Em v\u00eddeo publicado nas redes sociais, Eduardo Bolsonaro disse ser v\u00edtima dos abusos do STF | Foto: Lula Marques\/Ag\u00eancia Brasil<\/figcaption><\/figure>\n<h2 class=\"wp-block-heading\"><strong>\u201cA democracia est\u00e1 em risco\u201d<\/strong><\/h2>\n<p>Ainda em seu discurso na tribuna da C\u00e2mara, Zucco destacou os casos em que o ministro Alexandre de Moraes \u201cdesconsiderou pareceres da Procuradoria-Geral da Rep\u00fablica\u201d e que, diante desse cen\u00e1rio, \u00e9 poss\u00edvel entender \u201co peso da decis\u00e3o de Eduardo Bolsonaro\u201d.<\/p>\n<p>\u201cDeixar para tr\u00e1s sua p\u00e1tria, sua fam\u00edlia, seus amigos e o conv\u00edvio com aqueles que compartilham de sua causa n\u00e3o \u00e9 algo trivial\u201d, afirmou. \u201cMas, quando a democracia est\u00e1 em risco, quando os direitos s\u00e3o violados e quando a persegui\u00e7\u00e3o se torna norma, atos de coragem s\u00e3o necess\u00e1rios.\u201d<\/p>\n<p><strong>+ Sem Eduardo Bolsonaro, PL tem novo nome para a Comiss\u00e3o de Rela\u00e7\u00f5es Exteriores<\/strong><\/p>\n<p>O l\u00edder da oposi\u00e7\u00e3o ainda destacou que o epis\u00f3dio marca um \u201cacontecimento in\u00e9dito nos tempos modernos\u201d: \u201cUm parlamentar brasileiro sendo for\u00e7ado a buscar seguran\u00e7a no exterior para poder continuar sua luta pol\u00edtica\u201d, declarou.<\/p>\n<blockquote class=\"wp-block-quote is-layout-flow wp-block-quote-is-layout-flow\">\n<p>\u201cEste epis\u00f3dio n\u00e3o pode ser tratado com indiferen\u00e7a. Ele exige uma profunda reflex\u00e3o da sociedade brasileira, o respeito ao princ\u00edpio Constitucional da separa\u00e7\u00e3o de poderes, \u00e0 Constitui\u00e7\u00e3o e a urgente necessidade de restaurar as garantias fundamentais que foram paulatinamente subtra\u00eddas dos brasileiros que defendem valores conservadores e patri\u00f3ticos\u201d, alertou.<\/p>\n<\/blockquote>\n<h2 class=\"wp-block-heading\"><strong>Leia a \u00edntegra do discurso de Zucco em defesa de Eduardo Bolsonaro:<\/strong><\/h2>\n<blockquote class=\"wp-block-quote is-layout-flow wp-block-quote-is-layout-flow\">\n<p>\u201cSenhoras e senhores parlamentares, povo brasileiro que nos acompanha pela TV C\u00e2mara. Hoje me dirijo a esta Casa e a todos voc\u00eas para falar de um momento crucial na nossa luta pela liberdade e pelo restabelecimento da verdadeira democracia no Brasil.\u201d<\/p>\n<p>\u201cA Oposi\u00e7\u00e3o na C\u00e2mara dos Deputados, mais do que apoiar a decis\u00e3o do Deputado Eduardo Bolsonaro de se licenciar do mandato para permanecer nos Estados Unidos, reconhece a import\u00e2ncia desse gesto e se solidariza com este bravo parlamentar, cuja dedica\u00e7\u00e3o \u00e0 causa da liberdade tem sido inabal\u00e1vel.\u201d<\/p>\n<p>\u201cO Deputado Eduardo Bolsonaro n\u00e3o est\u00e1 apenas tomando uma decis\u00e3o pessoal. Ele est\u00e1 assumindo uma miss\u00e3o hist\u00f3rica: levar ao mundo a verdade sobre o estado de exce\u00e7\u00e3o imposto no Brasil, onde a direita tem sido perseguida e tratada com desmedida parcialidade. Seu trabalho no exterior ser\u00e1 fundamental para denunciar os abusos e garantir que os valores democr\u00e1ticos sejam preservados.\u201d<\/p>\n<p>\u201cVivemos tempos sombrios. O Supremo Tribunal Federal, especialmente sob a condu\u00e7\u00e3o do Ministro Alexandre de Moraes, tem reiteradamente ignorado os princ\u00edpios constitucionais e at\u00e9 mesmo as orienta\u00e7\u00f5es da Procuradoria-Geral da Rep\u00fablica.\u201d<\/p>\n<p>\u201cO ativismo judicial tem ultrapassado os limites do aceit\u00e1vel, impondo uma instabilidade institucional que amea\u00e7a n\u00e3o apenas um deputado, mas a liberdade de todos aqueles que ousam divergir do pensamento \u00fanico imposto por aqueles que deveriam garantir a justi\u00e7a imparcial.\u201d<\/p>\n<p>\u201cCausa-nos grande estranheza que a decis\u00e3o da Procuradoria-Geral da Rep\u00fablica ocorra somente ap\u00f3s o Deputado Eduardo Bolsonaro manifestar sua inten\u00e7\u00e3o de permanecer nos Estados Unidos. Essa coincid\u00eancia refor\u00e7a ainda mais as suspeitas de que h\u00e1 um movimento coordenado para intimidar e perseguir aqueles que defendem ideias conservadoras e se op\u00f5em ao atual estado de coisas no Brasil.\u201d<\/p>\n<p>\u201c\u00c9 importante destacar que n\u00e3o \u00e9 a primeira vez que o Ministro Alexandre de Moraes desconsidera pareceres da PGR. Em mar\u00e7o de 2024, o ministro determinou a pris\u00e3o do deputado estadual Capit\u00e3o Assum\u00e7\u00e3o, do Esp\u00edrito Santo, por uso de redes sociais, mesmo ap\u00f3s a PGR se manifestar contra a pris\u00e3o. Outro exemplo ocorreu em setembro de 2022, quando o ministro rejeitou o pedido da PGR para anular a decis\u00e3o que autorizou buscas e quebras de sigilo de empres\u00e1rios bolsonaristas, considerando o pedido \u2018intempestivo\u2019. Mais recentemente, em setembro de 2023, a PGR emitiu um parecer favor\u00e1vel \u00e0 soltura de Cleriston Pereira da Cunha, conhecido como Clez\u00e3o, preso em decorr\u00eancia dos eventos de 8 de janeiro. Infelizmente, o ministro Alexandre de Moraes n\u00e3o analisou o pedido, e Clez\u00e3o veio a falecer na Penitenci\u00e1ria da Papuda em novembro de 2023, ap\u00f3s um mal s\u00fabito.\u201d<\/p>\n<p>\u201cDiante desse cen\u00e1rio, entendemos o peso da decis\u00e3o do Deputado Eduardo Bolsonaro. Deixar para tr\u00e1s sua p\u00e1tria, sua fam\u00edlia, seus amigos e o conv\u00edvio com aqueles que compartilham de sua causa n\u00e3o \u00e9 algo trivial. Mas, quando a democracia est\u00e1 em risco, quando os direitos s\u00e3o violados e quando a persegui\u00e7\u00e3o se torna norma, atos de coragem s\u00e3o necess\u00e1rios.\u201d<\/p>\n<p>\u201cEstamos diante de um acontecimento in\u00e9dito nos tempos modernos: um parlamentar brasileiro sendo for\u00e7ado a buscar seguran\u00e7a no exterior para poder continuar sua luta pol\u00edtica. Este epis\u00f3dio n\u00e3o pode ser tratado com indiferen\u00e7a. Ele exige uma profunda reflex\u00e3o da sociedade brasileira, o respeito ao princ\u00edpio Constitucional da separa\u00e7\u00e3o de poderes, \u00e0 Constitui\u00e7\u00e3o e a urgente necessidade de restaurar as garantias fundamentais que foram paulatinamente subtra\u00eddas dos brasileiros que defendem valores conservadores e patri\u00f3ticos.\u201d<\/p>\n<p>\u201cN\u00f3s, da Oposi\u00e7\u00e3o, reafirmamos nosso compromisso inabal\u00e1vel com a liberdade de express\u00e3o, a autonomia dos mandatos parlamentares e o respeito irrestrito \u00e0 Constitui\u00e7\u00e3o Federal. N\u00e3o nos calaremos diante de medidas arbitr\u00e1rias e autorit\u00e1rias. O Brasil precisa retomar o caminho do pleno Estado de Direito. Nossa esperan\u00e7a \u00e9 que esse momento de trevas seja superado, que os excessos sejam corrigidos e que o Deputado Eduardo Bolsonaro possa retornar, de cabe\u00e7a erguida, \u00e0 sua p\u00e1tria.\u201d<\/p>\n<p>\u201cQue Deus aben\u00e7oe o Brasil e a todos aqueles que lutam pela verdade e pela liberdade!\u201d<\/p>\n<\/blockquote><\/div>\n<p><br \/>\n<br \/>Fonte: <a href=\"https:\/\/revistaoeste.com\/politica\/zucco-sobre-eduardo-bolsonaro-mostra-ao-mundo-o-estado-de-excecao-imposto-no-brasil\/\">Ag\u00eancia Brasil<\/a><\/p>\n","protected":false},"excerpt":{"rendered":"<p>O l\u00edder da oposi\u00e7\u00e3o na C\u00e2mara, Luciano Zucco (PL-RS), discursou na tribuna da Casa em defesa do deputado Eduardo Bolsonaro (PL-SP). O filho do ex-presidente Jair Bolsonaro confirmou que vai se licenciar do mandato por um per\u00edodo em um comunicado publicado nas redes sociais nesta ter\u00e7a-feira, 18. \u201cO deputado Eduardo Bolsonaro n\u00e3o est\u00e1 apenas tomando [&hellip;]<\/p>\n","protected":false},"author":5,"featured_media":6786,"comment_status":"open","ping_status":"open","sticky":false,"template":"","format":"standard","meta":{"_seopress_robots_primary_cat":"","_seopress_titles_title":"","_seopress_titles_desc":"","_seopress_robots_index":"","footnotes":""},"categories":[47,1],"tags":[],"class_list":["post-6785","post","type-post","status-publish","format-standard","has-post-thumbnail","hentry","category-politica","category-ultimas-noticias"],"_links":{"self":[{"href":"https:\/\/mussicom.com\/noticias\/wp-json\/wp\/v2\/posts\/6785","targetHints":{"allow":["GET"]}}],"collection":[{"href":"https:\/\/mussicom.com\/noticias\/wp-json\/wp\/v2\/posts"}],"about":[{"href":"https:\/\/mussicom.com\/noticias\/wp-json\/wp\/v2\/types\/post"}],"author":[{"embeddable":true,"href":"https:\/\/mussicom.com\/noticias\/wp-json\/wp\/v2\/users\/5"}],"replies":[{"embeddable":true,"href":"https:\/\/mussicom.com\/noticias\/wp-json\/wp\/v2\/comments?post=6785"}],"version-history":[{"count":0,"href":"https:\/\/mussicom.com\/noticias\/wp-json\/wp\/v2\/posts\/6785\/revisions"}],"wp:featuredmedia":[{"embeddable":true,"href":"https:\/\/mussicom.com\/noticias\/wp-json\/wp\/v2\/media\/6786"}],"wp:attachment":[{"href":"https:\/\/mussicom.com\/noticias\/wp-json\/wp\/v2\/media?parent=6785"}],"wp:term":[{"taxonomy":"category","embeddable":true,"href":"https:\/\/mussicom.com\/noticias\/wp-json\/wp\/v2\/categories?post=6785"},{"taxonomy":"post_tag","embeddable":true,"href":"https:\/\/mussicom.com\/noticias\/wp-json\/wp\/v2\/tags?post=6785"}],"curies":[{"name":"wp","href":"https:\/\/api.w.org\/{rel}","templated":true}]}}