{"id":67807,"date":"2026-03-17T23:41:27","date_gmt":"2026-03-18T02:41:27","guid":{"rendered":"https:\/\/mussicom.com\/por-que-a-antecipacao-do-saque-aniversario-do-fgts-caiu-85\/"},"modified":"2026-03-17T23:41:27","modified_gmt":"2026-03-18T02:41:27","slug":"por-que-a-antecipacao-do-saque-aniversario-do-fgts-caiu-85","status":"publish","type":"post","link":"https:\/\/mussicom.com\/noticias\/por-que-a-antecipacao-do-saque-aniversario-do-fgts-caiu-85\/","title":{"rendered":"Por que a antecipa\u00e7\u00e3o do saque-anivers\u00e1rio do FGTS caiu 85%?"},"content":{"rendered":"<p> <br \/>\n<\/p>\n<div id=\"tp-post-content\">\n<p class=\"postParagraph_post-paragraph__juWZN postParagraph_post-paragraph-innerHtml__Q5vwc\">Novas restri\u00e7\u00f5es impostas pelo governo federal em novembro de 2023 derrubaram em 85% as opera\u00e7\u00f5es de antecipa\u00e7\u00e3o do saque-anivers\u00e1rio do FGTS no Brasil. A medida limita o acesso a uma linha de cr\u00e9dito mais barata, afetando milh\u00f5es de trabalhadores que usavam o recurso para quitar d\u00edvidas.<\/p>\n<h2 class=\"postParagraph_post-paragraph__juWZN postParagraph_post-paragraph-innerHtml__Q5vwc postParagraph_type-tag-h2__TtFkT\">O que mudou na regra de empr\u00e9stimo do saque-anivers\u00e1rio?<\/h2>\n<p class=\"postParagraph_post-paragraph__juWZN postParagraph_post-paragraph-innerHtml__Q5vwc\">O Conselho Curador do FGTS, sob articula\u00e7\u00e3o do governo, limitou o empr\u00e9stimo a apenas uma opera\u00e7\u00e3o por ano. Al\u00e9m disso, foi criada uma car\u00eancia de 90 dias para a contrata\u00e7\u00e3o e estabelecidos novos limites m\u00ednimo e m\u00e1ximo para os valores e para a quantidade de parcelas que o trabalhador pode adiantar.<\/p>\n<h2 class=\"postParagraph_post-paragraph__juWZN postParagraph_post-paragraph-innerHtml__Q5vwc postParagraph_type-tag-h2__TtFkT\">Qual \u00e9 o principal impacto para o bolso do trabalhador?<\/h2>\n<p class=\"postParagraph_post-paragraph__juWZN postParagraph_post-paragraph-innerHtml__Q5vwc\">Com a dificuldade em antecipar o saldo do FGTS, muitos trabalhadores, especialmente os de baixa renda, perdem acesso a um cr\u00e9dito com juros menores (j\u00e1 que o saldo do fundo serve como garantia real para o banco). Sem essa op\u00e7\u00e3o, muitos acabam recorrendo a outras modalidades de empr\u00e9stimo bem mais caras e com juros elevados.<\/p>\n<h2 class=\"postParagraph_post-paragraph__juWZN postParagraph_post-paragraph-innerHtml__Q5vwc postParagraph_type-tag-h2__TtFkT\">Por que o governo decidiu restringir essas opera\u00e7\u00f5es?<\/h2>\n<p class=\"postParagraph_post-paragraph__juWZN postParagraph_post-paragraph-innerHtml__Q5vwc\">O Minist\u00e9rio do Trabalho defende que o objetivo \u00e9 proteger o saldo do FGTS para casos de demiss\u00e3o e evitar o superendividamento. No entanto, cr\u00edticos e especialistas avaliam que a medida serve para refor\u00e7ar o caixa do fundo e aumentar o controle do governo sobre o uso desses recursos, retirando liquidez da economia.<\/p>\n<h2 class=\"postParagraph_post-paragraph__juWZN postParagraph_post-paragraph-innerHtml__Q5vwc postParagraph_type-tag-h2__TtFkT\">O que os dados dizem sobre o uso desse dinheiro?<\/h2>\n<p class=\"postParagraph_post-paragraph__juWZN postParagraph_post-paragraph-innerHtml__Q5vwc\">Diferente da cr\u00edtica de que o dinheiro seria usado para gastos futeis ou jogos, pesquisas mostram que a maioria dos trabalhadores utiliza esse cr\u00e9dito para pagar d\u00edvidas acumuladas. Cerca de 70% dos optantes pelo saque-anivers\u00e1rio j\u00e1 recorreram \u00e0 antecipa\u00e7\u00e3o, e a grande maioria \u00e9 contra o fim dessa modalidade.<\/p>\n<h2 class=\"postParagraph_post-paragraph__juWZN postParagraph_post-paragraph-innerHtml__Q5vwc postParagraph_type-tag-h2__TtFkT\">Existe algum movimento para reverter essas restri\u00e7\u00f5es?<\/h2>\n<p class=\"postParagraph_post-paragraph__juWZN postParagraph_post-paragraph-innerHtml__Q5vwc\">Sim. Como o governo n\u00e3o conseguiu extinguir o saque-anivers\u00e1rio via Congresso por falta de apoio, parlamentares agora tentam derrubar as novas limita\u00e7\u00f5es. Existem Projetos de Decreto Legislativo na C\u00e2mara e no Senado, de autoria de nomes como Kim Kataguiri e Jorge Seif, que buscam anular as regras impostas pelo Conselho Curador.<\/p>\n<p class=\"postParagraph_post-paragraph__juWZN postParagraph_post-paragraph-innerHtml__Q5vwc\"><i>Conte\u00fado produzido a partir de informa\u00e7\u00f5es apuradas pela equipe de rep\u00f3rteres da Gazeta do Povo. Para acessar a informa\u00e7\u00e3o na \u00edntegra e se aprofundar sobre o tema leia a reportagem abaixo.<\/i><\/p>\n<div class=\"postViewMore_post-view-more-container___5wai\" data-mrf-recirculation=\"Post - Veja tamb\u00e9m\">\n<p class=\"gp-styles-module-size-small-afeYRa gp-styles-module-font-family2-afeYRa gp-styles-module-color-secondary-afeYRa gp-styles-module-weight-bold-afeYRa\">VEJA TAMB\u00c9M:<\/p>\n<ul class=\"postViewMore_post-view-more-list__CU_CE\">\n<li class=\"postViewMore_post-view-more-item__2MzRb\"><span class=\"postViewMore_post-view-more-link-icon___stPC\"><svg xmlns=\"http:\/\/www.w3.org\/2000\/svg\" width=\"16\" height=\"16\" viewbox=\"0 0 16 16\"><rect width=\"16\" height=\"16\" fill=\"none\"\/><g transform=\"translate(3 3)\"><path d=\"M22.5,15l3.4,3.4-3.4,3.4\" transform=\"translate(-15.896 -11.793)\" fill=\"none\" stroke=\"#717171\" stroke-linecap=\"round\" stroke-width=\"1.4\"\/><path d=\"M6,6v4.2a2.452,2.452,0,0,0,2.5,2.4H16\" transform=\"translate(-6 -6)\" fill=\"none\" stroke=\"#717171\" stroke-linecap=\"round\" stroke-width=\"1.4\"\/><\/g><\/svg><\/span><span class=\"postViewMore_post-view-more-link-text__hO_kM\">Articula\u00e7\u00e3o do governo derruba antecipa\u00e7\u00e3o do saque-anivers\u00e1rio e restringe acesso a cr\u00e9dito<\/span><\/li>\n<\/ul>\n<\/div>\n<\/div>\n<p><br \/>\n<br \/>Fonte: <a href=\"https:\/\/www.gazetadopovo.com.br\/economia\/por-que-a-antecipacao-do-saque-aniversario-do-fgts-despencou-85percent\/\">Gazeta do Povo<\/a><\/p>\n","protected":false},"excerpt":{"rendered":"<p>Novas restri\u00e7\u00f5es impostas pelo governo federal em novembro de 2023 derrubaram em 85% as opera\u00e7\u00f5es de antecipa\u00e7\u00e3o do saque-anivers\u00e1rio do FGTS no Brasil. A medida limita o acesso a uma linha de cr\u00e9dito mais barata, afetando milh\u00f5es de trabalhadores que usavam o recurso para quitar d\u00edvidas. O que mudou na regra de empr\u00e9stimo do saque-anivers\u00e1rio? [&hellip;]<\/p>\n","protected":false},"author":5,"featured_media":67808,"comment_status":"open","ping_status":"open","sticky":false,"template":"","format":"standard","meta":{"_seopress_robots_primary_cat":"","_seopress_titles_title":"","_seopress_titles_desc":"","_seopress_robots_index":"","footnotes":""},"categories":[45],"tags":[],"class_list":["post-67807","post","type-post","status-publish","format-standard","has-post-thumbnail","hentry","category-economia"],"_links":{"self":[{"href":"https:\/\/mussicom.com\/noticias\/wp-json\/wp\/v2\/posts\/67807","targetHints":{"allow":["GET"]}}],"collection":[{"href":"https:\/\/mussicom.com\/noticias\/wp-json\/wp\/v2\/posts"}],"about":[{"href":"https:\/\/mussicom.com\/noticias\/wp-json\/wp\/v2\/types\/post"}],"author":[{"embeddable":true,"href":"https:\/\/mussicom.com\/noticias\/wp-json\/wp\/v2\/users\/5"}],"replies":[{"embeddable":true,"href":"https:\/\/mussicom.com\/noticias\/wp-json\/wp\/v2\/comments?post=67807"}],"version-history":[{"count":0,"href":"https:\/\/mussicom.com\/noticias\/wp-json\/wp\/v2\/posts\/67807\/revisions"}],"wp:featuredmedia":[{"embeddable":true,"href":"https:\/\/mussicom.com\/noticias\/wp-json\/wp\/v2\/media\/67808"}],"wp:attachment":[{"href":"https:\/\/mussicom.com\/noticias\/wp-json\/wp\/v2\/media?parent=67807"}],"wp:term":[{"taxonomy":"category","embeddable":true,"href":"https:\/\/mussicom.com\/noticias\/wp-json\/wp\/v2\/categories?post=67807"},{"taxonomy":"post_tag","embeddable":true,"href":"https:\/\/mussicom.com\/noticias\/wp-json\/wp\/v2\/tags?post=67807"}],"curies":[{"name":"wp","href":"https:\/\/api.w.org\/{rel}","templated":true}]}}