{"id":67745,"date":"2026-03-17T19:36:41","date_gmt":"2026-03-17T22:36:41","guid":{"rendered":"https:\/\/mussicom.com\/stf-condena-deputados-do-pl-por-corrupcao-passiva\/"},"modified":"2026-03-17T19:36:41","modified_gmt":"2026-03-17T22:36:41","slug":"stf-condena-deputados-do-pl-por-corrupcao-passiva","status":"publish","type":"post","link":"https:\/\/mussicom.com\/noticias\/stf-condena-deputados-do-pl-por-corrupcao-passiva\/","title":{"rendered":"STF condena deputados do PL por corrup\u00e7\u00e3o passiva"},"content":{"rendered":"<p> <br \/>\n<\/p>\n<div id=\"tp-post-content\">\n<p class=\"postParagraph_post-paragraph__juWZN postParagraph_post-paragraph-innerHtml__Q5vwc\">A Primeira Turma do Supremo Tribunal Federal (STF) condenou nesta ter\u00e7a-feira (17) dois deputados e um ex-deputado do Partido Liberal (PL) pelo crime de corrup\u00e7\u00e3o passiva. A decis\u00e3o foi por unanimidade.<\/p>\n<p class=\"postParagraph_post-paragraph__juWZN postParagraph_post-paragraph-innerHtml__Q5vwc\"><strong>Josimar Maranh\u00e3ozinho<\/strong> (PL-MA), que est\u00e1 licenciado, <strong>Pastor Gil <\/strong>(PL-MA) e o suplente <strong>Bosco<\/strong> <strong>Costa<\/strong> (PL-SE) foram acusados de cobrar propina para a libera\u00e7\u00e3o de emendas. Outros quatro r\u00e9us foram condenados e um foi absolvido.<\/p>\n<p class=\"postParagraph_post-paragraph__juWZN postParagraph_post-paragraph-innerHtml__Q5vwc\">A Procuradoria-Geral da Rep\u00fablica (PGR) apontou que o grupo teria exigido R$ 1,6 milh\u00e3o em propina do prefeito de S\u00e3o Jos\u00e9 do Ribamar (MA), Jos\u00e9 Eudes, para permitir o repasse de R$ 6,6 milh\u00f5es em emendas para a sa\u00fade do munic\u00edpio. Eudes denunciou o esquema.<\/p>\n<div class=\"postViewMore_post-view-more-container___5wai\" data-mrf-recirculation=\"Post - Veja tamb\u00e9m\">\n<p class=\"gp-styles-module-size-small-afeYRa gp-styles-module-font-family2-afeYRa gp-styles-module-color-secondary-afeYRa gp-styles-module-weight-bold-afeYRa\">VEJA TAMB\u00c9M:<\/p>\n<ul class=\"postViewMore_post-view-more-list__CU_CE\">\n<li class=\"postViewMore_post-view-more-item__2MzRb\"><span class=\"postViewMore_post-view-more-link-icon___stPC\"><svg xmlns=\"http:\/\/www.w3.org\/2000\/svg\" width=\"16\" height=\"16\" viewbox=\"0 0 16 16\"><rect width=\"16\" height=\"16\" fill=\"none\"\/><g transform=\"translate(3 3)\"><path d=\"M22.5,15l3.4,3.4-3.4,3.4\" transform=\"translate(-15.896 -11.793)\" fill=\"none\" stroke=\"#717171\" stroke-linecap=\"round\" stroke-width=\"1.4\"\/><path d=\"M6,6v4.2a2.452,2.452,0,0,0,2.5,2.4H16\" transform=\"translate(-6 -6)\" fill=\"none\" stroke=\"#717171\" stroke-linecap=\"round\" stroke-width=\"1.4\"\/><\/g><\/svg><\/span><span class=\"postViewMore_post-view-more-link-text__hO_kM\">Mendon\u00e7a \u00e9 sorteado para decidir sobre prorroga\u00e7\u00e3o da CPMI do INSS<\/span><\/li>\n<\/ul>\n<\/div>\n<p class=\"postParagraph_post-paragraph__juWZN postParagraph_post-paragraph-innerHtml__Q5vwc\">Na semana passada, a PGR pediu a condena\u00e7\u00e3o dos deputados por corrup\u00e7\u00e3o passiva e organiza\u00e7\u00e3o criminosa.<\/p>\n<p class=\"postParagraph_post-paragraph__juWZN postParagraph_post-paragraph-innerHtml__Q5vwc\">O ministro Cristiano Zanin, relator do caso, considerou a exist\u00eancia de provas \u201crobustas\u201d contra os acusados, contudo, rejeitou a acusa\u00e7\u00e3o de organiza\u00e7\u00e3o criminosa por falta de provas.<\/p>\n<p class=\"postParagraph_post-paragraph__juWZN postParagraph_post-paragraph-innerHtml__Q5vwc\">&#8220;Contra os tr\u00eas parlamentares, h\u00e1 robustas provas orais e documentais, produzidas ao longo da instru\u00e7\u00e3o criminal e da instru\u00e7\u00e3o processual, indicando que teriam atuado em concerta\u00e7\u00e3o il\u00edcita para solicitar ao prefeito Jos\u00e9 Eudes o pagamento de vantagem indevida&#8221;, afirmou.<\/p>\n<p class=\"postParagraph_post-paragraph__juWZN postParagraph_post-paragraph-innerHtml__Q5vwc\">Os deputados poder\u00e3o cumpir as penas em regime semiaberto. A Primeira Turma tamb\u00e9m determinou que os condenados paguem, de forma solid\u00e1ria, uma indeniza\u00e7\u00e3o no valor de R$ 1,6 milh\u00f5es para &#8220;repara\u00e7\u00e3o de danos&#8221;. Veja abaixo as penas fixadas:<\/p>\n<ul class=\"postList_post-list-container__W0E4y postList_visual-type-unordered-list__M8U7t\">\n<li class=\"postList_post-list-item__34Ck1\">Josimar Maranh\u00e3ozinho: 6 anos e 5 meses de pris\u00e3o, em regime semiaberto, e pagamento de 300 dias-multa (cada dia-multa no valor de tr\u00eas sal\u00e1rios-m\u00ednimos vigentes na \u00e9poca dos fatos);<\/li>\n<li class=\"postList_post-list-item__34Ck1\">Pastor Gil: 5 anos e 6 meses de pris\u00e3o, em regime semiaberto, e pagamento de 100 dias-multa (cada dia-multa no valor de um sal\u00e1rio-m\u00ednimo vigente na \u00e9poca dos fatos);<\/li>\n<li class=\"postList_post-list-item__34Ck1\">Bosco Costa: 5 anos de pris\u00e3o, em regime semiaberto, e pagamento de 100 dias-multa (cada dia-multa no valor de tr\u00eas sal\u00e1rios-m\u00ednimos vigentes na \u00e9poca dos fatos).<\/li>\n<\/ul>\n<p class=\"postParagraph_post-paragraph__juWZN postParagraph_post-paragraph-innerHtml__Q5vwc\">O relator afirmou que caber\u00e1 \u00e0 C\u00e2mara dos Deputados decidir sobre a perda dos mandatos de Josimar Maranh\u00e3ozinho e Pastor Gil, pois as penas poder\u00e3o ser cumpridas em regime semiaberto.<\/p>\n<p class=\"postParagraph_post-paragraph__juWZN postParagraph_post-paragraph-innerHtml__Q5vwc\">Al\u00e9m disso, os deputados e o suplente foram declarados ineleg\u00edveis. O presidente da Casa, Hugo Motta (Republicanos-PB), ser\u00e1 comunicado sobre a decis\u00e3o da Corte.<\/p>\n<h2 class=\"postParagraph_post-paragraph__juWZN postParagraph_post-paragraph-innerHtml__Q5vwc postParagraph_type-tag-h2__TtFkT\">Moraes diz que emendas eram tratadas como bens privados<\/h2>\n<p class=\"postParagraph_post-paragraph__juWZN postParagraph_post-paragraph-innerHtml__Q5vwc\">Os ministros Alexandre de Moraes, C\u00e1rmen L\u00facia e Fl\u00e1vio Dino acompanharam o entendimento de Zanin. O colegiado atua com um integrante a menos desde a transfer\u00eancia do ministro Luiz Fux para a Segunda Turma.<\/p>\n<p class=\"postParagraph_post-paragraph__juWZN postParagraph_post-paragraph-innerHtml__Q5vwc\">Para Moraes, os parlamentares agiram como se as emendas fossem bens privados. \u201cOs di\u00e1logos extra\u00eddos e os documentos apreendidos tamb\u00e9m demonstraram, inclusive, que os r\u00e9us tratavam a destina\u00e7\u00e3o dessas emendas como se fossem uma mercadoria privada\u201d, disse.<\/p>\n<h2 class=\"postParagraph_post-paragraph__juWZN postParagraph_post-paragraph-innerHtml__Q5vwc postParagraph_type-tag-h2__TtFkT\">C\u00e1rmen L\u00facia critica &#8220;marginais da Rep\u00fablica&#8221;<\/h2>\n<p class=\"postParagraph_post-paragraph__juWZN postParagraph_post-paragraph-innerHtml__Q5vwc\">C\u00e1rmen L\u00facia destacou que os recursos deveriam ser destinados \u00e0 \u00e1rea da sa\u00fade do munic\u00edpio. Citando o ministro aposentado Celso de Mello, a ministra afirmou que a sociedade n\u00e3o pode permitir \u201ca conviv\u00eancia na intimidade do Poder com marginais da Rep\u00fablica\u201d.<\/p>\n<p class=\"postParagraph_post-paragraph__juWZN postParagraph_post-paragraph-innerHtml__Q5vwc\">\u201cMostra-se intoler\u00e1vel, em face da a\u00e7\u00e3o predat\u00f3ria desses verdadeiros profanadores dos valores republicanos, transigir em torno de princ\u00edpios fundamentais que repudiam pr\u00e1ticas desonestas de poder, pois elas deformam o sentido democr\u00e1tico das institui\u00e7\u00f5es e conspurcam a exig\u00eancia de probidade inerente a um regime de governo e a uma sociedade que n\u00e3o admitem nem podem permitir a conviv\u00eancia, na intimidade do poder, com os marginais da Rep\u00fablica\u201d, disse Celso de Mello, em 2016, durante a posse de C\u00e1rmen L\u00facia como presidente do STF.<\/p>\n<h2 class=\"postParagraph_post-paragraph__juWZN postParagraph_post-paragraph-innerHtml__Q5vwc postParagraph_type-tag-h2__TtFkT\">Dino alertou para novas condena\u00e7\u00f5es: \u201cAtacadistas de emendas\u201d<\/h2>\n<p class=\"postParagraph_post-paragraph__juWZN postParagraph_post-paragraph-innerHtml__Q5vwc\">Durante o julgamento, o ministro Fl\u00e1vio Dino alertou que novas conden\u00e7\u00f5es por desvio de emendas devem ocorrer. Ele \u00e9 relator de a\u00e7\u00f5es que tratam sobre a transpar\u00eancia dos repasses.<\/p>\n<p class=\"postParagraph_post-paragraph__juWZN postParagraph_post-paragraph-innerHtml__Q5vwc\">&#8220;Infelizmente haver\u00e1 outros porque n\u00f3s temos a estas alturas dezenas de inqu\u00e9ritos e eventualmente a\u00e7\u00f5es penais em curso relativas a este mesmo tema ora tratado pela primeira vez pelo tribunal&#8221;, disse.<\/p>\n<p class=\"postParagraph_post-paragraph__juWZN postParagraph_post-paragraph-innerHtml__Q5vwc\">Dino afirmou que as indica\u00e7\u00f5es s\u00e3o dispositivos legais, mas apontou para a exist\u00eancia de \u201cverdadeiros atacadistas de emendas\u201d.<\/p>\n<p class=\"postParagraph_post-paragraph__juWZN postParagraph_post-paragraph-innerHtml__Q5vwc\">\u201cO que est\u00e1 em quest\u00e3o \u00e9 que se criaram aut\u00eanticos atacadistas de emendas. N\u00f3s temos uma rede de varejo, que foi posta tradicionalmente no Brasil, se afirmaram figuras, em v\u00e1rios estados, qui\u00e7\u00e1, em todos, de atacadistas, que ocupam uma esp\u00e9cie de topo dessa rede, em que emendas s\u00e3o compradas e vendidas\u201d, declarou.<\/p>\n<h2 class=\"postParagraph_post-paragraph__juWZN postParagraph_post-paragraph-innerHtml__Q5vwc postParagraph_type-tag-h2__TtFkT\">Defesa de deputados do PL<\/h2>\n<p class=\"postParagraph_post-paragraph__juWZN postParagraph_post-paragraph-innerHtml__Q5vwc\">As defesas dos deputados foram ouvidas pela Primeira Turma no \u00faltimo dia 10. O advogado Felipe Fernandes de Carvalho, que representa Josimar Maranh\u00e3ozinho, negou qualquer irregularidade na destina\u00e7\u00e3o de emendas.<\/p>\n<p class=\"postParagraph_post-paragraph__juWZN postParagraph_post-paragraph-innerHtml__Q5vwc\">O defensor afirmou que os recursos viriam de uma proposta apresentada pelo pr\u00f3prio munic\u00edpio ao Minist\u00e9rio da Sa\u00fade, com repasse do Fundo Nacional de Sa\u00fade diretamente ao fundo municipal, sem liga\u00e7\u00e3o com emendas.<\/p>\n<p class=\"postParagraph_post-paragraph__juWZN postParagraph_post-paragraph-innerHtml__Q5vwc\">O advogado Maur\u00edcio de Oliveira Campos Junior, que fez a defesa de Pastor Gil, tamb\u00e9m destacou que os recursos mencionados na den\u00fancia da PGR seriam transfer\u00eancias \u201cfundo a fundo\u201d, sem indica\u00e7\u00e3o de origem parlamentar.<\/p>\n<p class=\"postParagraph_post-paragraph__juWZN postParagraph_post-paragraph-innerHtml__Q5vwc\">O advogado Leandro Raca, que representou Bosco Costa, disse que a acusa\u00e7\u00e3o n\u00e3o apresentou provas de que o parlamentar teria solicitado vantagem indevida para a destina\u00e7\u00e3o de emendas.<\/p>\n<\/div>\n<p><br \/>\n<br \/>Fonte: <a href=\"https:\/\/www.gazetadopovo.com.br\/republica\/primeira-turma-do-stf-condena-deputados-do-pl-por-corrupcao-passiva\/\">Revista Oeste<\/a><\/p>\n","protected":false},"excerpt":{"rendered":"<p>A Primeira Turma do Supremo Tribunal Federal (STF) condenou nesta ter\u00e7a-feira (17) dois deputados e um ex-deputado do Partido Liberal (PL) pelo crime de corrup\u00e7\u00e3o passiva. A decis\u00e3o foi por unanimidade. Josimar Maranh\u00e3ozinho (PL-MA), que est\u00e1 licenciado, Pastor Gil (PL-MA) e o suplente Bosco Costa (PL-SE) foram acusados de cobrar propina para a libera\u00e7\u00e3o de [&hellip;]<\/p>\n","protected":false},"author":5,"featured_media":67746,"comment_status":"open","ping_status":"open","sticky":false,"template":"","format":"standard","meta":{"_seopress_robots_primary_cat":"","_seopress_titles_title":"","_seopress_titles_desc":"","_seopress_robots_index":"","footnotes":""},"categories":[1],"tags":[],"class_list":["post-67745","post","type-post","status-publish","format-standard","has-post-thumbnail","hentry","category-ultimas-noticias"],"_links":{"self":[{"href":"https:\/\/mussicom.com\/noticias\/wp-json\/wp\/v2\/posts\/67745","targetHints":{"allow":["GET"]}}],"collection":[{"href":"https:\/\/mussicom.com\/noticias\/wp-json\/wp\/v2\/posts"}],"about":[{"href":"https:\/\/mussicom.com\/noticias\/wp-json\/wp\/v2\/types\/post"}],"author":[{"embeddable":true,"href":"https:\/\/mussicom.com\/noticias\/wp-json\/wp\/v2\/users\/5"}],"replies":[{"embeddable":true,"href":"https:\/\/mussicom.com\/noticias\/wp-json\/wp\/v2\/comments?post=67745"}],"version-history":[{"count":0,"href":"https:\/\/mussicom.com\/noticias\/wp-json\/wp\/v2\/posts\/67745\/revisions"}],"wp:featuredmedia":[{"embeddable":true,"href":"https:\/\/mussicom.com\/noticias\/wp-json\/wp\/v2\/media\/67746"}],"wp:attachment":[{"href":"https:\/\/mussicom.com\/noticias\/wp-json\/wp\/v2\/media?parent=67745"}],"wp:term":[{"taxonomy":"category","embeddable":true,"href":"https:\/\/mussicom.com\/noticias\/wp-json\/wp\/v2\/categories?post=67745"},{"taxonomy":"post_tag","embeddable":true,"href":"https:\/\/mussicom.com\/noticias\/wp-json\/wp\/v2\/tags?post=67745"}],"curies":[{"name":"wp","href":"https:\/\/api.w.org\/{rel}","templated":true}]}}